{"id":59057,"date":"2024-09-16T13:53:30","date_gmt":"2024-09-16T11:53:30","guid":{"rendered":"https:\/\/www.conselharan.org\/?p=59057"},"modified":"2024-09-16T13:55:35","modified_gmt":"2024-09-16T11:55:35","slug":"la-val-daran-acull-la-primera-edicio-del-congres-de-ciberseguretat-armari-6","status":"publish","type":"post","link":"https:\/\/www.conselharan.org\/ca\/la-val-daran-acull-la-primera-edicio-del-congres-de-ciberseguretat-armari-6\/","title":{"rendered":"La Val d&#8217;Aran acull la primera edici\u00f3 del Congr\u00e9s de Ciberseguretat &#8220;Armari 6&#8221;"},"content":{"rendered":"<p><a href=\"https:\/\/www.conselharan.org\/ca\/la-val-daran-acull-la-primera-edicio-del-congres-de-ciberseguretat-armari-6\/cartel-congres-armari-6-cat\/\" rel=\"attachment wp-att-59058\"><img loading=\"lazy\" decoding=\"async\" class=\"aligncenter size-large wp-image-59058\" src=\"https:\/\/www.conselharan.org\/wp-content\/uploads\/2024\/09\/Cartel-Congres-Armari-6-CAT-1024x537.jpg\" alt=\"\" width=\"1024\" height=\"537\" srcset=\"https:\/\/www.conselharan.org\/wp-content\/uploads\/2024\/09\/Cartel-Congres-Armari-6-CAT-1024x537.jpg 1024w, https:\/\/www.conselharan.org\/wp-content\/uploads\/2024\/09\/Cartel-Congres-Armari-6-CAT-300x157.jpg 300w, https:\/\/www.conselharan.org\/wp-content\/uploads\/2024\/09\/Cartel-Congres-Armari-6-CAT-768x402.jpg 768w, https:\/\/www.conselharan.org\/wp-content\/uploads\/2024\/09\/Cartel-Congres-Armari-6-CAT.jpg 1080w\" sizes=\"(max-width: 1024px) 100vw, 1024px\" \/><\/a><\/p>\n<h3><strong>Els dies 24 i 25 d&#8217;octubre se celebrar\u00e0 a Aran el primer Congr\u00e9s de ciberseguretat amb l\u2019objectiu d\u2019oferir solucions efectives als reptes que planteja la ciberseguretat actualment.<\/strong><\/h3>\n<p>&nbsp;<\/p>\n<p>El Conselh Generau d&#8217;Aran, a trav\u00e9s de H\u00e8pic, el Centre d\u2019Innovaci\u00f3 Territorial de la Val d&#8217;Aran, organitza amb el suport de l\u2019Ag\u00e8ncia de Ciberseguretat de Catalunya, el primer <a href=\"https:\/\/www.hepic-hub.org\/ca\/congresciber\/\">Congr\u00e9s ARMARI 6 de Ciberseguretat<\/a>.<\/p>\n<p>Aquesta primera edici\u00f3 convoca a experts en la mat\u00e8ria, tant de les administracions p\u00fabliques com de grans empreses privades i PIMES, per a compartir coneixements, impulsar el debat i intercanviar experi\u00e8ncies des de diferents perspectives.<\/p>\n<p>En format de pon\u00e8ncies i taula rodona, s&#8217;exposaran diferents enfocaments sobre com protegir les organitzacions dels ciberdelinq\u00fcents, abordant tem\u00e0tiques com ara: la Intel\u00b7lig\u00e8ncia Artificial, els Centres d&#8217;Operacions de Seguretat (SOC) i l&#8217;Esquema Nacional de Seguretat (ENS). Tamb\u00e9, es presentaran les tend\u00e8ncies actuals en ciberseguretat i s&#8217;abordar\u00e0 la repercussi\u00f3 de la sostracci\u00f3 de dades des del punt de vista legal. Finalment, analitzarem com reaccionar davant d&#8217;un atac i s&#8217;exposar\u00e0 un cas pr\u00e0ctic detalladament.<\/p>\n<p>El vices\u00edndic segon i <em>conselh\u00e8r d\u2019Innovacion del Conselh Generau d\u2019Aran,<\/em> Oriol Sala, ha destacat que: \u201cAl Departament d\u2019Innovaci\u00f3 tenim un gran inter\u00e8s en la formaci\u00f3 i difusi\u00f3 de coneixement en ciberseguretat, ja que suposa un important desafiament pel que fa a la protecci\u00f3 de dades\u201d.<\/p>\n<p>Una vegada acabades les pon\u00e8ncies, es duran a terme activitats durant el cap de setmana que inclouen la presentaci\u00f3 d&#8217;un nou projecte amb tecnologia de realitat augmentada i la visita a algunes zones emblem\u00e0tiques de la Val d&#8217;Aran.<\/p>\n<p>Per a la s\u00edndica d\u2019Aran, Maria Verg\u00e9s: \u201cQue la Val d&#8217;Aran aculli congressos i jornades com aquestes \u00e9s una mostra de voluntat i capacitat del territori per a ser un referent en \u00e0rees de tanta import\u00e0ncia avui dia com ho \u00e9s la ciberseguretat\u201d, i afegia que \u201cL&#8217;objectiu d&#8217;aquest congr\u00e9s \u00e9s donar a con\u00e8ixer bones pr\u00e0ctiques i solucions als territoris de muntanya d&#8217;un problema que afecta tant les institucions com a les empreses i a la ciutadania\u201d.<\/p>\n ","protected":false},"excerpt":{"rendered":"<p>Els dies 24 i 25 d&#8217;octubre se celebrar\u00e0 a Aran el primer Congr\u00e9s de ciberseguretat amb l\u2019objectiu d\u2019oferir solucions efectives als reptes que planteja la ciberseguretat actualment. &nbsp; El Conselh Generau d&#8217;Aran, a trav\u00e9s de H\u00e8pic, el Centre d\u2019Innovaci\u00f3 Territorial de la Val d&#8217;Aran, organitza amb el suport de l\u2019Ag\u00e8ncia de Ciberseguretat de Catalunya, el&#8230;<\/p>\n","protected":false},"author":2,"featured_media":59058,"comment_status":"closed","ping_status":"closed","sticky":false,"template":"","format":"standard","meta":{"footnotes":""},"categories":[31,803,33,36],"tags":[],"_links":{"self":[{"href":"https:\/\/www.conselharan.org\/ca\/wp-json\/wp\/v2\/posts\/59057"}],"collection":[{"href":"https:\/\/www.conselharan.org\/ca\/wp-json\/wp\/v2\/posts"}],"about":[{"href":"https:\/\/www.conselharan.org\/ca\/wp-json\/wp\/v2\/types\/post"}],"author":[{"embeddable":true,"href":"https:\/\/www.conselharan.org\/ca\/wp-json\/wp\/v2\/users\/2"}],"replies":[{"embeddable":true,"href":"https:\/\/www.conselharan.org\/ca\/wp-json\/wp\/v2\/comments?post=59057"}],"version-history":[{"count":2,"href":"https:\/\/www.conselharan.org\/ca\/wp-json\/wp\/v2\/posts\/59057\/revisions"}],"predecessor-version":[{"id":59062,"href":"https:\/\/www.conselharan.org\/ca\/wp-json\/wp\/v2\/posts\/59057\/revisions\/59062"}],"wp:featuredmedia":[{"embeddable":true,"href":"https:\/\/www.conselharan.org\/ca\/wp-json\/wp\/v2\/media\/59058"}],"wp:attachment":[{"href":"https:\/\/www.conselharan.org\/ca\/wp-json\/wp\/v2\/media?parent=59057"}],"wp:term":[{"taxonomy":"category","embeddable":true,"href":"https:\/\/www.conselharan.org\/ca\/wp-json\/wp\/v2\/categories?post=59057"},{"taxonomy":"post_tag","embeddable":true,"href":"https:\/\/www.conselharan.org\/ca\/wp-json\/wp\/v2\/tags?post=59057"}],"curies":[{"name":"wp","href":"https:\/\/api.w.org\/{rel}","templated":true}]}}