{"id":59086,"date":"2024-09-17T15:10:35","date_gmt":"2024-09-17T13:10:35","guid":{"rendered":"https:\/\/www.conselharan.org\/?p=59086"},"modified":"2024-09-17T15:10:35","modified_gmt":"2024-09-17T13:10:35","slug":"el-conselh-generau-daran-obre-avui-el-periode-de-preinscripcions-per-als-cursos-daranes","status":"publish","type":"post","link":"https:\/\/www.conselharan.org\/ca\/el-conselh-generau-daran-obre-avui-el-periode-de-preinscripcions-per-als-cursos-daranes\/","title":{"rendered":"El Conselh Generau d&#8217;Aran obre avui el per\u00edode de preinscripcions per als cursos d&#8217;aran\u00e8s"},"content":{"rendered":"<p><a href=\"https:\/\/www.conselharan.org\/ca\/el-conselh-generau-daran-obre-avui-el-periode-de-preinscripcions-per-als-cursos-daranes\/corsi-daranes-20242025-1080-x-1350-px-2\/\" rel=\"attachment wp-att-59081\"><img loading=\"lazy\" decoding=\"async\" class=\"aligncenter size-large wp-image-59081\" src=\"https:\/\/www.conselharan.org\/wp-content\/uploads\/2024\/09\/CORSI-DARANES-20242025-1080-x-1350-px-819x1024.png\" alt=\"\" width=\"819\" height=\"1024\" srcset=\"https:\/\/www.conselharan.org\/wp-content\/uploads\/2024\/09\/CORSI-DARANES-20242025-1080-x-1350-px-819x1024.png 819w, https:\/\/www.conselharan.org\/wp-content\/uploads\/2024\/09\/CORSI-DARANES-20242025-1080-x-1350-px-240x300.png 240w, https:\/\/www.conselharan.org\/wp-content\/uploads\/2024\/09\/CORSI-DARANES-20242025-1080-x-1350-px-768x960.png 768w, https:\/\/www.conselharan.org\/wp-content\/uploads\/2024\/09\/CORSI-DARANES-20242025-1080-x-1350-px.png 1080w\" sizes=\"(max-width: 819px) 100vw, 819px\" \/><\/a><\/p>\n<ul>\n<li><strong>El govern d&#8217;Aran ofereix aquests cursos, adaptats a diferents nivells, horaris i en modalitat presencial i\/o\u00a0telem\u00e0tica (segons el nivell).<\/strong><\/li>\n<\/ul>\n<p>&nbsp;<\/p>\n<ul>\n<li><strong>Les preinscripcions es poden fer des d&#8217;avui en la web oficial de l&#8217;aran\u00e8s.<\/strong><\/li>\n<\/ul>\n<p>&nbsp;<\/p>\n<p>A partir d&#8217;avui i fins dilluns que ve 23 de setembre, estan obertes les preinscripcions online per als cursos d&#8217;aran\u00e8s 2024-2025 del Conselh Generau d&#8217;Aran, adaptats als seus diferents nivells.<\/p>\n<p>&#8220;Aquests cursos d&#8217;aran\u00e8s representen un instrument molt important per a mantenir viva la llengua, normalitzar-la i acostar-la a les persones que venen per primera vegada i per a totes aquelles que volen complementar els seus coneixements&#8221; afirma la s\u00edndica d&#8217;Aran, Maria Verg\u00e9s.<\/p>\n<p>Les persones interessades ja es poden inscriure, recordar que les places s\u00f3n limitades i s&#8217;assignaran per sorteig. Una vegada feta la preinscripci\u00f3 rebran un correu electr\u00f2nic (entre els dies 26 de setembre i 4 d&#8217;octubre) on s&#8217;inclour\u00e0 el n\u00famero de compte bancari per a efectuar el pagament de matr\u00edcula. Les classes s&#8217;iniciaran la setmana del 14 d&#8217;octubre.<\/p>\n<p>Els horaris, per nivell, s\u00f3n:<\/p>\n<p><strong>Nivell A1<\/strong> (presencial): els dilluns, de 18.00 a 20.00 hores.<br \/>\n(en l\u00ednia): dijous, de 18 a 20.00 hores.<\/p>\n<p><strong>Nivell A2<\/strong> (dia per decidir) de 18.00 a 20.00 hores.<\/p>\n<p><strong>Nivell B1<\/strong> (presencial): els dilluns, de 19.00 a 21.00 hores.<br \/>\n(en l\u00ednia): els dimarts, de 18.00 a 20.00 hores.<\/p>\n<p><strong>Nivell B2<\/strong> (presencial): els dimecres, de 18.00 a 20.00 hores.<br \/>\n(en l\u00ednia): els dimarts, de 18.00 a 20.00 hores.<\/p>\n<p><strong>Nivell C1<\/strong> (en l\u00ednia): els dimarts, de 18.00 a 20.00 hores.<\/p>\n<p>El preu de la matr\u00edcula \u00e9s de 52 euros; per al personal d&#8217;administraci\u00f3 \u00e9s de 26 euros, les inscripcions s\u00f3n gratu\u00eftes per als estudiants empadronats a Aran i per a les persones en situaci\u00f3 d&#8217;atur o jubilaci\u00f3. Per a totes les tarifes redu\u00efdes s&#8217;haur\u00e0 d&#8217;adjuntar un justificant.<\/p>\n<p>Els ex\u00e0mens es faran en primera convocat\u00f2ria, a Vielha i Barcelona, en els mesos de maig i juny de 2025 i en segona convocat\u00f2ria a Vielha, al setembre\u00a0de 2025. Les preinscripcions es poden en <strong><a href=\"https:\/\/aranes.conselharan.org\/corsi-daranes\/\">https:\/\/aranes.conselharan.org\/corsi-daranes\/<\/a><\/strong>.<\/p>\n<p>&nbsp;<\/p>\n<p>Vielha, 17 de setembre de 2024<\/p>\n ","protected":false},"excerpt":{"rendered":"<p>El govern d&#8217;Aran ofereix aquests cursos, adaptats a diferents nivells, horaris i en modalitat presencial i\/o\u00a0telem\u00e0tica (segons el nivell). &nbsp; Les preinscripcions es poden fer des d&#8217;avui en la web oficial de l&#8217;aran\u00e8s. &nbsp; A partir d&#8217;avui i fins dilluns que ve 23 de setembre, estan obertes les preinscripcions online per als cursos d&#8217;aran\u00e8s 2024-2025&#8230;<\/p>\n","protected":false},"author":2,"featured_media":59081,"comment_status":"closed","ping_status":"closed","sticky":false,"template":"","format":"standard","meta":{"footnotes":""},"categories":[31,791,53,133,33,36],"tags":[],"_links":{"self":[{"href":"https:\/\/www.conselharan.org\/ca\/wp-json\/wp\/v2\/posts\/59086"}],"collection":[{"href":"https:\/\/www.conselharan.org\/ca\/wp-json\/wp\/v2\/posts"}],"about":[{"href":"https:\/\/www.conselharan.org\/ca\/wp-json\/wp\/v2\/types\/post"}],"author":[{"embeddable":true,"href":"https:\/\/www.conselharan.org\/ca\/wp-json\/wp\/v2\/users\/2"}],"replies":[{"embeddable":true,"href":"https:\/\/www.conselharan.org\/ca\/wp-json\/wp\/v2\/comments?post=59086"}],"version-history":[{"count":2,"href":"https:\/\/www.conselharan.org\/ca\/wp-json\/wp\/v2\/posts\/59086\/revisions"}],"predecessor-version":[{"id":59088,"href":"https:\/\/www.conselharan.org\/ca\/wp-json\/wp\/v2\/posts\/59086\/revisions\/59088"}],"wp:featuredmedia":[{"embeddable":true,"href":"https:\/\/www.conselharan.org\/ca\/wp-json\/wp\/v2\/media\/59081"}],"wp:attachment":[{"href":"https:\/\/www.conselharan.org\/ca\/wp-json\/wp\/v2\/media?parent=59086"}],"wp:term":[{"taxonomy":"category","embeddable":true,"href":"https:\/\/www.conselharan.org\/ca\/wp-json\/wp\/v2\/categories?post=59086"},{"taxonomy":"post_tag","embeddable":true,"href":"https:\/\/www.conselharan.org\/ca\/wp-json\/wp\/v2\/tags?post=59086"}],"curies":[{"name":"wp","href":"https:\/\/api.w.org\/{rel}","templated":true}]}}