{"id":5915,"date":"2015-01-15T08:00:57","date_gmt":"2015-01-15T07:00:57","guid":{"rendered":"http:\/\/www.conselharan.org\/?p=5915"},"modified":"2015-01-14T15:08:13","modified_gmt":"2015-01-14T14:08:13","slug":"la-val-daran-acollira-aquest-cap-de-setmana-el-campionat-de-catalunya-open-2015-i-la-copa-cegva-2015-de-patinatge-artistic-sobre-gel","status":"publish","type":"post","link":"https:\/\/www.conselharan.org\/ca\/la-val-daran-acollira-aquest-cap-de-setmana-el-campionat-de-catalunya-open-2015-i-la-copa-cegva-2015-de-patinatge-artistic-sobre-gel\/","title":{"rendered":"La Val d\u2019Aran acollir\u00e0 aquest cap de setmana el Campionat de Catalunya Open 2015 i la Copa CEGVA 2015 de patinatge art\u00edstic sobre gel"},"content":{"rendered":"<p><strong>Hi participaran 30 patinadors del FC Barcelona, 25 del Club Esp\u00f2rts de G\u00e8u Val d\u2019Aran (CEGVA) i 8 del CEPAP<\/strong><\/p>\n<p><a href=\"http:\/\/www.conselharan.org\/wp-content\/uploads\/2015\/01\/CARTELL-CAMPIONAT-CATALUNYA-2015-COPA-CEGVA.jpg\"><img loading=\"lazy\" decoding=\"async\" class=\"aligncenter size-large wp-image-5910\" alt=\"CARTELL CAMPIONAT CATALUNYA 2015- COPA CEGVA\" src=\"http:\/\/www.conselharan.org\/wp-content\/uploads\/2015\/01\/CARTELL-CAMPIONAT-CATALUNYA-2015-COPA-CEGVA-723x1024.jpg\" width=\"723\" height=\"1024\" srcset=\"https:\/\/www.conselharan.org\/wp-content\/uploads\/2015\/01\/CARTELL-CAMPIONAT-CATALUNYA-2015-COPA-CEGVA-723x1024.jpg 723w, https:\/\/www.conselharan.org\/wp-content\/uploads\/2015\/01\/CARTELL-CAMPIONAT-CATALUNYA-2015-COPA-CEGVA-212x300.jpg 212w\" sizes=\"(max-width: 723px) 100vw, 723px\" \/><\/a><\/p>\n<p>El Palai de G\u00e8u de Vielha acollir\u00e0 del 16 al 18 de gener el <strong>Campionat de Catalunya Open 2015 <\/strong>i la<strong> Copa CEGVA 2015<\/strong> de patinatge art\u00edstic sobre gel, amb la participaci\u00f3 de m\u00e9s de 60 patinadors i patinadores pertanyents als clubs catalans <strong>FC Barcelona, CEGVA <\/strong>i<strong> CEPAP<\/strong>. La competici\u00f3 est\u00e0 oberta nom\u00e9s en les categories nacionals i internacionals (Debs, Basic Novice, Novice Advanced, J\u00fanior ISU, S\u00e8nior ISU i Parelles de lliure) i tancada a clubs de la FCEH i de la FAEG pel que fa a les categories Auton\u00f2miques A (Escola, Debutants, Benjam\u00ed, Alev\u00ed, Cadet i Veterans) i B (Debs A, Infantil A, J\u00fanior A i S\u00e8nior A).<\/p>\n<p>La<strong> Copa CEGVA, organitzada pel CEGVA i la FCEH<\/strong>, \u00e9s la primera prova puntuable per a la Lliga Catalana de Patinatge Art\u00edstic 2014-2015, circuit que inclou a m\u00e9s la Copa Puigcerd\u00e0, la Copa Canillo i la Copa Internacional Ciutat de Barcelona. Arrencar\u00e0 el divendres 16 de gener amb la competici\u00f3 de les categories auton\u00f2miques A i B per continuar els dies 17 i 18 amb les competicions de les nacionals i internacionals.<\/p>\n<p>Del <strong>CEGVA<\/strong> hi prendran part els esportistes de gel <strong>Naia Espa\u00f1a, Nora Ripa, Nora Olivella, Irene Aris, Claudia Capdevila, Julia Feixa, Jara Beso, Abril Pastor, Mart\u00ed Alonso, Ana Chesa, Anne Ripa, Alba Estrada, Marta Tetas, Leire Espa\u00f1a, Cleo Espa\u00f1a, Sara Monteagudo, Julien Levacher, Aina Masip, Ares Capdevila, Lucia S\u00e1nchez, Iria Espa\u00f1a, Georgina Serrallach, Griselda Serrallach, Tom\u00e1s Lloren\u00e7i i Alexandru Ilici.<\/strong><\/p>\n<p>Representant a la secci\u00f3 de patinatge sobre gel del <strong>FC Barcelona<\/strong> hi aniran Noa Barcons, Mar de Coral Moll, Annika Huestis, Meritxell Moll\u00e0, Llu\u00eds Garcia, Alba Ribera, Alexandra Martinez, Berta Guinovart, J\u00falia Rodriguez, Ingrid Amadoz, Marta Guinovart, Marc Tort, Anna Royo, Erika Riera, Fanny Maria, Martina Ruda, Martina Puiggal\u00ed, Ariadna Sibera, Jade Plancke, Marta Joly, Masha Goloubev, Ingrid Riera, Daniela Blanco, Maria Rodriguez, M\u00f3nica Carratal\u00e1, Irene Manau, Julia Ribas, Aleix Gabara i l\u2019aran\u00e8s <strong>T\u00f2n C\u00f3nsul.<\/strong><\/p>\n<p>Finalment del <strong>CEPAP<\/strong> hi participaran Giovanna Orsoni, Ona Fern\u00e1ndez, Jan Vilella, Clara Gallarda, Eric Al\u00eds, Anna Bertran, Laia Bertran i Maeva Gallarda.<\/p>\n<p><strong>HORARIS DELS PARTICIPANTS:<\/strong><\/p>\n<p><a href=\"http:\/\/www.conselharan.org\/wp-content\/uploads\/2015\/01\/Horarios-cto-Catalunya_2015.pdf\">Horarios cto Catalunya_2015<\/a><\/p>\n<p>&nbsp;<\/p>\n ","protected":false},"excerpt":{"rendered":"<p>Hi participaran 30 patinadors del FC Barcelona, 25 del Club Esp\u00f2rts de G\u00e8u Val d\u2019Aran (CEGVA) i 8 del CEPAP El Palai de G\u00e8u de Vielha acollir\u00e0 del 16 al 18 de gener el Campionat de Catalunya Open 2015 i la Copa CEGVA 2015 de patinatge art\u00edstic sobre gel, amb la participaci\u00f3 de m\u00e9s de&#8230;<\/p>\n","protected":false},"author":2,"featured_media":5910,"comment_status":"closed","ping_status":"closed","sticky":false,"template":"","format":"standard","meta":{"footnotes":""},"categories":[31,33,36],"tags":[],"_links":{"self":[{"href":"https:\/\/www.conselharan.org\/ca\/wp-json\/wp\/v2\/posts\/5915"}],"collection":[{"href":"https:\/\/www.conselharan.org\/ca\/wp-json\/wp\/v2\/posts"}],"about":[{"href":"https:\/\/www.conselharan.org\/ca\/wp-json\/wp\/v2\/types\/post"}],"author":[{"embeddable":true,"href":"https:\/\/www.conselharan.org\/ca\/wp-json\/wp\/v2\/users\/2"}],"replies":[{"embeddable":true,"href":"https:\/\/www.conselharan.org\/ca\/wp-json\/wp\/v2\/comments?post=5915"}],"version-history":[{"count":1,"href":"https:\/\/www.conselharan.org\/ca\/wp-json\/wp\/v2\/posts\/5915\/revisions"}],"predecessor-version":[{"id":5916,"href":"https:\/\/www.conselharan.org\/ca\/wp-json\/wp\/v2\/posts\/5915\/revisions\/5916"}],"wp:featuredmedia":[{"embeddable":true,"href":"https:\/\/www.conselharan.org\/ca\/wp-json\/wp\/v2\/media\/5910"}],"wp:attachment":[{"href":"https:\/\/www.conselharan.org\/ca\/wp-json\/wp\/v2\/media?parent=5915"}],"wp:term":[{"taxonomy":"category","embeddable":true,"href":"https:\/\/www.conselharan.org\/ca\/wp-json\/wp\/v2\/categories?post=5915"},{"taxonomy":"post_tag","embeddable":true,"href":"https:\/\/www.conselharan.org\/ca\/wp-json\/wp\/v2\/tags?post=5915"}],"curies":[{"name":"wp","href":"https:\/\/api.w.org\/{rel}","templated":true}]}}