{"id":59153,"date":"2024-09-26T12:30:45","date_gmt":"2024-09-26T10:30:45","guid":{"rendered":"https:\/\/www.conselharan.org\/?p=59153"},"modified":"2024-09-26T12:33:07","modified_gmt":"2024-09-26T10:33:07","slug":"aran-acull-la-primera-prova-pilot-al-sud-deuropa-amb-un-ictiocida-biodegradable-per-a-leliminacio-de-peixos-invasors-als-pirineus","status":"publish","type":"post","link":"https:\/\/www.conselharan.org\/ca\/aran-acull-la-primera-prova-pilot-al-sud-deuropa-amb-un-ictiocida-biodegradable-per-a-leliminacio-de-peixos-invasors-als-pirineus\/","title":{"rendered":"Aran acull la primera prova pilot al sud d&#8217;Europa amb un ictiocida biodegradable per a l&#8217;eliminaci\u00f3 de peixos invasors als Pirineus"},"content":{"rendered":"<p><strong><a href=\"https:\/\/www.conselharan.org\/ca\/aran-acull-la-primera-prova-pilot-al-sud-deuropa-amb-un-ictiocida-biodegradable-per-a-leliminacio-de-peixos-invasors-als-pirineus\/preparacio-actuacio-life-resque-alpyr-2\/\" rel=\"attachment wp-att-59140\"><img loading=\"lazy\" decoding=\"async\" class=\"aligncenter size-large wp-image-59140\" src=\"https:\/\/www.conselharan.org\/wp-content\/uploads\/2024\/09\/Preparacio-actuacio-LIFE-RESQUE-ALPYR-1024x768.jpeg\" alt=\"\" width=\"1024\" height=\"768\" srcset=\"https:\/\/www.conselharan.org\/wp-content\/uploads\/2024\/09\/Preparacio-actuacio-LIFE-RESQUE-ALPYR-1024x768.jpeg 1024w, https:\/\/www.conselharan.org\/wp-content\/uploads\/2024\/09\/Preparacio-actuacio-LIFE-RESQUE-ALPYR-300x225.jpeg 300w, https:\/\/www.conselharan.org\/wp-content\/uploads\/2024\/09\/Preparacio-actuacio-LIFE-RESQUE-ALPYR-768x576.jpeg 768w, https:\/\/www.conselharan.org\/wp-content\/uploads\/2024\/09\/Preparacio-actuacio-LIFE-RESQUE-ALPYR-1536x1152.jpeg 1536w, https:\/\/www.conselharan.org\/wp-content\/uploads\/2024\/09\/Preparacio-actuacio-LIFE-RESQUE-ALPYR.jpeg 2048w\" sizes=\"(max-width: 1024px) 100vw, 1024px\" \/><\/a>\u00a0<\/strong><\/p>\n<ul>\n<li><strong>El Conselh Generau d\u2019Aran participa en aquest projecte pioner de restauraci\u00f3 d\u2019h\u00e0bitats aqu\u00e0tics en l&#8217;estany de Manh\u00e8ra al circ de Colom\u00e8rs dins del programa LIFE RESQUE ALPYR<\/strong><\/li>\n<\/ul>\n<p>El projecte LIFE RESQUE ALPYR, inicia una prova pilot pionera d&#8217;eliminaci\u00f3 de peixos invasors amb un biocida biodegradable a un estany d&#8217;alta muntanya en el circ de Colom\u00e8rs, a la Val d\u2019Aran. Aquesta iniciativa forma part d\u2019una estrat\u00e8gia m\u00e9s \u00e0mplia per restaurar h\u00e0bitats aqu\u00e0tics d&#8217;alta muntanya, per convertir els estanys restaurats en reserves de biodiversitat i de corredors ecol\u00f2gics. Es tracta de la primera aplicaci\u00f3 en un estany d&#8217;alta muntanya al sud d\u2019Europa, que proporcionar\u00e0 dades importants sobre la seva efic\u00e0cia com a eina de gesti\u00f3.<\/p>\n<p>Una de les principals amenaces per a aquests espais \u00e9s la pres\u00e8ncia d\u2019esp\u00e8cies de peixos introdu\u00efts, com el ver\u00f3, que acaben amb les esp\u00e8cies aut\u00f2ctones i alteren greument l&#8217;equilibri dels ecosistemes. Per aix\u00f2, una de les accions claus del projecte \u00e9s la restauraci\u00f3 22 estanys d&#8217;alta muntanya dels Pirineus i dels Alps mitjan\u00e7ant l&#8217;eliminaci\u00f3 de peixos introdu\u00efts amb t\u00e8cniques tradicionals.<\/p>\n<p>&nbsp;<\/p>\n<p><a href=\"https:\/\/www.conselharan.org\/ca\/aran-acull-la-primera-prova-pilot-al-sud-deuropa-amb-un-ictiocida-biodegradable-per-a-leliminacio-de-peixos-invasors-als-pirineus\/peishi-invasors-colomers-1-2\/\" rel=\"attachment wp-att-59143\"><img loading=\"lazy\" decoding=\"async\" class=\"aligncenter size-large wp-image-59143\" src=\"https:\/\/www.conselharan.org\/wp-content\/uploads\/2024\/09\/Peishi-invasors-Colomers-1-768x1024.jpg\" alt=\"\" width=\"768\" height=\"1024\" srcset=\"https:\/\/www.conselharan.org\/wp-content\/uploads\/2024\/09\/Peishi-invasors-Colomers-1-768x1024.jpg 768w, https:\/\/www.conselharan.org\/wp-content\/uploads\/2024\/09\/Peishi-invasors-Colomers-1-225x300.jpg 225w, https:\/\/www.conselharan.org\/wp-content\/uploads\/2024\/09\/Peishi-invasors-Colomers-1-1152x1536.jpg 1152w, https:\/\/www.conselharan.org\/wp-content\/uploads\/2024\/09\/Peishi-invasors-Colomers-1-rotated.jpg 1512w\" sizes=\"(max-width: 768px) 100vw, 768px\" \/><\/a><\/p>\n<p>&nbsp;<\/p>\n<p><strong>Rotenona: una soluci\u00f3 innovadora<\/strong><\/p>\n<p>Les t\u00e8cniques convencionals de captura, com xarxes, trampes i pesca el\u00e8ctrica, s\u00f3n habituals en l&#8217;eliminaci\u00f3 de peixos en estanys de muntanya. Tot i aix\u00f2, les restriccions biol\u00f2giques i ambientals, com la dimensi\u00f3 de l&#8217;estany o la pres\u00e8ncia del ver\u00f3, poden limitar la seva aplicabilitat. Per aquest motiu cal explorar m\u00e8todes alternatius.<\/p>\n<p>El ver\u00f3, un petit cipr\u00ednid de r\u00e0pid creixement, alta taxa reproductora i gran capacitat d\u2019adaptaci\u00f3, pot formar poblacions denses i convertir-se en un repte per al control demogr\u00e0fic de l&#8217;esp\u00e8cie.<\/p>\n<p>En aquest context, s\u2019ha fet una prova pilot amb rotenona, un ictiocida natural biodegradable extret de les arrels de plantes de la fam\u00edlia dels Fabaceae, que s\u2019ha utilitzat tradicionalment al sud-est asi\u00e0tic i a sud- Am\u00e8rica per pescar. S&#8217;hi afegeix un producte semblant a la troca o Verbascum, una planta que s\u2019ha utilitzat hist\u00f2ricament als Pirineus per pescar en les basses dels rius.<\/p>\n<p>&nbsp;<\/p>\n<p><a href=\"https:\/\/www.conselharan.org\/ca\/aran-acull-la-primera-prova-pilot-al-sud-deuropa-amb-un-ictiocida-biodegradable-per-a-leliminacio-de-peixos-invasors-als-pirineus\/peishi-invasors-5-2\/\" rel=\"attachment wp-att-59146\"><img loading=\"lazy\" decoding=\"async\" class=\"aligncenter size-large wp-image-59146\" src=\"https:\/\/www.conselharan.org\/wp-content\/uploads\/2024\/09\/Peishi-Invasors-5-768x1024.jpg\" alt=\"\" width=\"768\" height=\"1024\" srcset=\"https:\/\/www.conselharan.org\/wp-content\/uploads\/2024\/09\/Peishi-Invasors-5-768x1024.jpg 768w, https:\/\/www.conselharan.org\/wp-content\/uploads\/2024\/09\/Peishi-Invasors-5-225x300.jpg 225w, https:\/\/www.conselharan.org\/wp-content\/uploads\/2024\/09\/Peishi-Invasors-5-1152x1536.jpg 1152w, https:\/\/www.conselharan.org\/wp-content\/uploads\/2024\/09\/Peishi-Invasors-5-rotated.jpg 1512w\" sizes=\"(max-width: 768px) 100vw, 768px\" \/><\/a><\/p>\n<p>&nbsp;<\/p>\n<p><strong>Aplicaci\u00f3 pionera als estanys d&#8217;alta muntanya dels Pirineus<\/strong><\/p>\n<p>La prova pilot s\u2019ha fet en un estany de la zona perif\u00e8rica del Parc Nacional d\u2019Aig\u00fcestortes i Estany de Sant Maurici (PNAESM), dins de la Val d\u2019Aran, situat en una localitzaci\u00f3 estrat\u00e8gica, on no hi han estanys alimentats amb grans cursos d\u2019aigua que podrien representar un risc de reaparici\u00f3 de peixos invasors un cop finalitzada la intervenci\u00f3.<\/p>\n<p>LIFE RESQUE ALPYR, \u00e9s un projecte LIFE que promou accions per la recuperaci\u00f3 d\u2019h\u00e0bitats de la flora i fauna d&#8217;alta muntanya a trav\u00e9s de la conservaci\u00f3 de diversos h\u00e0bitats i esp\u00e8cies dins d\u2019\u00e0rees protegides de la xarxa europea Natura 2000 de les regions biogeogr\u00e0fiques alpines del Pirineu i dels Alps (<a href=\"http:\/\/www.liferesquealpyr.eu\">www.liferesquealpyr.eu<\/a>).<\/p>\n<p>\u00c9s un projecte cofinan\u00e7at pel programa LIFE 2020 de la Uni\u00f3 Europea coordinat pel CEAB-CSIC, on hi pren part el govern aran\u00e8s a trav\u00e9s del departament de Miei Naturau, la Generalitat de Catalunya, la Universitat de Barcelona, el IDAEA, i altres institucions i empreses privades.<\/p>\n<p>&nbsp;<\/p>\n<p>Vielha, 26 de setembre de 2024<\/p>\n<p>&nbsp;<\/p>\n ","protected":false},"excerpt":{"rendered":"<p>\u00a0 El Conselh Generau d\u2019Aran participa en aquest projecte pioner de restauraci\u00f3 d\u2019h\u00e0bitats aqu\u00e0tics en l&#8217;estany de Manh\u00e8ra al circ de Colom\u00e8rs dins del programa LIFE RESQUE ALPYR El projecte LIFE RESQUE ALPYR, inicia una prova pilot pionera d&#8217;eliminaci\u00f3 de peixos invasors amb un biocida biodegradable a un estany d&#8217;alta muntanya en el circ de&#8230;<\/p>\n","protected":false},"author":2,"featured_media":59140,"comment_status":"closed","ping_status":"closed","sticky":false,"template":"","format":"standard","meta":{"footnotes":""},"categories":[31,53,33,36],"tags":[],"_links":{"self":[{"href":"https:\/\/www.conselharan.org\/ca\/wp-json\/wp\/v2\/posts\/59153"}],"collection":[{"href":"https:\/\/www.conselharan.org\/ca\/wp-json\/wp\/v2\/posts"}],"about":[{"href":"https:\/\/www.conselharan.org\/ca\/wp-json\/wp\/v2\/types\/post"}],"author":[{"embeddable":true,"href":"https:\/\/www.conselharan.org\/ca\/wp-json\/wp\/v2\/users\/2"}],"replies":[{"embeddable":true,"href":"https:\/\/www.conselharan.org\/ca\/wp-json\/wp\/v2\/comments?post=59153"}],"version-history":[{"count":2,"href":"https:\/\/www.conselharan.org\/ca\/wp-json\/wp\/v2\/posts\/59153\/revisions"}],"predecessor-version":[{"id":59155,"href":"https:\/\/www.conselharan.org\/ca\/wp-json\/wp\/v2\/posts\/59153\/revisions\/59155"}],"wp:featuredmedia":[{"embeddable":true,"href":"https:\/\/www.conselharan.org\/ca\/wp-json\/wp\/v2\/media\/59140"}],"wp:attachment":[{"href":"https:\/\/www.conselharan.org\/ca\/wp-json\/wp\/v2\/media?parent=59153"}],"wp:term":[{"taxonomy":"category","embeddable":true,"href":"https:\/\/www.conselharan.org\/ca\/wp-json\/wp\/v2\/categories?post=59153"},{"taxonomy":"post_tag","embeddable":true,"href":"https:\/\/www.conselharan.org\/ca\/wp-json\/wp\/v2\/tags?post=59153"}],"curies":[{"name":"wp","href":"https:\/\/api.w.org\/{rel}","templated":true}]}}