{"id":59164,"date":"2024-09-26T15:30:58","date_gmt":"2024-09-26T13:30:58","guid":{"rendered":"https:\/\/www.conselharan.org\/?p=59164"},"modified":"2024-09-26T17:47:49","modified_gmt":"2024-09-26T15:47:49","slug":"la-sindica-daran-inicia-un-torn-de-reunions-amb-els-alcaldes-i-els-presidents-de-lemd-daran","status":"publish","type":"post","link":"https:\/\/www.conselharan.org\/ca\/la-sindica-daran-inicia-un-torn-de-reunions-amb-els-alcaldes-i-els-presidents-de-lemd-daran\/","title":{"rendered":"La s\u00edndica d&#8217;Aran inicia un torn de reunions amb els alcaldes i els presidents de l&#8217;EMD d&#8217;Aran"},"content":{"rendered":"<p><a href=\"https:\/\/www.conselharan.org\/ca\/la-sindica-daran-inicia-un-torn-de-reunions-amb-els-alcaldes-i-els-presidents-de-lemd-daran\/whatsapp-image-2024-09-26-at-14-18-14-2\/\" rel=\"attachment wp-att-59161\"><img loading=\"lazy\" decoding=\"async\" class=\"aligncenter size-large wp-image-59161\" src=\"https:\/\/www.conselharan.org\/wp-content\/uploads\/2024\/09\/WhatsApp-Image-2024-09-26-at-14.18.14-1024x768.jpeg\" alt=\"\" width=\"1024\" height=\"768\" srcset=\"https:\/\/www.conselharan.org\/wp-content\/uploads\/2024\/09\/WhatsApp-Image-2024-09-26-at-14.18.14-1024x768.jpeg 1024w, https:\/\/www.conselharan.org\/wp-content\/uploads\/2024\/09\/WhatsApp-Image-2024-09-26-at-14.18.14-300x225.jpeg 300w, https:\/\/www.conselharan.org\/wp-content\/uploads\/2024\/09\/WhatsApp-Image-2024-09-26-at-14.18.14-768x576.jpeg 768w, https:\/\/www.conselharan.org\/wp-content\/uploads\/2024\/09\/WhatsApp-Image-2024-09-26-at-14.18.14-1536x1152.jpeg 1536w, https:\/\/www.conselharan.org\/wp-content\/uploads\/2024\/09\/WhatsApp-Image-2024-09-26-at-14.18.14-2048x1536.jpeg 2048w\" sizes=\"(max-width: 1024px) 100vw, 1024px\" \/><\/a><\/p>\n<p>&nbsp;<\/p>\n<ul>\n<li><strong>Aquest mat\u00ed ha tingut lloc la primera les reunions entre la s\u00edndica d&#8217;Aran i el president de la EMD de Gessa, en la qual han tractat diferents assumptes relacionats amb la conservaci\u00f3 del patrimoni i de la gesti\u00f3 territorial<\/strong><\/li>\n<\/ul>\n<p>La s\u00edndica d&#8217;Aran, Maria Verg\u00e9s, ha iniciat aquest mat\u00ed una ronda de contactes amb els representants institucionals del territori per a con\u00e8ixer de primera m\u00e0 el treball dels ajuntaments i EDM i compartir amb ells l\u00ednies de treball del Govern d&#8217;Aran.<\/p>\n<p>&#8220;El Govern d&#8217;Aran vol potenciar la relaci\u00f3 amb els representants locals del nostre territori, per a, d&#8217;una banda, con\u00e8ixer la seva realitat d&#8217;una manera m\u00e9s pr\u00f2xima, i per una altra, impulsar la col\u00b7laboraci\u00f3 institucional a trav\u00e9s de projectes i accions que el Conselh Generau d&#8217;Aran duu a terme&#8221;, manifestava la s\u00edndica d&#8217;Aran, i afegia que: &#8220;\u00e9s indispensable que les institucions araneses vagin de la m\u00e0 en assumptes vinculats amb el pa\u00eds que permetin millorar la vida de la nostra ciutadania i fer d&#8217;aquest, un territori d&#8217;oportunitats i de futur&#8221;.<\/p>\n<p>La primera d&#8217;aquestes reunions s&#8217;ha dut a terme amb el president de l&#8217;EMD de Gessa, Sergio Ferrero, amb qui la s\u00edndica d&#8217;Aran ha tractat diferents aspectes relacionats amb la conservaci\u00f3 i protecci\u00f3 del patrimoni del poble i q\u00fcestions destacades en l&#8217;\u00e0mbit de gesti\u00f3 territorial.<\/p>\n<p>Vielha, 26 de setembre de 2024<\/p>\n<p>&nbsp;<\/p>\n<p>&nbsp;<\/p>\n ","protected":false},"excerpt":{"rendered":"<p>&nbsp; Aquest mat\u00ed ha tingut lloc la primera les reunions entre la s\u00edndica d&#8217;Aran i el president de la EMD de Gessa, en la qual han tractat diferents assumptes relacionats amb la conservaci\u00f3 del patrimoni i de la gesti\u00f3 territorial La s\u00edndica d&#8217;Aran, Maria Verg\u00e9s, ha iniciat aquest mat\u00ed una ronda de contactes amb els&#8230;<\/p>\n","protected":false},"author":2,"featured_media":59161,"comment_status":"closed","ping_status":"closed","sticky":false,"template":"","format":"standard","meta":{"footnotes":""},"categories":[31,53,33,36],"tags":[],"_links":{"self":[{"href":"https:\/\/www.conselharan.org\/ca\/wp-json\/wp\/v2\/posts\/59164"}],"collection":[{"href":"https:\/\/www.conselharan.org\/ca\/wp-json\/wp\/v2\/posts"}],"about":[{"href":"https:\/\/www.conselharan.org\/ca\/wp-json\/wp\/v2\/types\/post"}],"author":[{"embeddable":true,"href":"https:\/\/www.conselharan.org\/ca\/wp-json\/wp\/v2\/users\/2"}],"replies":[{"embeddable":true,"href":"https:\/\/www.conselharan.org\/ca\/wp-json\/wp\/v2\/comments?post=59164"}],"version-history":[{"count":3,"href":"https:\/\/www.conselharan.org\/ca\/wp-json\/wp\/v2\/posts\/59164\/revisions"}],"predecessor-version":[{"id":59174,"href":"https:\/\/www.conselharan.org\/ca\/wp-json\/wp\/v2\/posts\/59164\/revisions\/59174"}],"wp:featuredmedia":[{"embeddable":true,"href":"https:\/\/www.conselharan.org\/ca\/wp-json\/wp\/v2\/media\/59161"}],"wp:attachment":[{"href":"https:\/\/www.conselharan.org\/ca\/wp-json\/wp\/v2\/media?parent=59164"}],"wp:term":[{"taxonomy":"category","embeddable":true,"href":"https:\/\/www.conselharan.org\/ca\/wp-json\/wp\/v2\/categories?post=59164"},{"taxonomy":"post_tag","embeddable":true,"href":"https:\/\/www.conselharan.org\/ca\/wp-json\/wp\/v2\/tags?post=59164"}],"curies":[{"name":"wp","href":"https:\/\/api.w.org\/{rel}","templated":true}]}}