{"id":59299,"date":"2024-10-04T19:19:37","date_gmt":"2024-10-04T17:19:37","guid":{"rendered":"https:\/\/www.conselharan.org\/?p=59299"},"modified":"2024-10-07T12:53:49","modified_gmt":"2024-10-07T10:53:49","slug":"aran-vo-her-efectiva-era-sua-autonomia-politica","status":"publish","type":"post","link":"https:\/\/www.conselharan.org\/ca\/aran-vo-her-efectiva-era-sua-autonomia-politica\/","title":{"rendered":"Aran vol fer efectiva la seva autonomia pol\u00edtica"},"content":{"rendered":"<h3><a href=\"https:\/\/www.conselharan.org\/ca\/aran-vo-her-efectiva-era-sua-autonomia-politica\/president_sindica-2\/\" rel=\"attachment wp-att-59310\"><img loading=\"lazy\" decoding=\"async\" class=\"aligncenter size-large wp-image-59310\" src=\"https:\/\/www.conselharan.org\/wp-content\/uploads\/2024\/10\/President_Sindica-1024x682.jpeg\" alt=\"\" width=\"1024\" height=\"682\" srcset=\"https:\/\/www.conselharan.org\/wp-content\/uploads\/2024\/10\/President_Sindica-1024x682.jpeg 1024w, https:\/\/www.conselharan.org\/wp-content\/uploads\/2024\/10\/President_Sindica-300x200.jpeg 300w, https:\/\/www.conselharan.org\/wp-content\/uploads\/2024\/10\/President_Sindica-768x512.jpeg 768w, https:\/\/www.conselharan.org\/wp-content\/uploads\/2024\/10\/President_Sindica.jpeg 1280w\" sizes=\"(max-width: 1024px) 100vw, 1024px\" \/><\/a><\/h3>\n<p>&nbsp;<\/p>\n<ul>\n<li><strong>La s\u00edndica d&#8217;Aran, Maria Verg\u00e9s, s&#8217;ha reunit aquesta tarda al Palau de la Generalitat amb el president de Catalunya, Salvador Illa, per fer-li saber la necessitat imminent que el Conselh Generau d&#8217;Aran pugui desplegar tota la seva capacitat competencial i fer efectiu el seu autogovern, q\u00fcesti\u00f3 que t\u00e9 com element indispensable que la m\u00e0xima instituci\u00f3 aranesa deixi de ser considerada exclusivament com una administraci\u00f3 local.<\/strong><\/li>\n<\/ul>\n<p>&nbsp;<\/p>\n<ul>\n<li><strong>Al llarg de la reuni\u00f3, la s\u00edndica d&#8217;Aran ha presentat al president de la Generalitat els afers m\u00e9s importants de la relaci\u00f3 bilateral entre la Generalitat i el Conselh Generau d&#8217;Aran, entre les que cal remarcar, a m\u00e9s de l\u2019encaix jur\u00eddic i administratiu del Conselh Generau d&#8217;Aran, la reforma de la llei de r\u00e8gim especial, l&#8217;aprovaci\u00f3 del model de finan\u00e7ament d&#8217;Aran, els traspassos competencials pendents i la reversi\u00f3 de la falta d&#8217;inversi\u00f3 per part de la Generalitat de Catalunya durant els \u00faltims anys.<\/strong><\/li>\n<\/ul>\n<p>Un dels afers m\u00e9s importants que la s\u00edndica d&#8217;Aran ha fet arribar al president de la Generalitat \u00e9s la necessitat urgent de trobar un encaix jur\u00eddic i administratiu pel Conselh Generau d&#8217;Aran perqu\u00e8 deixi de ser tractat exclusivament com una entitat local.<\/p>\n<p>Aquesta \u00e9s una q\u00fcesti\u00f3 capital per la m\u00e0xima instituci\u00f3 aranesa, perqu\u00e8 les limitacions administratives, jur\u00eddiques i funcionals derivades de ser considerada una administraci\u00f3 local contradiuen de manera directa el propi sentit de l&#8217;autonomia pol\u00edtica d&#8217;Aran i de la seva singularitat, alhora que impedeixen que el Govern d&#8217;Aran pugui dur a terme les pol\u00edtiques i accions que la ciutadania aranesa necessita de manera efectiva.<\/p>\n<p>En un altre ordre de q\u00fcestions, la s\u00edndica d&#8217;Aran ha plantejat tamb\u00e9 al president Illa les diverses q\u00fcestions que cal enfrontar durant aquesta nova legislatura del govern catal\u00e0, com la reforma de la llei de regim especial per adaptar-la a les necessitats i reptes del territori, l&#8217;aprovaci\u00f3 del model de finan\u00e7ament de la Val d&#8217;Aran en el context d&#8217;all\u00f2 marca la llei, i l&#8217;actualitzaci\u00f3 i desplegament efectiu d&#8217;alguns traspassos competencials com s\u00f3n l&#8217;esport, la llengua, la cultura, el turisme, la promoci\u00f3 econ\u00f2mica i l&#8217;atenci\u00f3 social. Aix\u00ed mateix, tamb\u00e9 \u00e9s necessari consensuar les inversions pendents per part de la Generalitat en Aran, com la millora de la C-28, la construcci\u00f3 d&#8217;un centre cultural i la renovaci\u00f3 de l&#8217;Hospital Val d&#8217;Aran, entre altres.<\/p>\n<p>La s\u00edndica d&#8217;Aran ha manifestat que \u201cla voluntat del Govern d&#8217;Aran \u00e9s mantenir i refor\u00e7ar la relaci\u00f3 bilateral entre el Conselh Generau d&#8217;Aran i la Generalitat de Catalunya, a trav\u00e9s de l&#8217;impuls de la lleialtat i el respecte institucional que els dos governs mereixen\u201d, i ha afegit que \u201cla Generalitat de Catalunya ha de poder ser una instituci\u00f3 proactiva en la consolidaci\u00f3 de l&#8217;autonomia pol\u00edtica d&#8217;Aran, no nom\u00e9s per donar compliment a all\u00f2 que preveu la Llei d&#8217;Aran i l&#8217;Estatut d&#8217;Autonomia de Catalunya, si no tamb\u00e9, i especialment, per establir les sin\u00e8rgies que ajudin per fer entendre la realitat aranesa al territori catal\u00e0.<\/p>\n<p>Aix\u00ed mateix, la s\u00edndica d&#8217;Aran ha fet arribar al president de la Generalitat la preocupaci\u00f3 del govern aran\u00e8s per l\u2019estat actual de la nostra llengua pr\u00f2pia, que \u00e9s oficial tamb\u00e9 a Catalunya i l&#8217;ha instat a col\u00b7laborar amb el Conselh Generau d&#8217;Aran, competent en la mat\u00e8ria, per a la promoci\u00f3 de l&#8217;aran\u00e8s, que \u00e9s tamb\u00e9 un patrimoni de Catalunya.<\/p>\n<p>Finalment, la s\u00edndica ha volgut agrair la voluntat de concordan\u00e7a i col\u00b7laboraci\u00f3 del Govern de Catalunya per aconseguir aquests objectius que no tenen un altre sentit que el de millorar la vida dels aranesos i araneses.<\/p>\n<p>&nbsp;<\/p>\n<p>Vielha, 4 d\u2019octubre de 2024<\/p>\n<p>&nbsp;<\/p>\n ","protected":false},"excerpt":{"rendered":"<p>&nbsp; La s\u00edndica d&#8217;Aran, Maria Verg\u00e9s, s&#8217;ha reunit aquesta tarda al Palau de la Generalitat amb el president de Catalunya, Salvador Illa, per fer-li saber la necessitat imminent que el Conselh Generau d&#8217;Aran pugui desplegar tota la seva capacitat competencial i fer efectiu el seu autogovern, q\u00fcesti\u00f3 que t\u00e9 com element indispensable que la m\u00e0xima&#8230;<\/p>\n","protected":false},"author":2,"featured_media":59311,"comment_status":"closed","ping_status":"closed","sticky":false,"template":"","format":"standard","meta":{"footnotes":""},"categories":[31,53,33,36],"tags":[],"_links":{"self":[{"href":"https:\/\/www.conselharan.org\/ca\/wp-json\/wp\/v2\/posts\/59299"}],"collection":[{"href":"https:\/\/www.conselharan.org\/ca\/wp-json\/wp\/v2\/posts"}],"about":[{"href":"https:\/\/www.conselharan.org\/ca\/wp-json\/wp\/v2\/types\/post"}],"author":[{"embeddable":true,"href":"https:\/\/www.conselharan.org\/ca\/wp-json\/wp\/v2\/users\/2"}],"replies":[{"embeddable":true,"href":"https:\/\/www.conselharan.org\/ca\/wp-json\/wp\/v2\/comments?post=59299"}],"version-history":[{"count":8,"href":"https:\/\/www.conselharan.org\/ca\/wp-json\/wp\/v2\/posts\/59299\/revisions"}],"predecessor-version":[{"id":59352,"href":"https:\/\/www.conselharan.org\/ca\/wp-json\/wp\/v2\/posts\/59299\/revisions\/59352"}],"wp:featuredmedia":[{"embeddable":true,"href":"https:\/\/www.conselharan.org\/ca\/wp-json\/wp\/v2\/media\/59311"}],"wp:attachment":[{"href":"https:\/\/www.conselharan.org\/ca\/wp-json\/wp\/v2\/media?parent=59299"}],"wp:term":[{"taxonomy":"category","embeddable":true,"href":"https:\/\/www.conselharan.org\/ca\/wp-json\/wp\/v2\/categories?post=59299"},{"taxonomy":"post_tag","embeddable":true,"href":"https:\/\/www.conselharan.org\/ca\/wp-json\/wp\/v2\/tags?post=59299"}],"curies":[{"name":"wp","href":"https:\/\/api.w.org\/{rel}","templated":true}]}}