{"id":59384,"date":"2024-10-11T12:47:10","date_gmt":"2024-10-11T10:47:10","guid":{"rendered":"https:\/\/www.conselharan.org\/?p=59384"},"modified":"2024-10-11T12:47:10","modified_gmt":"2024-10-11T10:47:10","slug":"er-archiu-generau-daran-compde-de-nau-damb-era-colleccion-restaurada-des-romanci-patrimoni-de-co-de-joanchiquet-de-vilamos","status":"publish","type":"post","link":"https:\/\/www.conselharan.org\/ca\/er-archiu-generau-daran-compde-de-nau-damb-era-colleccion-restaurada-des-romanci-patrimoni-de-co-de-joanchiquet-de-vilamos\/","title":{"rendered":"Er\u00a0Archiu\u00a0Generau d\u2019Aran compde de nau damb era colleccion restaurada des romanci\u00a0patrim\u00f2ni de \u00c7\u00f2 de Joanchiquet de Vilam\u00f2s"},"content":{"rendered":"<h3><a href=\"https:\/\/www.conselharan.org\/er-archiu-generau-daran-compde-de-nau-damb-era-colleccion-restaurada-des-romanci-patrimoni-de-co-de-joanchiquet-de-vilamos\/5-romances-arxiu-1\/\" rel=\"attachment wp-att-59385\"><img loading=\"lazy\" decoding=\"async\" class=\"aligncenter size-full wp-image-59385\" src=\"https:\/\/www.conselharan.org\/wp-content\/uploads\/2024\/10\/5.-romances-arxiu-1.jpg\" alt=\"\" width=\"1024\" height=\"768\" srcset=\"https:\/\/www.conselharan.org\/wp-content\/uploads\/2024\/10\/5.-romances-arxiu-1.jpg 1024w, https:\/\/www.conselharan.org\/wp-content\/uploads\/2024\/10\/5.-romances-arxiu-1-300x225.jpg 300w, https:\/\/www.conselharan.org\/wp-content\/uploads\/2024\/10\/5.-romances-arxiu-1-768x576.jpg 768w\" sizes=\"(max-width: 1024px) 100vw, 1024px\" \/><\/a><\/h3>\n<h3><strong>Er Archiu cons\u00e8rve aguesti documents restauradi qu\u00e9 ser\u00e0n ara digitalizadi e l\u00e8u se poir\u00e0n consultar en linha \u00a0a trau\u00e8s deth cercador de hons.<\/strong><\/h3>\n<p>Er Archiu Generau d\u2019Aran compde de nau damb era colleccion restaurada de quaranta nau romanci\u00a0que formen part deth patrim\u00f2ni dera familha Aun\u00f2s de \u00c7\u00f2 de Joanchiquet de Vilam\u00f2s.<\/p>\n<p>Es documents, un c\u00f2p restauradi, an estat installadi en ua carpeta de conservacion. Ua actuacion qu\u2019arribe a trau\u00e8s deth Pla Bruniquer, promoigut peth Departament de Cultura dera Generalitat e metut a disposicion des archius comarcaus e der Arxiu Nacional de Catalunya.<\/p>\n<p><a href=\"https:\/\/www.conselharan.org\/er-archiu-generau-daran-compde-de-nau-damb-era-colleccion-restaurada-des-romanci-patrimoni-de-co-de-joanchiquet-de-vilamos\/arxiu-2\/\" rel=\"attachment wp-att-59388\"><img loading=\"lazy\" decoding=\"async\" class=\"aligncenter size-large wp-image-59388\" src=\"https:\/\/www.conselharan.org\/wp-content\/uploads\/2024\/10\/arxiu-2-1024x697.jpg\" alt=\"\" width=\"1024\" height=\"697\" srcset=\"https:\/\/www.conselharan.org\/wp-content\/uploads\/2024\/10\/arxiu-2-1024x697.jpg 1024w, https:\/\/www.conselharan.org\/wp-content\/uploads\/2024\/10\/arxiu-2-300x204.jpg 300w, https:\/\/www.conselharan.org\/wp-content\/uploads\/2024\/10\/arxiu-2-768x523.jpg 768w, https:\/\/www.conselharan.org\/wp-content\/uploads\/2024\/10\/arxiu-2-1536x1045.jpg 1536w, https:\/\/www.conselharan.org\/wp-content\/uploads\/2024\/10\/arxiu-2-2048x1394.jpg 2048w\" sizes=\"(max-width: 1024px) 100vw, 1024px\" \/><\/a><\/p>\n<p>Eth roman\u00e7 ei un po\u00e8ma caracteristic dera tradicion orau deth s\u00e8gle XV. Un\u00a0s\u00e8gle demp\u00fas es autors dera ep\u00f2ca\u00a0lo\u00a0popularizauen e era sua transmission se h\u00e8ge impresa.\u00a0Uns po\u00e8mes narratius de grana varietat tematica segontes eth gust popular de cada moment e de cada l\u00f2c. \u00a0Aguesti se venien en h\u00e8ires des p\u00f2bles e ciutats\u00a0e\u00a0molti s\u2019an perdut \u00a0per \u00e8ster un materiau fragil.<\/p>\n<p>Es documents ser\u00e0n ara\u00a0digitalizadi\u00a0e l\u00e8u se poir\u00e0n consultar en linha a trau\u00e8s deth cercador de hons e documents dera Xarxa d\u2019Archius Comarcals de Catalunya.<\/p>\n<p>Vielha, 11 d&#8217;octobre 2024<\/p>\n ","protected":false},"excerpt":{"rendered":"<p>Er Archiu cons\u00e8rve aguesti documents restauradi qu\u00e9 ser\u00e0n ara digitalizadi e l\u00e8u se poir\u00e0n consultar en linha \u00a0a trau\u00e8s deth cercador de hons. Er Archiu Generau d\u2019Aran compde de nau damb era colleccion restaurada de quaranta nau romanci\u00a0que formen part deth patrim\u00f2ni dera familha Aun\u00f2s de \u00c7\u00f2 de Joanchiquet de Vilam\u00f2s. Es documents, un c\u00f2p&#8230;<\/p>\n","protected":false},"author":2,"featured_media":59385,"comment_status":"closed","ping_status":"closed","sticky":false,"template":"","format":"standard","meta":{"footnotes":""},"categories":[29,793,51,1,35],"tags":[],"_links":{"self":[{"href":"https:\/\/www.conselharan.org\/ca\/wp-json\/wp\/v2\/posts\/59384"}],"collection":[{"href":"https:\/\/www.conselharan.org\/ca\/wp-json\/wp\/v2\/posts"}],"about":[{"href":"https:\/\/www.conselharan.org\/ca\/wp-json\/wp\/v2\/types\/post"}],"author":[{"embeddable":true,"href":"https:\/\/www.conselharan.org\/ca\/wp-json\/wp\/v2\/users\/2"}],"replies":[{"embeddable":true,"href":"https:\/\/www.conselharan.org\/ca\/wp-json\/wp\/v2\/comments?post=59384"}],"version-history":[{"count":2,"href":"https:\/\/www.conselharan.org\/ca\/wp-json\/wp\/v2\/posts\/59384\/revisions"}],"predecessor-version":[{"id":59392,"href":"https:\/\/www.conselharan.org\/ca\/wp-json\/wp\/v2\/posts\/59384\/revisions\/59392"}],"wp:featuredmedia":[{"embeddable":true,"href":"https:\/\/www.conselharan.org\/ca\/wp-json\/wp\/v2\/media\/59385"}],"wp:attachment":[{"href":"https:\/\/www.conselharan.org\/ca\/wp-json\/wp\/v2\/media?parent=59384"}],"wp:term":[{"taxonomy":"category","embeddable":true,"href":"https:\/\/www.conselharan.org\/ca\/wp-json\/wp\/v2\/categories?post=59384"},{"taxonomy":"post_tag","embeddable":true,"href":"https:\/\/www.conselharan.org\/ca\/wp-json\/wp\/v2\/tags?post=59384"}],"curies":[{"name":"wp","href":"https:\/\/api.w.org\/{rel}","templated":true}]}}