{"id":59441,"date":"2024-10-16T13:56:19","date_gmt":"2024-10-16T11:56:19","guid":{"rendered":"https:\/\/www.conselharan.org\/signat-eth-contracte-tath-nau-servici-de-remassada-de-residus\/"},"modified":"2024-10-16T14:53:17","modified_gmt":"2024-10-16T12:53:17","slug":"signat-eth-contracte-tath-nau-servici-de-remassada-de-residus","status":"publish","type":"post","link":"https:\/\/www.conselharan.org\/ca\/signat-eth-contracte-tath-nau-servici-de-remassada-de-residus\/","title":{"rendered":"Signat el contracte del nou servei de recollida d&#8217;escombraries"},"content":{"rendered":"<p><img loading=\"lazy\" decoding=\"async\" class=\"aligncenter size-large wp-image-59436\" src=\"https:\/\/www.conselharan.org\/wp-content\/uploads\/2024\/10\/Sindica_FCC-951x1024.jpg\" alt=\"\" width=\"951\" height=\"1024\" srcset=\"https:\/\/www.conselharan.org\/wp-content\/uploads\/2024\/10\/Sindica_FCC-951x1024.jpg 951w, https:\/\/www.conselharan.org\/wp-content\/uploads\/2024\/10\/Sindica_FCC-279x300.jpg 279w, https:\/\/www.conselharan.org\/wp-content\/uploads\/2024\/10\/Sindica_FCC-768x827.jpg 768w, https:\/\/www.conselharan.org\/wp-content\/uploads\/2024\/10\/Sindica_FCC-1427x1536.jpg 1427w, https:\/\/www.conselharan.org\/wp-content\/uploads\/2024\/10\/Sindica_FCC.jpg 1902w\" sizes=\"(max-width: 951px) 100vw, 951px\" \/><\/p>\n<p>&nbsp;<\/p>\n<ul>\n<li><strong>El Conselh Generau d&#8217;Aran i l&#8217;empresa Foment Construccions i Contractes (FCC) han signat, en la seu del govern aran\u00e8s, el nou contracte de recollida i evacuaci\u00f3 d&#8217;escombraries en el territori per un per\u00edode de 8 anys m\u00e9s dos prorrogables.<\/strong><\/li>\n<\/ul>\n<p>La s\u00edndica d&#8217;Aran, Maria Verg\u00e9s, i el director de la Delegaci\u00f3 de Catalunya II de FCC Medi Ambient, Miquel \u00c0ngel Quero, signaven ahir, en la seu del Conselh Generau d&#8217;Aran, el nou contracte mixt del servei integral de la recollida i evacuaci\u00f3 de residus de la\u00a0Val d&#8217;Aran\u00a0i el servei de redacci\u00f3 del projecte executiu i execuci\u00f3 de les obres del centre de transfer\u00e8ncia de residus.<\/p>\n<p>FCC adquireix el comprom\u00eds per a la gesti\u00f3 del nou model de tractament de residus, que combinar\u00e0 la recollida porta a porta amb \u00e0rees tancades, a les quals es podr\u00e0 accedir amb la identificaci\u00f3 dels usuaris, un servei que s&#8217;implementar\u00e0 de manera progressiva sobre el model adaptat a la nova normativa europea, que ha de ser de ple compliment en el 2050.<\/p>\n<p>D&#8217;aquesta forma el sistema s&#8217;anir\u00e0 implementant de manera progressiva i el govern d&#8217;Aran preveu iniciar una primera fase d&#8217;implementaci\u00f3 d&#8217;aquest nou model destinada als grans productors que permetr\u00e0 reduir en primera inst\u00e0ncia el volum de restes i incrementar, per tant, el reciclatge. M\u00e9s endavant el sistema s&#8217;anir\u00e0 implementant en la ciutadania.<\/p>\n<p>Per al\u00a0conselh\u00e8r\u00a0de\u00a0Gesti\u00f3\u00a0Ambiental\u00a0i\u00a0Transici\u00f3\u00a0Energ\u00e8tica, Oriol Sala: &#8220;Amb aquest nou model que desenvolupar\u00e0 la nova adjudicat\u00e0ria implementarem el sistema comen\u00e7ant amb la porta per porta amb grans productors de residus, per a implementar aix\u00ed el volum de recollida i intentar deixar de ser la cua de Catalunya, buscant aconseguir una optimitzaci\u00f3 en la recollida de residus&#8221;.<\/p>\n<p>Per a la\u00a0sindica\u00a0d&#8217;Aran, Maria Verg\u00e9s: &#8220;Per al govern d&#8217;Aran suposa un repte molt important, ja que ens permet desenvolupar aquest nou model de recollida per a posar-nos al dia de la gesti\u00f3 sostenible dels residus i intentar, d&#8217;ara al 2030, mantenir aquests par\u00e0metres de reciclatge i producci\u00f3 que la normativa europea requereix&#8221;. Afegia: &#8220;A m\u00e9s d&#8217;adaptar el territori a una necessitat imperiosa de ser sostenibles ambiental, econ\u00f2mica i socialment, que revertir\u00e0 en la imatge del pa\u00eds i que serveixi de referent en el sector&#8221;.<\/p>\n<p>&nbsp;<\/p>\n<p>Vielha, 16 d&#8217;octubre 2024<\/p>\n ","protected":false},"excerpt":{"rendered":"<p>&nbsp; El Conselh Generau d&#8217;Aran i l&#8217;empresa Foment Construccions i Contractes (FCC) han signat, en la seu del govern aran\u00e8s, el nou contracte de recollida i evacuaci\u00f3 d&#8217;escombraries en el territori per un per\u00edode de 8 anys m\u00e9s dos prorrogables. La s\u00edndica d&#8217;Aran, Maria Verg\u00e9s, i el director de la Delegaci\u00f3 de Catalunya II de&#8230;<\/p>\n","protected":false},"author":2,"featured_media":59437,"comment_status":"closed","ping_status":"closed","sticky":false,"template":"","format":"standard","meta":{"footnotes":""},"categories":[31,53,36],"tags":[],"_links":{"self":[{"href":"https:\/\/www.conselharan.org\/ca\/wp-json\/wp\/v2\/posts\/59441"}],"collection":[{"href":"https:\/\/www.conselharan.org\/ca\/wp-json\/wp\/v2\/posts"}],"about":[{"href":"https:\/\/www.conselharan.org\/ca\/wp-json\/wp\/v2\/types\/post"}],"author":[{"embeddable":true,"href":"https:\/\/www.conselharan.org\/ca\/wp-json\/wp\/v2\/users\/2"}],"replies":[{"embeddable":true,"href":"https:\/\/www.conselharan.org\/ca\/wp-json\/wp\/v2\/comments?post=59441"}],"version-history":[{"count":2,"href":"https:\/\/www.conselharan.org\/ca\/wp-json\/wp\/v2\/posts\/59441\/revisions"}],"predecessor-version":[{"id":59445,"href":"https:\/\/www.conselharan.org\/ca\/wp-json\/wp\/v2\/posts\/59441\/revisions\/59445"}],"wp:featuredmedia":[{"embeddable":true,"href":"https:\/\/www.conselharan.org\/ca\/wp-json\/wp\/v2\/media\/59437"}],"wp:attachment":[{"href":"https:\/\/www.conselharan.org\/ca\/wp-json\/wp\/v2\/media?parent=59441"}],"wp:term":[{"taxonomy":"category","embeddable":true,"href":"https:\/\/www.conselharan.org\/ca\/wp-json\/wp\/v2\/categories?post=59441"},{"taxonomy":"post_tag","embeddable":true,"href":"https:\/\/www.conselharan.org\/ca\/wp-json\/wp\/v2\/tags?post=59441"}],"curies":[{"name":"wp","href":"https:\/\/api.w.org\/{rel}","templated":true}]}}