{"id":59482,"date":"2024-10-18T10:29:32","date_gmt":"2024-10-18T08:29:32","guid":{"rendered":"https:\/\/www.conselharan.org\/darreri-dies-tara-presentacion-de-documentacion-entas-ajudes-leader\/"},"modified":"2024-10-18T12:30:13","modified_gmt":"2024-10-18T10:30:13","slug":"darreri-dies-tara-presentacion-de-documentacion-entas-ajudes-leader","status":"publish","type":"post","link":"https:\/\/www.conselharan.org\/ca\/darreri-dies-tara-presentacion-de-documentacion-entas-ajudes-leader\/","title":{"rendered":"\u00daltims dies per la presentaci\u00f3 de documentaci\u00f3 per les ajudes \u201cLeader\u201d"},"content":{"rendered":"<p><a href=\"https:\/\/www.conselharan.org\/ca\/darreri-dies-tara-presentacion-de-documentacion-entas-ajudes-leader\/ajuts-leader-1-2\/\" rel=\"attachment wp-att-59477\"><img loading=\"lazy\" decoding=\"async\" class=\"aligncenter size-large wp-image-59477\" src=\"https:\/\/www.conselharan.org\/wp-content\/uploads\/2024\/10\/Ajuts-leader-1-1024x631.jpg\" alt=\"\" width=\"1024\" height=\"631\" srcset=\"https:\/\/www.conselharan.org\/wp-content\/uploads\/2024\/10\/Ajuts-leader-1-1024x631.jpg 1024w, https:\/\/www.conselharan.org\/wp-content\/uploads\/2024\/10\/Ajuts-leader-1-300x185.jpg 300w, https:\/\/www.conselharan.org\/wp-content\/uploads\/2024\/10\/Ajuts-leader-1-768x474.jpg 768w, https:\/\/www.conselharan.org\/wp-content\/uploads\/2024\/10\/Ajuts-leader-1.jpg 1080w\" sizes=\"(max-width: 1024px) 100vw, 1024px\" \/><\/a><\/p>\n<p>&nbsp;<\/p>\n<p><strong>\u00a0<\/strong><\/p>\n<ul>\n<li><strong>Aquestes ajudes, destinades a la creaci\u00f3, desenvolupament i millora d\u2019empreses i ajuntaments d\u2019entorns rurals, es poden demanar fins el 31 d\u2019octubre.<\/strong><\/li>\n<\/ul>\n<p>&nbsp;<\/p>\n<p>El 31 d\u2019octubre \u00e9s la data l\u00edmit per la sol\u00b7licitud d\u2019ajudes europees \u201cLeader\u201d, de les quals podran beneficiar-se totes les empreses i ajuntaments de la Val d\u2019Aran interessats en impulsar un projecte empresarial generador d\u2019activitat econ\u00f2mica en el territori.<\/p>\n<p>El Departament d\u2019Acci\u00f3 Clim\u00e0tica, Alimentaci\u00f3 i Agenda Rural (DACC) de la Generalitat de Catalunya va seleccionar 11 Grups d\u2019Acci\u00f3 Local (GAL) Leader, per aplicar el desenvolupament local participatiu Leader en el context del Programa de Desenvolupament Rural ( PDR) de Catalunya 2023-2027.<\/p>\n<p>Un dels objectius principals del GAL \u00e9s la dinamitzaci\u00f3 territorial i la divulgaci\u00f3 dels seus projectes m\u00e9s estrat\u00e8gics i bones pr\u00e0ctiques, juntament amb la gesti\u00f3 de les ajudes que convoca anualment el DARP per fomentar la realitzaci\u00f3 d\u2019inversions que generin activitat econ\u00f2mica a les zones rurals i fomentin la creaci\u00f3 i\/o manteniment de llocs de treball, principalment de dones i de joves, en accions de millora dels processos de transformaci\u00f3 i comercialitzaci\u00f3 dels productes agraris, creaci\u00f3 i desenvolupament de microempreses, foment d\u2019activitats tur\u00edstiques, i conservaci\u00f3 i millora del patrimoni rural i natural tamb\u00e9 la sostenibilitat i la dinamitzaci\u00f3 dels territoris rurals.<\/p>\n<p>El termini de presentaci\u00f3 de les ajudes s\u2019acaba la 31 d\u2019octubre d\u2019enguany. Les persones interessades en informar-se sobre aquestes subvencions han de telefonar al Conselh Generau d\u2019Aran (973641801).<\/p>\n<p>Tota la informaci\u00f3 detallada la poden trobar en aquest enlla\u00e7: <a href=\"https:\/\/www.leaderpirineuoccidental.cat\/\">https:\/\/www.leaderpirineuoccidental.cat\/<\/a><\/p>\n<p>&nbsp;<\/p>\n<p>Vielha, 18 d\u2019octubre de 2024<\/p>\n<p>&nbsp;<\/p>\n ","protected":false},"excerpt":{"rendered":"<p>&nbsp; \u00a0 Aquestes ajudes, destinades a la creaci\u00f3, desenvolupament i millora d\u2019empreses i ajuntaments d\u2019entorns rurals, es poden demanar fins el 31 d\u2019octubre. &nbsp; El 31 d\u2019octubre \u00e9s la data l\u00edmit per la sol\u00b7licitud d\u2019ajudes europees \u201cLeader\u201d, de les quals podran beneficiar-se totes les empreses i ajuntaments de la Val d\u2019Aran interessats en impulsar un&#8230;<\/p>\n","protected":false},"author":2,"featured_media":59478,"comment_status":"closed","ping_status":"closed","sticky":false,"template":"","format":"standard","meta":{"footnotes":""},"categories":[31,33,36],"tags":[],"_links":{"self":[{"href":"https:\/\/www.conselharan.org\/ca\/wp-json\/wp\/v2\/posts\/59482"}],"collection":[{"href":"https:\/\/www.conselharan.org\/ca\/wp-json\/wp\/v2\/posts"}],"about":[{"href":"https:\/\/www.conselharan.org\/ca\/wp-json\/wp\/v2\/types\/post"}],"author":[{"embeddable":true,"href":"https:\/\/www.conselharan.org\/ca\/wp-json\/wp\/v2\/users\/2"}],"replies":[{"embeddable":true,"href":"https:\/\/www.conselharan.org\/ca\/wp-json\/wp\/v2\/comments?post=59482"}],"version-history":[{"count":2,"href":"https:\/\/www.conselharan.org\/ca\/wp-json\/wp\/v2\/posts\/59482\/revisions"}],"predecessor-version":[{"id":59486,"href":"https:\/\/www.conselharan.org\/ca\/wp-json\/wp\/v2\/posts\/59482\/revisions\/59486"}],"wp:featuredmedia":[{"embeddable":true,"href":"https:\/\/www.conselharan.org\/ca\/wp-json\/wp\/v2\/media\/59478"}],"wp:attachment":[{"href":"https:\/\/www.conselharan.org\/ca\/wp-json\/wp\/v2\/media?parent=59482"}],"wp:term":[{"taxonomy":"category","embeddable":true,"href":"https:\/\/www.conselharan.org\/ca\/wp-json\/wp\/v2\/categories?post=59482"},{"taxonomy":"post_tag","embeddable":true,"href":"https:\/\/www.conselharan.org\/ca\/wp-json\/wp\/v2\/tags?post=59482"}],"curies":[{"name":"wp","href":"https:\/\/api.w.org\/{rel}","templated":true}]}}