{"id":5954,"date":"2015-01-19T10:20:54","date_gmt":"2015-01-19T09:20:54","guid":{"rendered":"http:\/\/www.conselharan.org\/?p=5954"},"modified":"2015-01-19T10:20:54","modified_gmt":"2015-01-19T09:20:54","slug":"la-36-edicio-de-la-marxa-beret-compta-aquest-any-amb-el-campionat-despanya-de-llarga-distancia","status":"publish","type":"post","link":"https:\/\/www.conselharan.org\/ca\/la-36-edicio-de-la-marxa-beret-compta-aquest-any-amb-el-campionat-despanya-de-llarga-distancia\/","title":{"rendered":"La 36 Edici\u00f3 de la Marxa Beret compta aquest any amb el Campionat d&#8217;Espanya de llarga dist\u00e0ncia"},"content":{"rendered":"<p><strong>La 36\u00aa edici\u00f3 de la Marxa Beret tindr\u00e0 lloc durant el cap de setmana del 30 de gener a l&#8217;1 de febrer de 2015 en el Pla de Beret<\/strong><\/p>\n<p><strong>Beret acollir\u00e0 el Campionat d&#8217;Espanya de Llarga Dist\u00e0ncia d&#8217;esqu\u00ed de fons el dissabte 31 de gener<\/strong><\/p>\n<p><strong>Les inscripcions per Internet es tanquen el 29 de gener<\/strong><\/p>\n<p><a href=\"http:\/\/www.conselharan.org\/wp-content\/uploads\/2015\/01\/BERET_.jpg\"><img loading=\"lazy\" decoding=\"async\" class=\"aligncenter size-large wp-image-5952\" alt=\"BERET_\" src=\"http:\/\/www.conselharan.org\/wp-content\/uploads\/2015\/01\/BERET_-1024x469.jpg\" width=\"1024\" height=\"469\" srcset=\"https:\/\/www.conselharan.org\/wp-content\/uploads\/2015\/01\/BERET_-1024x469.jpg 1024w, https:\/\/www.conselharan.org\/wp-content\/uploads\/2015\/01\/BERET_-300x137.jpg 300w\" sizes=\"(max-width: 1024px) 100vw, 1024px\" \/><\/a><\/p>\n<p>Any rere any, el primer cap de setmana de febrer es reuneixen a Baqueira Beret (Pla de Beret) milers de fondistes per participar en la Marxa Beret. Es tracta de la millor prova esportiva de fons d&#8217;Espanya, a m\u00e9s, la carrera aranesa \u00e9s puntuable FIS i est\u00e0 dins del calendari Euroloppet que reuneix les marxes populars d&#8217;esqu\u00ed de fons m\u00e9s importants d&#8217;Europa.<\/p>\n<p>Des de 1978 la Marxa Beret es ve celebrant i millorant tant en qualitat com en nombre d&#8217;inscrits. Tenint en aquests moments al voltant de 1000 participants.<\/p>\n<p>El proper 1 de febrer de 2015 se celebrar\u00e0 la 36 edici\u00f3 d&#8217;aquesta carrera amb l&#8217;objectiu d&#8217;una major participaci\u00f3 i aconseguir un abast m\u00e9s internacional. La carrera proposa 3 dist\u00e0ncies: 10, 21 i 42 km. que transcorren pel Pla de Beret a 1.850m d&#8217;altitud i que passen pel poble de Montgarri.<\/p>\n<p>Aquesta edici\u00f3, la preparaci\u00f3 est\u00e0 sent m\u00e9s intensa a causa de l&#8217;adaptaci\u00f3 de la competici\u00f3 a les exig\u00e8ncies que comporta l&#8217;organitzaci\u00f3 dels Campionats d&#8217;Europa de Llarga Dist\u00e0ncia ja que la Marxa Beret ha estat la seu escollida per a l&#8217;organitzaci\u00f3 d&#8217;aquest esdeveniment per a la temporada 2015\/2016.<\/p>\n<p>La Marxa Beret a m\u00e9s d&#8217;atreure a participants d&#8217;alt nivell com l&#8217;esquiador basc de la Real Federaci\u00f3 Deportis d&#8217;Hivern (RFEDI) Ioseba Rojo, guanyador de la passada edici\u00f3, tamb\u00e9 atreu a gran quantitat de fam\u00edlies i grups d&#8217;amics que participen de manera popular. L&#8217;organitzaci\u00f3 tamb\u00e9 ha destacat que entre els corredors d&#8217;elit presents hi haur\u00e0 participants i Finl\u00e0ndia, Noruega, Est\u00f2nia i Fran\u00e7a.<\/p>\n<p><strong>Campionat d&#8217;Espanya de llarga dist\u00e0ncia<\/strong><\/p>\n<p>El dissabte 31 de gener es realitzar\u00e0 en el Pla Beret el Campionat d&#8217;Espanya de llarga dist\u00e0ncia, una prova d\u2019estil lliure (Skating) que tindr\u00e0 dos recorreguts, un de 15 Km. i un altre de 31 Km. La prova est\u00e0 dins de les activitats que es fan amb motiu de la 36 Marxa Beret.<\/p>\n<p>La Marxa Beret \u00e9s promoguda pel Conselh Generau d\u2019Aran, Baqueira Beret i l&#8217;Ajuntament de Naut Aran amb la col\u2022laboraci\u00f3 de l&#8217;Associaci\u00f3 Volentaris Val d\u2019Aran i altres organismes, a m\u00e9s de la Real Federaci\u00f3 Espanyola Esports d&#8217;Hivern i la Federaci\u00f3 Catalana Esports d&#8217;Hivern.<\/p>\n<p><strong>Les inscripcions via Internet estan obertes fins al 29 de gener (<a href=\"http:\/\/www.marxaberet.com\" target=\"_blank\">www.marxaberet.com<\/a>).<\/strong><\/p>\n ","protected":false},"excerpt":{"rendered":"<p>La 36\u00aa edici\u00f3 de la Marxa Beret tindr\u00e0 lloc durant el cap de setmana del 30 de gener a l&#8217;1 de febrer de 2015 en el Pla de Beret Beret acollir\u00e0 el Campionat d&#8217;Espanya de Llarga Dist\u00e0ncia d&#8217;esqu\u00ed de fons el dissabte 31 de gener Les inscripcions per Internet es tanquen el 29 de gener&#8230;<\/p>\n","protected":false},"author":2,"featured_media":5952,"comment_status":"closed","ping_status":"closed","sticky":false,"template":"","format":"standard","meta":{"footnotes":""},"categories":[31,33,36],"tags":[],"_links":{"self":[{"href":"https:\/\/www.conselharan.org\/ca\/wp-json\/wp\/v2\/posts\/5954"}],"collection":[{"href":"https:\/\/www.conselharan.org\/ca\/wp-json\/wp\/v2\/posts"}],"about":[{"href":"https:\/\/www.conselharan.org\/ca\/wp-json\/wp\/v2\/types\/post"}],"author":[{"embeddable":true,"href":"https:\/\/www.conselharan.org\/ca\/wp-json\/wp\/v2\/users\/2"}],"replies":[{"embeddable":true,"href":"https:\/\/www.conselharan.org\/ca\/wp-json\/wp\/v2\/comments?post=5954"}],"version-history":[{"count":1,"href":"https:\/\/www.conselharan.org\/ca\/wp-json\/wp\/v2\/posts\/5954\/revisions"}],"predecessor-version":[{"id":5955,"href":"https:\/\/www.conselharan.org\/ca\/wp-json\/wp\/v2\/posts\/5954\/revisions\/5955"}],"wp:featuredmedia":[{"embeddable":true,"href":"https:\/\/www.conselharan.org\/ca\/wp-json\/wp\/v2\/media\/5952"}],"wp:attachment":[{"href":"https:\/\/www.conselharan.org\/ca\/wp-json\/wp\/v2\/media?parent=5954"}],"wp:term":[{"taxonomy":"category","embeddable":true,"href":"https:\/\/www.conselharan.org\/ca\/wp-json\/wp\/v2\/categories?post=5954"},{"taxonomy":"post_tag","embeddable":true,"href":"https:\/\/www.conselharan.org\/ca\/wp-json\/wp\/v2\/tags?post=5954"}],"curies":[{"name":"wp","href":"https:\/\/api.w.org\/{rel}","templated":true}]}}