{"id":59666,"date":"2024-10-28T15:42:48","date_gmt":"2024-10-28T14:42:48","guid":{"rendered":"https:\/\/www.conselharan.org\/exit-de-participacion-en-prumer-congres-de-ciberseguretat-armari-6-celebrat-en-aran\/"},"modified":"2024-10-28T15:43:33","modified_gmt":"2024-10-28T14:43:33","slug":"exit-de-participacion-en-prumer-congres-de-ciberseguretat-armari-6-celebrat-en-aran","status":"publish","type":"post","link":"https:\/\/www.conselharan.org\/ca\/exit-de-participacion-en-prumer-congres-de-ciberseguretat-armari-6-celebrat-en-aran\/","title":{"rendered":"Exit de participacion en prum\u00e8r Congr\u00e8s de Ciberseguretat \u201cArmari 6\u201d, celebrat en Aran"},"content":{"rendered":"<p><strong> <a href=\"https:\/\/www.conselharan.org\/ca\/exit-de-participacion-en-prumer-congres-de-ciberseguretat-armari-6-celebrat-en-aran\/whatsapp-image-2024-10-25-at-17-47-43-2\/\" rel=\"attachment wp-att-59649\"><img loading=\"lazy\" decoding=\"async\" class=\"aligncenter size-large wp-image-59649\" src=\"https:\/\/www.conselharan.org\/wp-content\/uploads\/2024\/10\/WhatsApp-Image-2024-10-25-at-17.47.43-1024x683.jpeg\" alt=\"\" width=\"1024\" height=\"683\" srcset=\"https:\/\/www.conselharan.org\/wp-content\/uploads\/2024\/10\/WhatsApp-Image-2024-10-25-at-17.47.43-1024x683.jpeg 1024w, https:\/\/www.conselharan.org\/wp-content\/uploads\/2024\/10\/WhatsApp-Image-2024-10-25-at-17.47.43-300x200.jpeg 300w, https:\/\/www.conselharan.org\/wp-content\/uploads\/2024\/10\/WhatsApp-Image-2024-10-25-at-17.47.43-768x512.jpeg 768w, https:\/\/www.conselharan.org\/wp-content\/uploads\/2024\/10\/WhatsApp-Image-2024-10-25-at-17.47.43-1536x1024.jpeg 1536w, https:\/\/www.conselharan.org\/wp-content\/uploads\/2024\/10\/WhatsApp-Image-2024-10-25-at-17.47.43-2048x1365.jpeg 2048w\" sizes=\"(max-width: 1024px) 100vw, 1024px\" \/><\/a><\/strong><\/p>\n<p>&nbsp;<\/p>\n<ul>\n<li><strong> Eth Conselh Generau d\u2019Aran, a trau\u00e8s de H\u00e8pic, eth Centre d\u2019Innovacion Territoriau dera Val d\u2019Aran, e damb eth sup\u00f2rt dera Ag\u00e8ncia de Ciberseguretat de Catalunya e era Diputacion de Lleida, a organizat eth prum\u00e8r Congr\u00e8s de Ciberseguretat Armari 6.<\/strong><\/li>\n<\/ul>\n<p>&nbsp;<\/p>\n<p>Es dies 24 e 25 d\u2019octobre, era Sala era Audiovisuau de Vielha acuelhie era prum\u00e8ra edicion deth Congr\u00e8s de Ciberseguretat \u201cArmari 6\u201d, que s\u2019exten\u00e8c en marc dera setmana dera ciberseguretat damb activitats pr\u00e8vies ath congr\u00e9s d\u2019exp\u00e8rts dirigides ara joenessa e ciutadania d\u2019Aran, e activitats posteriores, ent\u00e0 aqueri assistents qu\u2019alongu\u00e8ren era sua estada enquiara dimenjada.<\/p>\n<p>Er objectiu d\u2019aguesta prum\u00e8ra edicion a estat aufrir solucions efectives as r\u00e8ptes actuaus que plantege era ciberseguretat, en tot convocar a exp\u00e8rts des administracions publiques e deth sector privat ent\u00e0 compartir aprenentatges e auan\u00e7ar ena luta contra es amenaces cibernetiques.<\/p>\n<p>Ath long des dues jornades, es especialistes ena mat\u00e8ria presentauen, a trau\u00e8s de pon\u00e9ncies e ua taula redona, es s\u00f2ns coneishements, t\u00e0 impulsar eth debat e escambiar experi\u00e9ncies en ua prum\u00e8ra edicion qu\u2019a amassat un totau de tretze ponents e cent d\u00e8tz assistents.<\/p>\n<p>&nbsp;<\/p>\n<p><a href=\"https:\/\/www.conselharan.org\/ca\/exit-de-participacion-en-prumer-congres-de-ciberseguretat-armari-6-celebrat-en-aran\/fotos-congreso-ciberseguridad-jueves-25-octubre-2024-38-2\/\" rel=\"attachment wp-att-59661\"><img loading=\"lazy\" decoding=\"async\" class=\"aligncenter size-large wp-image-59661\" src=\"https:\/\/www.conselharan.org\/wp-content\/uploads\/2024\/10\/Fotos-Congreso-Ciberseguridad-Jueves-25-octubre-2024-38-1024x683.jpg\" alt=\"\" width=\"1024\" height=\"683\" srcset=\"https:\/\/www.conselharan.org\/wp-content\/uploads\/2024\/10\/Fotos-Congreso-Ciberseguridad-Jueves-25-octubre-2024-38-1024x683.jpg 1024w, https:\/\/www.conselharan.org\/wp-content\/uploads\/2024\/10\/Fotos-Congreso-Ciberseguridad-Jueves-25-octubre-2024-38-300x200.jpg 300w, https:\/\/www.conselharan.org\/wp-content\/uploads\/2024\/10\/Fotos-Congreso-Ciberseguridad-Jueves-25-octubre-2024-38-768x512.jpg 768w, https:\/\/www.conselharan.org\/wp-content\/uploads\/2024\/10\/Fotos-Congreso-Ciberseguridad-Jueves-25-octubre-2024-38-1536x1024.jpg 1536w, https:\/\/www.conselharan.org\/wp-content\/uploads\/2024\/10\/Fotos-Congreso-Ciberseguridad-Jueves-25-octubre-2024-38-2048x1365.jpg 2048w\" sizes=\"(max-width: 1024px) 100vw, 1024px\" \/><\/a><\/p>\n<p>&nbsp;<\/p>\n<p>Er eveniment inici\u00e8c damb era benvenguda institucionau per part de Juan Antonio Serrano, alcalde de Vielha e Mijaran , Agust\u00ed Jim\u00e9nez, vicepresident dera Diputaci\u00f3 de Lleida e deputat der airau de naues tecnologies, Paco Boya, secretari generau entath R\u00e8pte Demografic, qui expliqu\u00e8c era origina istorica der armari des sies claus que da n\u00f2m ath congr\u00e8s, e era intervencion dera sindica d\u2019Aran, Maria Verg\u00e9s qu\u2019afirm\u00e8c: \u201cQu\u2019aguest congr\u00e8s v\u00f2 democratizar es oportunitats des territ\u00f2ris de montanha en \u00e7\u00f2 que tanh as naues tecnologies e era innovacion\u201d \u201d, e higie que: \u201c volem demostrar qu\u2019\u00e8m capables de projectar-mos ar exterior en tot organizar eveniments d\u2019aguestes carcteristiques sus ua problematica f\u00f2r\u00e7a importanta coma era ciberseguretat qu\u2019afecte tant as institucions coma as enterpreses e ara ciutadania\u201d.<\/p>\n<p>Es pon\u00e9ncies s\u2019encet\u00e8ren damb er exp\u00e8rt en ciberseguretat dera enterpresa Telefonia,\u00a0 Alex Guasch, que restaqu\u00e8c era automatizacion deth Centre d&#8217;Operacions de Seguretat (SOC) damb diu\u00e8rsi epis\u00f2dis istorics relevanti en tot h\u00e8r un simil d\u2019aguesti proc\u00e8ssi. E ent\u00e0 barrar era prum\u00e8ra jornada, descorbirem dera man de Jordi Garcia Castill\u00f3n, CEO de CyberTECCH coma era ciberseguretat s\u2019a desvolopat ena naua era dera intellig\u00e9ncia artificiau entot remercar era import\u00e0ncia dera conscienciacion sus aguest nau paradigma.<\/p>\n<p>Londeman, daurirem era dusau jornada deth congr\u00e8s parlant des tend\u00e9ncies actuaus qu\u2019estant redefinint era ciberseguretat dera man deth gran exp\u00e8rt de l\u2019Ag\u00e8ncia de Ciberseguretat de Catalunya, cap dera unitat de donades, Santi Romeu.<\/p>\n<p>Ara seguida, era CEO d\u2019OptimumTIC, Rosa Ortu\u00f1o parl\u00e8c deth marc de seguretat qu\u2019an de complir es administracions publiques e totes aqueres enterpreses que les presten servicis tecnologics e era implementacion e compliment der Esqu\u00e8ma Nacionau de Seguretat (ENS).<\/p>\n<p>&nbsp;<\/p>\n<p><a href=\"https:\/\/www.conselharan.org\/ca\/exit-de-participacion-en-prumer-congres-de-ciberseguretat-armari-6-celebrat-en-aran\/whatsapp-image-2024-10-25-at-11-06-10-2\/\" rel=\"attachment wp-att-59655\"><img loading=\"lazy\" decoding=\"async\" class=\"aligncenter size-large wp-image-59655\" src=\"https:\/\/www.conselharan.org\/wp-content\/uploads\/2024\/10\/WhatsApp-Image-2024-10-25-at-11.06.10-1024x683.jpeg\" alt=\"\" width=\"1024\" height=\"683\" srcset=\"https:\/\/www.conselharan.org\/wp-content\/uploads\/2024\/10\/WhatsApp-Image-2024-10-25-at-11.06.10-1024x683.jpeg 1024w, https:\/\/www.conselharan.org\/wp-content\/uploads\/2024\/10\/WhatsApp-Image-2024-10-25-at-11.06.10-300x200.jpeg 300w, https:\/\/www.conselharan.org\/wp-content\/uploads\/2024\/10\/WhatsApp-Image-2024-10-25-at-11.06.10-768x512.jpeg 768w, https:\/\/www.conselharan.org\/wp-content\/uploads\/2024\/10\/WhatsApp-Image-2024-10-25-at-11.06.10-1536x1024.jpeg 1536w, https:\/\/www.conselharan.org\/wp-content\/uploads\/2024\/10\/WhatsApp-Image-2024-10-25-at-11.06.10-2048x1365.jpeg 2048w\" sizes=\"(max-width: 1024px) 100vw, 1024px\" \/><\/a><\/p>\n<p>&nbsp;<\/p>\n<p>Ena madeisha linha, era directora de certificacions dera Ag\u00e8ncia de Ciberseguretat de Catalunya, Helena Rodr\u00edguez h\u00e8c ua aproximacion practica sus es principis e requesits des sist\u00e8mes d\u2019informacion dera administracion publica ena implantacion der ENS.<\/p>\n<p>&nbsp;<\/p>\n<p><a href=\"https:\/\/www.conselharan.org\/ca\/exit-de-participacion-en-prumer-congres-de-ciberseguretat-armari-6-celebrat-en-aran\/whatsapp-image-2024-10-25-at-12-54-32-1-2\/\" rel=\"attachment wp-att-59652\"><img loading=\"lazy\" decoding=\"async\" class=\"aligncenter size-large wp-image-59652\" src=\"https:\/\/www.conselharan.org\/wp-content\/uploads\/2024\/10\/WhatsApp-Image-2024-10-25-at-12.54.32-1-1024x683.jpeg\" alt=\"\" width=\"1024\" height=\"683\" srcset=\"https:\/\/www.conselharan.org\/wp-content\/uploads\/2024\/10\/WhatsApp-Image-2024-10-25-at-12.54.32-1-1024x683.jpeg 1024w, https:\/\/www.conselharan.org\/wp-content\/uploads\/2024\/10\/WhatsApp-Image-2024-10-25-at-12.54.32-1-300x200.jpeg 300w, https:\/\/www.conselharan.org\/wp-content\/uploads\/2024\/10\/WhatsApp-Image-2024-10-25-at-12.54.32-1-768x512.jpeg 768w, https:\/\/www.conselharan.org\/wp-content\/uploads\/2024\/10\/WhatsApp-Image-2024-10-25-at-12.54.32-1-1536x1024.jpeg 1536w, https:\/\/www.conselharan.org\/wp-content\/uploads\/2024\/10\/WhatsApp-Image-2024-10-25-at-12.54.32-1-2048x1365.jpeg 2048w\" sizes=\"(max-width: 1024px) 100vw, 1024px\" \/><\/a><\/p>\n<p>&nbsp;<\/p>\n<p>Demp\u00fas d\u2019ua breu pausa, auec l\u00f2c era taula redona jos eth titol: Diferenti enfocaments ent\u00e0 un madeish objectiu: protegir era n\u00f2sta organizacion, moderada per Ram\u00f3n Arn\u00f3, CEO de La Familia Digital \u00a0que geric un interessant e fructifer debat entre exp\u00e8rts d&#8217;airaus f\u00f2r\u00e7a dispari\u00e8rs. Damb sies participaires, per part dera administracion publica en\u00e7\u00e0, Iv\u00e1n Betr\u00e1n, director deth departament de Naues Tecnologies dera\u00a0Diputaci\u00f3 de Lleida. Der airau privat, damb era participacion d&#8217;ua grana empresa, Repsol, a trau\u00e8s deth s\u00f2n director de Ciberseguretat e Risc tecnologic, Javier Garc\u00eda Quintela. Amassa damb dues empreses mejanes, Vunkers damb eth s\u00f2n CEO, Albert Mas e\u00a0 er especialista en ciberseguretat deth Grupo SIRT, Albert Gris. Toti eri damb empreses deth territ\u00f2ri damb base tecnologica, Baqueira Beret damb era participacion deth s\u00f2n CIO Jos\u00e9 Luis Sol\u00e9 e d\u2019Eisharc Jaquet, CEO d\u2019Arantec.<\/p>\n<p>Eth debat se centr\u00e8c en dues q\u00fcestions: coma cada exp\u00e8rt a dessenhat ena sua organizacion tot \u00e7\u00f2 qu&#8217;af\u00e8cte era ciberseguretat e quini son es tres majors r\u00e8ptes restacadi damb era ciberseguretat, en tot compartir punts d\u2019enguarda.<\/p>\n<p>Ara seguida, Joana Mar\u00ed, delegada de proteccion de donades e responsable de proj\u00e8ctes estrategics ena Autoritat Catalana de Protecci\u00f3 de Dades dera Generalitat, h\u00e8c ua introduccion ath reglament 2016\/679 e expliqu\u00e8c eth marc legau des incidents de ciberseguretat.<\/p>\n<p>Era intellig\u00e9ncia artificiau torn\u00e8c a \u00e8ster protagonista damb era pon\u00e9ncia de David Company, enginhaire en investigacion e desvolopament en ciberseguretat ena Fundaci\u00f3 i2cat qu&#8217;expliqu\u00e8c coma aguesta intellig\u00e9ncia serv\u00eds tant as ciberatacans coma as ciberdefensors.<\/p>\n<p>&nbsp;<\/p>\n<p><a href=\"https:\/\/www.conselharan.org\/ca\/exit-de-participacion-en-prumer-congres-de-ciberseguretat-armari-6-celebrat-en-aran\/whatsapp-image-2024-10-25-at-15-40-50-1-2\/\" rel=\"attachment wp-att-59658\"><img loading=\"lazy\" decoding=\"async\" class=\"aligncenter size-large wp-image-59658\" src=\"https:\/\/www.conselharan.org\/wp-content\/uploads\/2024\/10\/WhatsApp-Image-2024-10-25-at-15.40.50-1-1024x683.jpeg\" alt=\"\" width=\"1024\" height=\"683\" srcset=\"https:\/\/www.conselharan.org\/wp-content\/uploads\/2024\/10\/WhatsApp-Image-2024-10-25-at-15.40.50-1-1024x683.jpeg 1024w, https:\/\/www.conselharan.org\/wp-content\/uploads\/2024\/10\/WhatsApp-Image-2024-10-25-at-15.40.50-1-300x200.jpeg 300w, https:\/\/www.conselharan.org\/wp-content\/uploads\/2024\/10\/WhatsApp-Image-2024-10-25-at-15.40.50-1-768x512.jpeg 768w, https:\/\/www.conselharan.org\/wp-content\/uploads\/2024\/10\/WhatsApp-Image-2024-10-25-at-15.40.50-1-1536x1024.jpeg 1536w, https:\/\/www.conselharan.org\/wp-content\/uploads\/2024\/10\/WhatsApp-Image-2024-10-25-at-15.40.50-1-2048x1365.jpeg 2048w\" sizes=\"(max-width: 1024px) 100vw, 1024px\" \/><\/a><\/p>\n<p>Ath del\u00e0, d&#8217;una man\u00e8ra f\u00f2r\u00e7a ben estructurada e practica, Ra\u00fcl Roca, CEO de Grail Cyber Tech narr\u00e8c era gestion, analisi e responsa d&#8217;un ciberatac en un hotel fictici ent\u00e0 avalorar eth plan de responsa, patrons e le\u00e7ons aprenudes.<\/p>\n<p>Eth congr\u00e9s finaliz\u00e8c damb eth cap de conscienciacion e investigacion de ESET, Josep Albors que descriu\u00e8c damb gran claredat es tecniques qu&#8217;utilizen es delinq\u00fcents: coma ataquen, que h\u00e8n un c\u00f2p entren en sist\u00e8ma, quin ei eth s\u00f2n objectiu e es conseq\u00fc\u00e9ncies entara enterpresa, ent\u00e0 passar a establir es possibles solucions a aplicar.<\/p>\n<p>Fin finau, era clausura der eveniment siguec realizada pes caps d&#8217;innovacion deth Conselh Generau d&#8217;Aran: Guillem Piris e Sergio L\u00f3pez, e ent\u00e0 barrar er acte, eth conselh\u00e8r d&#8217;Innovacion, Oriol Sala, d\u00e8c es arregra\u00efments as ponents, ara organizacion e as assistents.<\/p>\n<p>Un c\u00f2p acabat eth programa oficiau deth congr\u00e8s, s\u2019an h\u00e8t activitats pendent era dimenjada damb era presentacion deth proj\u00e8cte innovador GUARDA+ damb tecnologia de realitat aumentada e visites t\u00e0 diu\u00e8rsi endrets emblematics dera Val d\u2019Aran coma era Artiga de Lin.<\/p>\n<p>&nbsp;<\/p>\n<p>&nbsp;<\/p>\n<p><em>Vielha, 28 d\u2019octobre de 2024<\/em><\/p>\n ","protected":false},"excerpt":{"rendered":"<p>&nbsp; Eth Conselh Generau d\u2019Aran, a trau\u00e8s de H\u00e8pic, eth Centre d\u2019Innovacion Territoriau dera Val d\u2019Aran, e damb eth sup\u00f2rt dera Ag\u00e8ncia de Ciberseguretat de Catalunya e era Diputacion de Lleida, a organizat eth prum\u00e8r Congr\u00e8s de Ciberseguretat Armari 6. &nbsp; Es dies 24 e 25 d\u2019octobre, era Sala era Audiovisuau de Vielha acuelhie era&#8230;<\/p>\n","protected":false},"author":2,"featured_media":59650,"comment_status":"closed","ping_status":"closed","sticky":false,"template":"","format":"standard","meta":{"footnotes":""},"categories":[31,53,803,36],"tags":[],"_links":{"self":[{"href":"https:\/\/www.conselharan.org\/ca\/wp-json\/wp\/v2\/posts\/59666"}],"collection":[{"href":"https:\/\/www.conselharan.org\/ca\/wp-json\/wp\/v2\/posts"}],"about":[{"href":"https:\/\/www.conselharan.org\/ca\/wp-json\/wp\/v2\/types\/post"}],"author":[{"embeddable":true,"href":"https:\/\/www.conselharan.org\/ca\/wp-json\/wp\/v2\/users\/2"}],"replies":[{"embeddable":true,"href":"https:\/\/www.conselharan.org\/ca\/wp-json\/wp\/v2\/comments?post=59666"}],"version-history":[{"count":2,"href":"https:\/\/www.conselharan.org\/ca\/wp-json\/wp\/v2\/posts\/59666\/revisions"}],"predecessor-version":[{"id":59680,"href":"https:\/\/www.conselharan.org\/ca\/wp-json\/wp\/v2\/posts\/59666\/revisions\/59680"}],"wp:featuredmedia":[{"embeddable":true,"href":"https:\/\/www.conselharan.org\/ca\/wp-json\/wp\/v2\/media\/59650"}],"wp:attachment":[{"href":"https:\/\/www.conselharan.org\/ca\/wp-json\/wp\/v2\/media?parent=59666"}],"wp:term":[{"taxonomy":"category","embeddable":true,"href":"https:\/\/www.conselharan.org\/ca\/wp-json\/wp\/v2\/categories?post=59666"},{"taxonomy":"post_tag","embeddable":true,"href":"https:\/\/www.conselharan.org\/ca\/wp-json\/wp\/v2\/tags?post=59666"}],"curies":[{"name":"wp","href":"https:\/\/api.w.org\/{rel}","templated":true}]}}