{"id":59679,"date":"2024-10-28T19:37:46","date_gmt":"2024-10-28T18:37:46","guid":{"rendered":"https:\/\/www.conselharan.org\/?p=59679"},"modified":"2024-10-28T19:37:46","modified_gmt":"2024-10-28T18:37:46","slug":"exit-de-participacio-al-primer-congres-de-ciberseguretat-armari-6-celebrat-a-aran","status":"publish","type":"post","link":"https:\/\/www.conselharan.org\/ca\/exit-de-participacio-al-primer-congres-de-ciberseguretat-armari-6-celebrat-a-aran\/","title":{"rendered":"\u00c8xit de participaci\u00f3 al primer Congr\u00e9s de Ciberseguretat \u201cArmari 6\u201d, celebrat a Aran"},"content":{"rendered":"<h3><a href=\"https:\/\/www.conselharan.org\/ca\/exit-de-participacion-en-prumer-congres-de-ciberseguretat-armari-6-celebrat-en-aran\/whatsapp-image-2024-10-25-at-17-47-43-2\/\" rel=\"attachment wp-att-59650\"><img loading=\"lazy\" decoding=\"async\" class=\"aligncenter size-large wp-image-59650\" src=\"https:\/\/www.conselharan.org\/wp-content\/uploads\/2024\/10\/WhatsApp-Image-2024-10-25-at-17.47.43-1024x683.jpeg\" alt=\"\" width=\"1024\" height=\"683\" srcset=\"https:\/\/www.conselharan.org\/wp-content\/uploads\/2024\/10\/WhatsApp-Image-2024-10-25-at-17.47.43-1024x683.jpeg 1024w, https:\/\/www.conselharan.org\/wp-content\/uploads\/2024\/10\/WhatsApp-Image-2024-10-25-at-17.47.43-300x200.jpeg 300w, https:\/\/www.conselharan.org\/wp-content\/uploads\/2024\/10\/WhatsApp-Image-2024-10-25-at-17.47.43-768x512.jpeg 768w, https:\/\/www.conselharan.org\/wp-content\/uploads\/2024\/10\/WhatsApp-Image-2024-10-25-at-17.47.43-1536x1024.jpeg 1536w, https:\/\/www.conselharan.org\/wp-content\/uploads\/2024\/10\/WhatsApp-Image-2024-10-25-at-17.47.43-2048x1365.jpeg 2048w\" sizes=\"(max-width: 1024px) 100vw, 1024px\" \/><\/a><\/h3>\n<h3><b>El Conselh Generau d\u2019Aran, a trav\u00e9s de H\u00e8pic, el Centre d\u2019Innovaci\u00f3 Territorial de la Val d\u2019Aran, i amb el suport de l\u2019Ag\u00e8ncia de Ciberseguretat de Catalunya i de la Diputaci\u00f3 de Lleida, ha organitzat el primer Congr\u00e9s de Ciberseguretat Armari 6.<\/b><\/h3>\n<p>Els dies 24 i 25 d\u2019octubre, la Sala l&#8217;Audiovisual de Vielha acollia la primera edici\u00f3 del Congr\u00e9s de Ciberseguretat \u201cArmari 6\u201d, que es va expandir en el marc de la setmana de la ciberseguretat amb activitats pr\u00e8vies al congr\u00e9s d\u2019experts dirigides a la joventut i ciutadania d\u2019Aran, i activitats posteriors, per aquells assistents que van allargar la seva estada fins el cap de setmana.<\/p>\n<p>L&#8217;objectiu d\u2019aquesta primera edici\u00f3 ha estat oferir solucions efectives als reptes actuals que planteja la ciberseguretat, convocant a experts de les administracions p\u00fabliques i del sector privat per compartir aprenentatges i avan\u00e7ar en la lluita contra els amenaces cibern\u00e8tiques.<\/p>\n<p>Al llarg de les dues jornades, els especialistes en la mat\u00e8ria presentaven, a trav\u00e9s de pon\u00e8ncies i una taula rodona, els seus coneixements, per impulsar el debat i intercanviar experi\u00e8ncies en una primera edici\u00f3 que ha reunit un total tretze ponents i cent deu assistents.<\/p>\n<p><a href=\"https:\/\/www.conselharan.org\/ca\/exit-de-participacion-en-prumer-congres-de-ciberseguretat-armari-6-celebrat-en-aran\/fotos-congreso-ciberseguridad-jueves-25-octubre-2024-38-2\/\" rel=\"attachment wp-att-59662\"><img loading=\"lazy\" decoding=\"async\" class=\"aligncenter size-large wp-image-59662\" src=\"https:\/\/www.conselharan.org\/wp-content\/uploads\/2024\/10\/Fotos-Congreso-Ciberseguridad-Jueves-25-octubre-2024-38-1024x683.jpg\" alt=\"\" width=\"1024\" height=\"683\" srcset=\"https:\/\/www.conselharan.org\/wp-content\/uploads\/2024\/10\/Fotos-Congreso-Ciberseguridad-Jueves-25-octubre-2024-38-1024x683.jpg 1024w, https:\/\/www.conselharan.org\/wp-content\/uploads\/2024\/10\/Fotos-Congreso-Ciberseguridad-Jueves-25-octubre-2024-38-300x200.jpg 300w, https:\/\/www.conselharan.org\/wp-content\/uploads\/2024\/10\/Fotos-Congreso-Ciberseguridad-Jueves-25-octubre-2024-38-768x512.jpg 768w, https:\/\/www.conselharan.org\/wp-content\/uploads\/2024\/10\/Fotos-Congreso-Ciberseguridad-Jueves-25-octubre-2024-38-1536x1024.jpg 1536w, https:\/\/www.conselharan.org\/wp-content\/uploads\/2024\/10\/Fotos-Congreso-Ciberseguridad-Jueves-25-octubre-2024-38-2048x1365.jpg 2048w\" sizes=\"(max-width: 1024px) 100vw, 1024px\" \/><\/a><\/p>\n<p>L&#8217;esdeveniment va iniciar amb la benvinguda institucional per part de Juan Antonio Serrano, alcalde de Vielha i Mijaran, Agust\u00ed Jim\u00e9nez, vicepresident de la Diputaci\u00f3 de Lleida i diputat de l&#8217;\u00e0rea de noves tecnologies, Paco Boya, secretari general pel Repte Demogr\u00e0fic, qui va explicar l&#8217;origen hist\u00f2ric de l&#8217;armari de les sis claus que dona nom al congr\u00e9s, i la intervenci\u00f3 de la s\u00edndica d\u2019Aran, Maria Verg\u00e9s, que va afirmar: \u201cQue aquest congr\u00e9s vol democratitzar les oportunitats dels territoris de muntanya quant a les noves tecnologies i la innovaci\u00f3\u201d, i afegia que: \u201cVolem demostrar que som capa\u00e7os de projectar-nos a l&#8217;exterior organitzant esdeveniments d\u2019aquestes caracter\u00edstiques sobre una problem\u00e0tica molt important com la ciberseguretat que afecta tant a les institucions com a les empreses i a la ciutadania\u201d.<\/p>\n<p>Les pon\u00e8ncies es van encetar amb l&#8217;expert en ciberseguretat de l&#8217;empresa Telefonia, Alex Guasch, que va relacionar l&#8217;automatitzaci\u00f3 del Centre d&#8217;Operacions de Seguretat (SOC) amb diversos episodis hist\u00f2rics rellevants fent un s\u00edmil d\u2019aquests processos. I per tancar la primera jornada, vam descobrir de la m\u00e0 de Jordi Garcia Castill\u00f3n, CEO de CyberTECCH com la ciberseguretat s\u2019ha desenvolupat en la nova era de la intel\u00b7lig\u00e8ncia artificial remarcant la import\u00e0ncia de la conscienciaci\u00f3 sobre aquest nou paradigma.<\/p>\n<p>L&#8217;endem\u00e0, vam obrir la segona jornada del congr\u00e9s parlant de les tend\u00e8ncies actuals que Sent redefinint la ciberseguretat de la m\u00e0 del gran expert de l\u2019Ag\u00e8ncia de Ciberseguretat de Catalunya, cap de la unitat de donades, Santi Romeu.<\/p>\n<p>Tot seguit, la CEO d\u2019OptimumTIC, Rosa Ortu\u00f1o va parlar del marc de seguretat que han de complir les administracions p\u00fabliques i totes aquelles empreses que els presten serveis tecnol\u00f2gics i la implementaci\u00f3 i compliment de l&#8217;Esquema Nacional de Seguretat (ENS).<\/p>\n<p><a href=\"https:\/\/www.conselharan.org\/ca\/exit-de-participacion-en-prumer-congres-de-ciberseguretat-armari-6-celebrat-en-aran\/whatsapp-image-2024-10-25-at-11-06-10-2\/\" rel=\"attachment wp-att-59656\"><img loading=\"lazy\" decoding=\"async\" class=\"aligncenter size-large wp-image-59656\" src=\"https:\/\/www.conselharan.org\/wp-content\/uploads\/2024\/10\/WhatsApp-Image-2024-10-25-at-11.06.10-1024x683.jpeg\" alt=\"\" width=\"1024\" height=\"683\" srcset=\"https:\/\/www.conselharan.org\/wp-content\/uploads\/2024\/10\/WhatsApp-Image-2024-10-25-at-11.06.10-1024x683.jpeg 1024w, https:\/\/www.conselharan.org\/wp-content\/uploads\/2024\/10\/WhatsApp-Image-2024-10-25-at-11.06.10-300x200.jpeg 300w, https:\/\/www.conselharan.org\/wp-content\/uploads\/2024\/10\/WhatsApp-Image-2024-10-25-at-11.06.10-768x512.jpeg 768w, https:\/\/www.conselharan.org\/wp-content\/uploads\/2024\/10\/WhatsApp-Image-2024-10-25-at-11.06.10-1536x1024.jpeg 1536w, https:\/\/www.conselharan.org\/wp-content\/uploads\/2024\/10\/WhatsApp-Image-2024-10-25-at-11.06.10-2048x1365.jpeg 2048w\" sizes=\"(max-width: 1024px) 100vw, 1024px\" \/><\/a><\/p>\n<p>En la mateixa l\u00ednia, la directora de certificacions de l\u2019Ag\u00e8ncia de Ciberseguretat de Catalunya, Helena Rodr\u00edguez va fer una aproximaci\u00f3 pr\u00e0ctica sobre els principis i requisits dels sistemes d\u2019informaci\u00f3 de l&#8217;administraci\u00f3 p\u00fablica en la implantaci\u00f3 de l\u2019ENS.<\/p>\n<p><b data-olk-copy-source=\"MessageBody\"><a href=\"https:\/\/www.conselharan.org\/ca\/exit-de-participacion-en-prumer-congres-de-ciberseguretat-armari-6-celebrat-en-aran\/whatsapp-image-2024-10-25-at-12-54-32-1-2\/\" rel=\"attachment wp-att-59653\"><img loading=\"lazy\" decoding=\"async\" class=\"aligncenter size-large wp-image-59653\" src=\"https:\/\/www.conselharan.org\/wp-content\/uploads\/2024\/10\/WhatsApp-Image-2024-10-25-at-12.54.32-1-1024x683.jpeg\" alt=\"\" width=\"1024\" height=\"683\" srcset=\"https:\/\/www.conselharan.org\/wp-content\/uploads\/2024\/10\/WhatsApp-Image-2024-10-25-at-12.54.32-1-1024x683.jpeg 1024w, https:\/\/www.conselharan.org\/wp-content\/uploads\/2024\/10\/WhatsApp-Image-2024-10-25-at-12.54.32-1-300x200.jpeg 300w, https:\/\/www.conselharan.org\/wp-content\/uploads\/2024\/10\/WhatsApp-Image-2024-10-25-at-12.54.32-1-768x512.jpeg 768w, https:\/\/www.conselharan.org\/wp-content\/uploads\/2024\/10\/WhatsApp-Image-2024-10-25-at-12.54.32-1-1536x1024.jpeg 1536w, https:\/\/www.conselharan.org\/wp-content\/uploads\/2024\/10\/WhatsApp-Image-2024-10-25-at-12.54.32-1-2048x1365.jpeg 2048w\" sizes=\"(max-width: 1024px) 100vw, 1024px\" \/><\/a><\/b><\/p>\n<p>Despr\u00e9s d\u2019una breu pausa, va tenir lloc la taula rodona sota el t\u00edtol: Diferents enfocaments per un mateix objectiu: protegir la nostra organitzaci\u00f3, moderada per Ram\u00f3n Arn\u00f3, CEO de La Fam\u00edlia Digital\u00a0 que va gestionar un interessant i fruct\u00edfer debat entre experts d&#8217;\u00e0rees molt diferents. Amb sis participants, per part de l&#8217;administraci\u00f3 p\u00fablica, Iv\u00e1n Betr\u00e1n, director del departament de Noves Tecnologies de la Diputaci\u00f3 de Lleida. De l&#8217;\u00e0rea privada, amb la participaci\u00f3 d&#8217;una gran empresa, Repsol, a trav\u00e9s del seu director de Ciberseguretat i Risc tecnol\u00f2gic, Javier Garc\u00eda Quintela. Juntament amb dues empreses mitjanes, Vunkers amb el seu CEO, Albert Mas i\u00a0 l&#8217;especialista en el ciberseguretat del Grupo SIRT, Albert Gris. Tots ells amb empreses del territori amb base tecnol\u00f2gica, Baqueira Beret amb la participaci\u00f3 del seu CIO Jos\u00e9 Luis Sol\u00e9 i d\u2019Eisharc Jaquet, CEO d\u2019Arantec.<\/p>\n<p>El debat es va centrar en dues q\u00fcestions: com cada expert ha dissenyat en la seva organitzaci\u00f3 tot el que afecta la ciberseguretat i quin s\u00f3n els tres majors reptes relacionats amb la ciberseguretat, compartint punts de vista.<\/p>\n<p>Tot seguit, Joana Mar\u00ed, delegada de protecci\u00f3 de donades i responsable de projectes estrat\u00e8gics en l&#8217;Autoritat Catalana de Protecci\u00f3 de Donades de la Generalitat, va fer una introducci\u00f3 al reglament 2016\/679 i va explicar el marc legal dels incidents de ciberseguretat.<\/p>\n<p>La intel\u00b7lig\u00e8ncia artificial va tornar a ser protagonista amb la pon\u00e8ncia de David Company, enginyer en investigaci\u00f3 i desenvolupament en el ciberseguretat en la Fundaci\u00f3 i2cat que va explicar com aquesta intel\u00b7lig\u00e8ncia serveix tant als ciberatacants com als ciberdefensors.<\/p>\n<p><a href=\"https:\/\/www.conselharan.org\/ca\/exit-de-participacion-en-prumer-congres-de-ciberseguretat-armari-6-celebrat-en-aran\/whatsapp-image-2024-10-25-at-15-40-50-1-2\/\" rel=\"attachment wp-att-59659\"><img loading=\"lazy\" decoding=\"async\" class=\"aligncenter size-large wp-image-59659\" src=\"https:\/\/www.conselharan.org\/wp-content\/uploads\/2024\/10\/WhatsApp-Image-2024-10-25-at-15.40.50-1-1024x683.jpeg\" alt=\"\" width=\"1024\" height=\"683\" srcset=\"https:\/\/www.conselharan.org\/wp-content\/uploads\/2024\/10\/WhatsApp-Image-2024-10-25-at-15.40.50-1-1024x683.jpeg 1024w, https:\/\/www.conselharan.org\/wp-content\/uploads\/2024\/10\/WhatsApp-Image-2024-10-25-at-15.40.50-1-300x200.jpeg 300w, https:\/\/www.conselharan.org\/wp-content\/uploads\/2024\/10\/WhatsApp-Image-2024-10-25-at-15.40.50-1-768x512.jpeg 768w, https:\/\/www.conselharan.org\/wp-content\/uploads\/2024\/10\/WhatsApp-Image-2024-10-25-at-15.40.50-1-1536x1024.jpeg 1536w, https:\/\/www.conselharan.org\/wp-content\/uploads\/2024\/10\/WhatsApp-Image-2024-10-25-at-15.40.50-1-2048x1365.jpeg 2048w\" sizes=\"(max-width: 1024px) 100vw, 1024px\" \/><\/a><\/p>\n<p>A m\u00e9s, d\u2019una manera molt estructurada i pr\u00e0ctica, Ra\u00fcl Roca, CEO de Grail Cyber Tech va narrar la gesti\u00f3, an\u00e0lisi i resposta d&#8217;un ciberatac en un hotel fictici per valorar el pla de resposta, patrons i lli\u00e7ons apreses.<\/p>\n<p>El congr\u00e9s va finalitzar amb el cap de conscienciaci\u00f3 i investigaci\u00f3 d\u2019ESET, Josep Albors que va descriure amb gran claredat les t\u00e8cniques que utilitzen els delinq\u00fcents: com ataquen, que fan una vegada entren en el sistema, quin \u00e9s el seu objectiu i les conseq\u00fc\u00e8ncies per l&#8217;empresa, per passar a establir les possibles solucions per aplicar.<\/p>\n<p>Finalment, la clausura de l&#8217;esdeveniment va ser realitzada pels caps d&#8217;innovaci\u00f3 del Conselh Generau d&#8217;Aran: Guillem Piris i Sergio L\u00f3pez, i per tancar l&#8217;acte, el conselh\u00e8r d&#8217;Innovaci\u00f3, Oriol Sala, va donar els agra\u00efments als ponents, a l&#8217;organitzaci\u00f3 i als assistents.<\/p>\n<p>Un cop acabat el programa oficial del congr\u00e9s, s\u2019han fet activitats durant el cap de setmana amb la presentaci\u00f3 del projecte innovador GUARDA+ amb tecnologia de realitat augmentada i visites per diversos indrets emblem\u00e0tics de la Val d\u2019Aran com l&#8217;Artiga de Lin.<\/p>\n<p>Vielha, 28 d\u2019octubre de 2024<\/p>\n ","protected":false},"excerpt":{"rendered":"<p>El Conselh Generau d\u2019Aran, a trav\u00e9s de H\u00e8pic, el Centre d\u2019Innovaci\u00f3 Territorial de la Val d\u2019Aran, i amb el suport de l\u2019Ag\u00e8ncia de Ciberseguretat de Catalunya i de la Diputaci\u00f3 de Lleida, ha organitzat el primer Congr\u00e9s de Ciberseguretat Armari 6. Els dies 24 i 25 d\u2019octubre, la Sala l&#8217;Audiovisual de Vielha acollia la primera&#8230;<\/p>\n","protected":false},"author":2,"featured_media":59650,"comment_status":"closed","ping_status":"closed","sticky":false,"template":"","format":"standard","meta":{"footnotes":""},"categories":[31,53,803,33,36],"tags":[],"_links":{"self":[{"href":"https:\/\/www.conselharan.org\/ca\/wp-json\/wp\/v2\/posts\/59679"}],"collection":[{"href":"https:\/\/www.conselharan.org\/ca\/wp-json\/wp\/v2\/posts"}],"about":[{"href":"https:\/\/www.conselharan.org\/ca\/wp-json\/wp\/v2\/types\/post"}],"author":[{"embeddable":true,"href":"https:\/\/www.conselharan.org\/ca\/wp-json\/wp\/v2\/users\/2"}],"replies":[{"embeddable":true,"href":"https:\/\/www.conselharan.org\/ca\/wp-json\/wp\/v2\/comments?post=59679"}],"version-history":[{"count":1,"href":"https:\/\/www.conselharan.org\/ca\/wp-json\/wp\/v2\/posts\/59679\/revisions"}],"predecessor-version":[{"id":59681,"href":"https:\/\/www.conselharan.org\/ca\/wp-json\/wp\/v2\/posts\/59679\/revisions\/59681"}],"wp:featuredmedia":[{"embeddable":true,"href":"https:\/\/www.conselharan.org\/ca\/wp-json\/wp\/v2\/media\/59650"}],"wp:attachment":[{"href":"https:\/\/www.conselharan.org\/ca\/wp-json\/wp\/v2\/media?parent=59679"}],"wp:term":[{"taxonomy":"category","embeddable":true,"href":"https:\/\/www.conselharan.org\/ca\/wp-json\/wp\/v2\/categories?post=59679"},{"taxonomy":"post_tag","embeddable":true,"href":"https:\/\/www.conselharan.org\/ca\/wp-json\/wp\/v2\/tags?post=59679"}],"curies":[{"name":"wp","href":"https:\/\/api.w.org\/{rel}","templated":true}]}}