{"id":6124,"date":"2015-02-02T08:00:13","date_gmt":"2015-02-02T07:00:13","guid":{"rendered":"http:\/\/www.conselharan.org\/?p=6124"},"modified":"2015-01-30T16:02:40","modified_gmt":"2015-01-30T15:02:40","slug":"resultats-de-la-recollida-selectiva-a-la-val-daran-durant-el-2014","status":"publish","type":"post","link":"https:\/\/www.conselharan.org\/ca\/resultats-de-la-recollida-selectiva-a-la-val-daran-durant-el-2014\/","title":{"rendered":"Resultats de la recollida selectiva a la Val d\u2019Aran durant el 2014"},"content":{"rendered":"<p><a href=\"http:\/\/www.conselharan.org\/wp-content\/uploads\/2015\/01\/INSAUSTI_VALDECANTOS_ROMERO-POLO.jpg\"><img loading=\"lazy\" decoding=\"async\" class=\"aligncenter size-large wp-image-6121\" alt=\"INSAUSTI_VALDECANTOS_ROMERO POLO\" src=\"http:\/\/www.conselharan.org\/wp-content\/uploads\/2015\/01\/INSAUSTI_VALDECANTOS_ROMERO-POLO-1024x518.jpg\" width=\"1024\" height=\"518\" srcset=\"https:\/\/www.conselharan.org\/wp-content\/uploads\/2015\/01\/INSAUSTI_VALDECANTOS_ROMERO-POLO-1024x518.jpg 1024w, https:\/\/www.conselharan.org\/wp-content\/uploads\/2015\/01\/INSAUSTI_VALDECANTOS_ROMERO-POLO-300x151.jpg 300w\" sizes=\"(max-width: 1024px) 100vw, 1024px\" \/><\/a><\/p>\n<p>El conselh\u00e8r de Territori d\u2019Aran, <strong>Eduardo Valdecantos<\/strong>, juntament amb l\u2019assessor t\u00e8cnic del Conselh Generau d\u2019Aran en mat\u00e8ria de recollida de residus, <strong>Josep Ma. Insausti<\/strong>, han presentat al Conselh Generau d\u2019Aran els resultats de la recollida selectiva a la Val d\u2019Aran durant l&#8217;any 2014.<br \/>\n<strong><\/strong><\/p>\n<p><strong>Valdecantos<\/strong> ha afirmat \u201c<strong>els resultats s\u00f3n bons i aix\u00f2 \u00e9s gr\u00e0cies a la implicaci\u00f3 de tots els ve\u00efns d\u2019Aran. Ara hem de seguir explicant la import\u00e0ncia de fer-ho b\u00e9 perqu\u00e8 la responsabilitat de les deixalles \u00e9s de qui les produeix\u201d<\/strong>.<\/p>\n<p>Per tal de conscienciar a la gent sobre la recollida selectiva, durant tot l\u2019any 2014 es van realitzat reunions informatives a tots els municipis de la Val d\u2019Aran.<\/p>\n<p>En aquestes reunions, el Gov\u00e8rn aran\u00e8s va informar de l&#8217;ampliaci\u00f3 del servei, les noves ubicacions de les illes de contenidors de vidre, paper, envasos, org\u00e0nica i, es va facilitar a tots, ferrats i bosses espec\u00edfiques per la separaci\u00f3 de la fracci\u00f3 org\u00e0nica, aix\u00ed com imans amb explicaci\u00f3 del contingut de cada una de les fraccions amb els formats que l\u2019Ag\u00e8ncia de Residus de Catalunya t\u00e9 a disposici\u00f3 dels usuaris en la seva web.<\/p>\n<p><strong>Valdecantos<\/strong> ha afegit <strong>\u201cdes de l&#8217;inici de la nostra legislatura, aquest era un dels objectius que hav\u00edem d\u2019aconseguir. Un pa\u00eds com el nostre, que a m\u00e9s, vol ser destinaci\u00f3 tur\u00edstica i, que reuneix for\u00e7a visitants, ha de donar resposta i solucions a la gesti\u00f3 dels residus\u201d.<\/strong><\/p>\n<p>Tot el material, aix\u00ed com els igl\u00fas que faltaven per acabar les illes de contenidors, van significar un esfor\u00e7 econ\u00f2mic pel govern aran\u00e8s de <strong>m\u00e9s de 50.000\u20ac.<\/strong><\/p>\n<p><strong>Durant el 2014 s\u2019ha recollit:<\/strong><\/p>\n<p>&#8211; Org\u00e0nica: 1.015,51 Tones<br \/>\n&#8211; Envasos: 124,46 Tones<br \/>\n&#8211; Paper\/cartr\u00f3: 352,37 Tones<br \/>\n&#8211; Vidre: 478,78 Tones<br \/>\n&#8211; Resta: 5.161,58 Tones<\/p>\n<p>Tamb\u00e9 s\u2019ha presentat la nova concesionaria del servei de recollida de la Val d\u2019Aran, <strong>Romero Polo, S.L.<\/strong><\/p>\n<p><a href=\"http:\/\/www.conselharan.org\/wp-content\/uploads\/2015\/01\/PREMIADI_ARAN-RECICLE.jpg\"><img loading=\"lazy\" decoding=\"async\" class=\"aligncenter size-large wp-image-6122\" alt=\"PREMIADI_ARAN RECICLE\" src=\"http:\/\/www.conselharan.org\/wp-content\/uploads\/2015\/01\/PREMIADI_ARAN-RECICLE-1024x590.jpg\" width=\"1024\" height=\"590\" srcset=\"https:\/\/www.conselharan.org\/wp-content\/uploads\/2015\/01\/PREMIADI_ARAN-RECICLE-1024x590.jpg 1024w, https:\/\/www.conselharan.org\/wp-content\/uploads\/2015\/01\/PREMIADI_ARAN-RECICLE-300x172.jpg 300w, https:\/\/www.conselharan.org\/wp-content\/uploads\/2015\/01\/PREMIADI_ARAN-RECICLE-305x175.jpg 305w\" sizes=\"(max-width: 1024px) 100vw, 1024px\" \/><\/a><\/p>\n<p>Per finalitzar, han entregat els premis del concurs \u201c<strong>ARAN RECICLE\u201d<\/strong> de Catalunya R\u00e0dio.<\/p>\n<p>En paraules del conselh\u00e8r <strong>Valdecantos \u201camb aquest tipus de concurs volem conscienciar de la necessitat de reciclar i reutilitzar els materials del nostre entorn\u201d.<\/strong><\/p>\n ","protected":false},"excerpt":{"rendered":"<p>El conselh\u00e8r de Territori d\u2019Aran, Eduardo Valdecantos, juntament amb l\u2019assessor t\u00e8cnic del Conselh Generau d\u2019Aran en mat\u00e8ria de recollida de residus, Josep Ma. Insausti, han presentat al Conselh Generau d\u2019Aran els resultats de la recollida selectiva a la Val d\u2019Aran durant l&#8217;any 2014. Valdecantos ha afirmat \u201cels resultats s\u00f3n bons i aix\u00f2 \u00e9s gr\u00e0cies a&#8230;<\/p>\n","protected":false},"author":2,"featured_media":6122,"comment_status":"closed","ping_status":"closed","sticky":false,"template":"","format":"standard","meta":{"footnotes":""},"categories":[31,53,33,36],"tags":[],"_links":{"self":[{"href":"https:\/\/www.conselharan.org\/ca\/wp-json\/wp\/v2\/posts\/6124"}],"collection":[{"href":"https:\/\/www.conselharan.org\/ca\/wp-json\/wp\/v2\/posts"}],"about":[{"href":"https:\/\/www.conselharan.org\/ca\/wp-json\/wp\/v2\/types\/post"}],"author":[{"embeddable":true,"href":"https:\/\/www.conselharan.org\/ca\/wp-json\/wp\/v2\/users\/2"}],"replies":[{"embeddable":true,"href":"https:\/\/www.conselharan.org\/ca\/wp-json\/wp\/v2\/comments?post=6124"}],"version-history":[{"count":1,"href":"https:\/\/www.conselharan.org\/ca\/wp-json\/wp\/v2\/posts\/6124\/revisions"}],"predecessor-version":[{"id":6125,"href":"https:\/\/www.conselharan.org\/ca\/wp-json\/wp\/v2\/posts\/6124\/revisions\/6125"}],"wp:featuredmedia":[{"embeddable":true,"href":"https:\/\/www.conselharan.org\/ca\/wp-json\/wp\/v2\/media\/6122"}],"wp:attachment":[{"href":"https:\/\/www.conselharan.org\/ca\/wp-json\/wp\/v2\/media?parent=6124"}],"wp:term":[{"taxonomy":"category","embeddable":true,"href":"https:\/\/www.conselharan.org\/ca\/wp-json\/wp\/v2\/categories?post=6124"},{"taxonomy":"post_tag","embeddable":true,"href":"https:\/\/www.conselharan.org\/ca\/wp-json\/wp\/v2\/tags?post=6124"}],"curies":[{"name":"wp","href":"https:\/\/api.w.org\/{rel}","templated":true}]}}