{"id":6146,"date":"2015-01-31T17:54:58","date_gmt":"2015-01-31T16:54:58","guid":{"rendered":"http:\/\/www.conselharan.org\/?p=6146"},"modified":"2015-01-31T17:54:58","modified_gmt":"2015-01-31T16:54:58","slug":"laura-orgue-i-diego-ruiz-vencedors-del-campionat-despanya-a-beret","status":"publish","type":"post","link":"https:\/\/www.conselharan.org\/ca\/laura-orgue-i-diego-ruiz-vencedors-del-campionat-despanya-a-beret\/","title":{"rendered":"Laura Orgu\u00e9 i Diego Ruiz, vencedors del Campionat d&#8217;Espanya a Beret"},"content":{"rendered":"<p>\u2022<strong> El Pla de Beret ha acollit el Campionat d&#8217;Espanya d&#8217;esqu\u00ed de fons de llarga dist\u00e0ncia- 2nTrofeu SALOMON Skating, amb dos recorreguts: 15 Km i 30 Km<\/strong><br \/>\n<strong> <\/strong><\/p>\n<p><strong>\u2022 Primer lloc en les seves respectives categories per a les araneses, Lydia Iglesias (ANEC) i Marta C\u00e9ster (CAEI)<\/strong><br \/>\n<strong> <\/strong><\/p>\n<p><strong>\u2022 Podi per als aranesos Roger Espinet (CAEI) i Marc P\u00e9rez (ANEC)<\/strong><br \/>\n<strong> <\/strong><\/p>\n<p><strong>\u2022 Bon paper tamb\u00e9 del jove aran\u00e8s, Marc Vidal, de l&#8217;ANEC que ha acabat 4rt<\/strong><\/p>\n<p><a href=\"http:\/\/www.conselharan.org\/wp-content\/uploads\/2015\/01\/Laura-Orgue.jpg\"><img loading=\"lazy\" decoding=\"async\" class=\"aligncenter size-large wp-image-6140\" alt=\"Laura Orgue\" src=\"http:\/\/www.conselharan.org\/wp-content\/uploads\/2015\/01\/Laura-Orgue-1024x768.jpg\" width=\"1024\" height=\"768\" srcset=\"https:\/\/www.conselharan.org\/wp-content\/uploads\/2015\/01\/Laura-Orgue-1024x768.jpg 1024w, https:\/\/www.conselharan.org\/wp-content\/uploads\/2015\/01\/Laura-Orgue-300x225.jpg 300w\" sizes=\"(max-width: 1024px) 100vw, 1024px\" \/><\/a><\/p>\n<p><em>Laura Orgu\u00e9, seguida per Diego Ruiz<\/em><\/p>\n<p>&nbsp;<\/p>\n<p><span style=\"line-height: 1.5em;\">El Pla de Beret ha acollit avui el <\/span><strong style=\"line-height: 1.5em;\">Campionat d&#8217;Espanya de llarga dist\u00e0ncia- 2nTrofeu SALOMON Skating<\/strong><span style=\"line-height: 1.5em;\">, una prova en estil lliure (Skating) en la qual s&#8217;han donat cita 102 corredors i ha comptat amb dos recorreguts, un de 15 Km i un altre de 31 Km.<\/span><\/p>\n<p>L&#8217;esquiadora catalana de la RFEDI, <strong>Laura Orgu\u00e9<\/strong>, s&#8217;ha proclamat vencedora (30Km) amb un temps de 02:02:53, en segona posici\u00f3 ha finalitzat l&#8217;aragonesa, <strong>M\u00f3nica S\u00e1ez<\/strong>, amb un temps de 02:07:09 i tercera, l&#8217;esquiadora basca <strong>Maialen L\u00f3pez<\/strong> amb un temps de 02:08:00.<\/p>\n<p>El guanyador en la prova masculina (30Km) ha estat l&#8217;esquiador de Jaca, <strong>Diego Ruiz,<\/strong> amb un temps de 01:46:12, seguit de l&#8217;aragon\u00e8s, <strong>Pedro Quintana<\/strong>, amb un temps de 01:52:44 i tercer ha finalitzat, el tamb\u00e9 aragon\u00e8s, <strong>Roberto Piqueras<\/strong>, amb un temps de 01:53:28.<\/p>\n<p><a href=\"http:\/\/www.conselharan.org\/wp-content\/uploads\/2015\/01\/Lydia-Iglesias_Marta-Cester.jpg\"><img loading=\"lazy\" decoding=\"async\" class=\"aligncenter size-large wp-image-6141\" alt=\"Lydia Iglesias_Marta Cester\" src=\"http:\/\/www.conselharan.org\/wp-content\/uploads\/2015\/01\/Lydia-Iglesias_Marta-Cester-1024x685.jpg\" width=\"1024\" height=\"685\" srcset=\"https:\/\/www.conselharan.org\/wp-content\/uploads\/2015\/01\/Lydia-Iglesias_Marta-Cester-1024x685.jpg 1024w, https:\/\/www.conselharan.org\/wp-content\/uploads\/2015\/01\/Lydia-Iglesias_Marta-Cester-300x200.jpg 300w\" sizes=\"(max-width: 1024px) 100vw, 1024px\" \/><\/a><\/p>\n<p><em>Les araneses Lydia Iglesias (ANEC) i Marta C\u00e9ster (CAEI)<\/em><\/p>\n<p>&nbsp;<\/p>\n<p><a href=\"http:\/\/www.conselharan.org\/wp-content\/uploads\/2015\/01\/ROGER-ESPINET.jpg\"><img loading=\"lazy\" decoding=\"async\" class=\"aligncenter size-large wp-image-6142\" alt=\"ROGER ESPINET\" src=\"http:\/\/www.conselharan.org\/wp-content\/uploads\/2015\/01\/ROGER-ESPINET-1024x535.jpg\" width=\"1024\" height=\"535\" srcset=\"https:\/\/www.conselharan.org\/wp-content\/uploads\/2015\/01\/ROGER-ESPINET-1024x535.jpg 1024w, https:\/\/www.conselharan.org\/wp-content\/uploads\/2015\/01\/ROGER-ESPINET-300x156.jpg 300w\" sizes=\"(max-width: 1024px) 100vw, 1024px\" \/><\/a><\/p>\n<p><em>L&#8217;aran\u00e8s, Roger Espinet, del CAEI<\/em><\/p>\n<p>&nbsp;<\/p>\n<p>Quant als joves corredors i futures promeses de l&#8217;esqu\u00ed de fons, els vencedors han estat en <em>JUN I<\/em> (15 KM) , l&#8217;aranesa de l&#8217;ANEC, <strong>Lydia Iglesias<\/strong>, seguida d&#8217;<strong>Irati Izaguirre<\/strong> (UZTUR) i tercera <strong>Pepa Garcia<\/strong> (BELLV). Quant a nois, el guanyador ha estat <strong>Andr\u00e9s S\u00e1nchez<\/strong> (MAYENCOS) seguit dels aranesos, <strong>Roger Espinet<\/strong>, del CAEI i <strong>Marc P\u00e9rez<\/strong> de l&#8217;ANEC.<\/p>\n<p><a href=\"http:\/\/www.conselharan.org\/wp-content\/uploads\/2015\/01\/MARC-VIDAL.jpg\"><img loading=\"lazy\" decoding=\"async\" class=\"aligncenter size-large wp-image-6143\" alt=\"MARC VIDAL\" src=\"http:\/\/www.conselharan.org\/wp-content\/uploads\/2015\/01\/MARC-VIDAL-1024x685.jpg\" width=\"1024\" height=\"685\" srcset=\"https:\/\/www.conselharan.org\/wp-content\/uploads\/2015\/01\/MARC-VIDAL-1024x685.jpg 1024w, https:\/\/www.conselharan.org\/wp-content\/uploads\/2015\/01\/MARC-VIDAL-300x200.jpg 300w\" sizes=\"(max-width: 1024px) 100vw, 1024px\" \/><\/a><\/p>\n<p><em>El jove aran\u00e8s de l&#8217;ANEC, Marc Vidal, amb el conselh\u00e8r d&#8217;Esports d&#8217;Aran, Lu\u00eds Carlos Medina<\/em><\/p>\n<p>&nbsp;<\/p>\n<p>Quant a la categoria CADET (15 Km), la guanyadora s&#8217;ha proclamat <strong>Carola Vila<\/strong> (CEFUC) seguida de <strong>Rita Auladell<\/strong> (PEC) i tercera ha finalitzat <strong>Alba Puigfabregas<\/strong> (CEC). En nois, el primer a creuar la meta ha estat Gral Selles (BELLV) seguit d&#8217;<strong>Oier Ibergallartu<\/strong> (VSCAM) i de <strong>Francesc Colell<\/strong> (CEFUC). L&#8217;aran\u00e8s, <strong>Marc Vidal,<\/strong> (ANEC) ha aconseguit una merit\u00f2ria quarta posici\u00f3.<\/p>\n<p>En la categoria JUNIOR II (15Km) la vencedora ha estat l&#8217;aranesa del CAEI, <strong>Marta C\u00e9ster<\/strong>, seguida de l&#8217;esquiadora, <strong>Uxue Loizu<\/strong> (UHRTE) i de <strong>Iosune Labiano<\/strong> (UHRTE).<\/p>\n<p>La competici\u00f3 ha comptat amb la pres\u00e8ncia del conselh\u00e8r d&#8217;Esports d&#8217;Aran, <strong>Lu\u00eds Carlos Medina<\/strong>, del president de la RFEDI, <strong>May Peus,<\/strong> i del president de la FCEH, <strong>\u00d3scar Cruz<\/strong>, que han felicitat als guanyadors i han animat a la resta dels participants.<\/p>\n<p>El Campionat d&#8217;avui est\u00e0 dins de les activitats que es fan amb motiu de la<strong> 36 Marxa Beret<\/strong> que tindr\u00e0 lloc dem\u00e0 al mat\u00ed i que compta amb<strong> 1000 inscrits<\/strong>. La carrera proposa 3 dist\u00e0ncies: 10, 21 i 42 km. que transcorren pel Pla de Beret a 1.850m d&#8217;altitud i que passen pel poble de Montgarri.<\/p>\n<p>Aquesta edici\u00f3, la preparaci\u00f3 est\u00e0 sent m\u00e9s intensa encara a causa de l&#8217;adaptaci\u00f3 de la competici\u00f3 a les exig\u00e8ncies que comporta l&#8217;organitzaci\u00f3 dels Campionats d&#8217;Europa de Llarga Dist\u00e0ncia ja que la Marxa Beret ha estat la seu escollida per a l&#8217;organitzaci\u00f3 d&#8217;aquest esdeveniment per a la temporada 2015\/2016. A m\u00e9s, la carrera aranesa \u00e9s puntuable FIS i est\u00e0 dins del calendari Euroloppet que reuneix les marxes populars d&#8217;esqu\u00ed de fons m\u00e9s importants d&#8217;Europa.<\/p>\n ","protected":false},"excerpt":{"rendered":"<p>\u2022 El Pla de Beret ha acollit el Campionat d&#8217;Espanya d&#8217;esqu\u00ed de fons de llarga dist\u00e0ncia- 2nTrofeu SALOMON Skating, amb dos recorreguts: 15 Km i 30 Km \u2022 Primer lloc en les seves respectives categories per a les araneses, Lydia Iglesias (ANEC) i Marta C\u00e9ster (CAEI) \u2022 Podi per als aranesos Roger Espinet (CAEI) i&#8230;<\/p>\n","protected":false},"author":2,"featured_media":6140,"comment_status":"closed","ping_status":"closed","sticky":false,"template":"","format":"standard","meta":{"footnotes":""},"categories":[31,33,36],"tags":[],"_links":{"self":[{"href":"https:\/\/www.conselharan.org\/ca\/wp-json\/wp\/v2\/posts\/6146"}],"collection":[{"href":"https:\/\/www.conselharan.org\/ca\/wp-json\/wp\/v2\/posts"}],"about":[{"href":"https:\/\/www.conselharan.org\/ca\/wp-json\/wp\/v2\/types\/post"}],"author":[{"embeddable":true,"href":"https:\/\/www.conselharan.org\/ca\/wp-json\/wp\/v2\/users\/2"}],"replies":[{"embeddable":true,"href":"https:\/\/www.conselharan.org\/ca\/wp-json\/wp\/v2\/comments?post=6146"}],"version-history":[{"count":2,"href":"https:\/\/www.conselharan.org\/ca\/wp-json\/wp\/v2\/posts\/6146\/revisions"}],"predecessor-version":[{"id":6148,"href":"https:\/\/www.conselharan.org\/ca\/wp-json\/wp\/v2\/posts\/6146\/revisions\/6148"}],"wp:featuredmedia":[{"embeddable":true,"href":"https:\/\/www.conselharan.org\/ca\/wp-json\/wp\/v2\/media\/6140"}],"wp:attachment":[{"href":"https:\/\/www.conselharan.org\/ca\/wp-json\/wp\/v2\/media?parent=6146"}],"wp:term":[{"taxonomy":"category","embeddable":true,"href":"https:\/\/www.conselharan.org\/ca\/wp-json\/wp\/v2\/categories?post=6146"},{"taxonomy":"post_tag","embeddable":true,"href":"https:\/\/www.conselharan.org\/ca\/wp-json\/wp\/v2\/tags?post=6146"}],"curies":[{"name":"wp","href":"https:\/\/api.w.org\/{rel}","templated":true}]}}