{"id":61614,"date":"2025-02-28T10:13:56","date_gmt":"2025-02-28T09:13:56","guid":{"rendered":"https:\/\/www.conselharan.org\/?p=61614"},"modified":"2025-07-15T10:23:27","modified_gmt":"2025-07-15T08:23:27","slug":"amb-el-projecte-ovihuec-dat-es-crea-un-ramat-public-dovelles-i-cabres-a-vilamos-per-a-recuperar-pastures","status":"publish","type":"post","link":"https:\/\/www.conselharan.org\/ca\/amb-el-projecte-ovihuec-dat-es-crea-un-ramat-public-dovelles-i-cabres-a-vilamos-per-a-recuperar-pastures\/","title":{"rendered":"Amb el projecte OVIHUEC.DAT es crea un ramat p\u00fablic d&#8217;ovelles i cabres a Vilam\u00f2s per a recuperar pastures"},"content":{"rendered":"<p><a href=\"https:\/\/www.conselharan.org\/ca\/amb-el-projecte-ovihuec-dat-es-crea-un-ramat-public-dovelles-i-cabres-a-vilamos-per-a-recuperar-pastures\/infografies-explicacion-ovihuec_1-2\/\" rel=\"attachment wp-att-61600\"><img loading=\"lazy\" decoding=\"async\" class=\"aligncenter size-large wp-image-61600\" src=\"https:\/\/www.conselharan.org\/wp-content\/uploads\/2025\/02\/Infografies-explicacion-OVIHUEC_1-819x1024.png\" alt=\"\" width=\"819\" height=\"1024\" srcset=\"https:\/\/www.conselharan.org\/wp-content\/uploads\/2025\/02\/Infografies-explicacion-OVIHUEC_1-819x1024.png 819w, https:\/\/www.conselharan.org\/wp-content\/uploads\/2025\/02\/Infografies-explicacion-OVIHUEC_1-240x300.png 240w, https:\/\/www.conselharan.org\/wp-content\/uploads\/2025\/02\/Infografies-explicacion-OVIHUEC_1-768x960.png 768w, https:\/\/www.conselharan.org\/wp-content\/uploads\/2025\/02\/Infografies-explicacion-OVIHUEC_1-1229x1536.png 1229w, https:\/\/www.conselharan.org\/wp-content\/uploads\/2025\/02\/Infografies-explicacion-OVIHUEC_1-1638x2048.png 1638w\" sizes=\"(max-width: 819px) 100vw, 819px\" \/><\/a><\/p>\n<ul>\n<li>\n<h3><strong>Aquesta prova pilot t\u00e9 com a objectiu que aquests animals netegin l&#8217;exc\u00e9s de massa forestal a l&#8217;entorn del poble per a reduir el risc d&#8217;incendis, recuperar el paisatge tradicional, millorar la biodiversitat i donar suport a la ramaderia extensiva.<\/strong><\/h3>\n<\/li>\n<\/ul>\n<p>En els \u00faltims anys, la massa forestal ha crescut de manera descontrolada a causa de la falta de gesti\u00f3 dels nostres boscos i la disminuci\u00f3 de l&#8217;activitat ramadera. Per aix\u00f2, aquesta vegetaci\u00f3, que abans estava allunyada dels nuclis urbans, per aix\u00f2 aquesta massa arb\u00f2ria que abans era lluny dels nuclis urbans ara l\u2019entornen. Aix\u00f2, sumat a l&#8217;augment de temperatures provocat pel canvi clim\u00e0tic, suposa un increment incessant del risc d&#8217;incendis.<\/p>\n<p>En aquest sentit, el bestiar sempre ha gestionat el paisatge d&#8217;Aran, i per aix\u00f2, amb aquest ramat es vol recuperar i posar en valor els beneficis de la ramaderia extensiva, que saneja els boscos creant tallafocs naturals i ens protegeix del risc d&#8217;incendis.<\/p>\n<p>Tamb\u00e9 aquest projecte t\u00e9 com a objectius: testar aquestes noves tecnologies aplicades al sector primari que permetin el control de la digitalitzaci\u00f3 i benestar del bestiar en remot per a poder facilitar el treball dels pastors i pastores, millorant la seva qualitat de vida, donar valor a producte obtingut del bestiar definint una cadena de valor agroaliment\u00e0ria i finalment, recollir dades i analitzar els resultats \u00a0per a demostrar els beneficis de la ramaderia extensiva a trav\u00e9s de la ci\u00e8ncia aplicada.<\/p>\n<p>Tot aix\u00f2, perqu\u00e8 volem recuperar les habilitats dels nostres avantpassats per a aprofitar els recursos naturals amb el menor impacte i els majors beneficis, aplicant les noves tecnologies. En aquest sentit, el conseller d&#8217;Innovaci\u00f3, Oriol Sala, ha destacat que \u201cVolem promoure l&#8217;intercanvi d&#8217;experi\u00e8ncies entre els ramaders amb la incorporaci\u00f3 del coneixement de sempre. Mantenint les metodologies de la ramaderia i el treball de la terra que compta amb segles de saviesa, per a adaptar-les als nostres temps\u201d.<\/p>\n<p>Certament, OVIHUEC.DAT el que pret\u00e9n \u00e9s diversificar la nostra economia mitjan\u00e7ant la potenciaci\u00f3 de la ramaderia i l&#8217;aprofitament d&#8217;altres productes derivats d&#8217;ella, impulsant el sector de la carn o de la llet. Segons la s\u00edndica d&#8217;Aran, Mar\u00eda Verg\u00e9s: \u201cOvihuec.dat \u00e9s molt m\u00e9s que un ramat. Aquest projecte de bioeconom\u00eda forestal t\u00e9 com a objectiu reequilibrar un espai on conviuen diferents realitats: l&#8217;agr\u00edcola, la ramadera, l&#8217;econ\u00f2mica, la social i la tur\u00edstica\u201d.<\/p>\n<p>Aquest projecte ha estat impulsat pel Conselh Generau d&#8217;Aran i l&#8217;Ajuntament de Vilam\u00f2s, i compta amb el suport d&#8217;organismes de recerca de prestigi reconegut. L&#8217;entitat coordinadora \u00e9s l&#8217;Institut de Recerca i Tecnologia Agroaliment\u00e0ries (IRTA), i participen: el Centre de Ci\u00e8ncia i Tecnologia Forestal de Catalunya (CTFC), el Centre de Recerca en Economia i Desenvolupament Agroalimentari (CREDA) i la Fundaci\u00f3 Centre Tecnol\u00f2gic de la Informaci\u00f3 i la Comunicaci\u00f3 (CTIC).<\/p>\n<p>OVIHUEC.DAT compta amb el suport de la Fundaci\u00f3n Biodiversidad del Ministerio para la Transici\u00f3n Ecol\u00f3gica y el Repte Demogr\u00e0fic (MITECO), en el marc del Plan de Recuperaci\u00f3n, Transformaci\u00f3n y Resiliencia (PRTR), finan\u00e7at per la Uni\u00f3n Europea &#8211; NextGenerationEU.<\/p>\n<p><a href=\"https:\/\/www.conselharan.org\/ca\/el-projecte-ovihuec-dat-avanca\/logos-2\/\" rel=\"attachment wp-att-63321\"><img loading=\"lazy\" decoding=\"async\" class=\"aligncenter size-full wp-image-63321\" src=\"https:\/\/www.conselharan.org\/wp-content\/uploads\/2025\/05\/logos.jpg\" alt=\"\" width=\"632\" height=\"43\" srcset=\"https:\/\/www.conselharan.org\/wp-content\/uploads\/2025\/05\/logos.jpg 632w, https:\/\/www.conselharan.org\/wp-content\/uploads\/2025\/05\/logos-300x20.jpg 300w\" sizes=\"(max-width: 632px) 100vw, 632px\" \/><\/a><\/p>\n<p><em>Vielha, 28 de febrer de 2025.<\/em><\/p>\n<p>&nbsp;<\/p>\n ","protected":false},"excerpt":{"rendered":"<p>Aquesta prova pilot t\u00e9 com a objectiu que aquests animals netegin l&#8217;exc\u00e9s de massa forestal a l&#8217;entorn del poble per a reduir el risc d&#8217;incendis, recuperar el paisatge tradicional, millorar la biodiversitat i donar suport a la ramaderia extensiva. En els \u00faltims anys, la massa forestal ha crescut de manera descontrolada a causa de la&#8230;<\/p>\n","protected":false},"author":2,"featured_media":61600,"comment_status":"closed","ping_status":"closed","sticky":false,"template":"","format":"standard","meta":{"footnotes":""},"categories":[31,803,127,33,800,36],"tags":[],"_links":{"self":[{"href":"https:\/\/www.conselharan.org\/ca\/wp-json\/wp\/v2\/posts\/61614"}],"collection":[{"href":"https:\/\/www.conselharan.org\/ca\/wp-json\/wp\/v2\/posts"}],"about":[{"href":"https:\/\/www.conselharan.org\/ca\/wp-json\/wp\/v2\/types\/post"}],"author":[{"embeddable":true,"href":"https:\/\/www.conselharan.org\/ca\/wp-json\/wp\/v2\/users\/2"}],"replies":[{"embeddable":true,"href":"https:\/\/www.conselharan.org\/ca\/wp-json\/wp\/v2\/comments?post=61614"}],"version-history":[{"count":4,"href":"https:\/\/www.conselharan.org\/ca\/wp-json\/wp\/v2\/posts\/61614\/revisions"}],"predecessor-version":[{"id":63380,"href":"https:\/\/www.conselharan.org\/ca\/wp-json\/wp\/v2\/posts\/61614\/revisions\/63380"}],"wp:featuredmedia":[{"embeddable":true,"href":"https:\/\/www.conselharan.org\/ca\/wp-json\/wp\/v2\/media\/61600"}],"wp:attachment":[{"href":"https:\/\/www.conselharan.org\/ca\/wp-json\/wp\/v2\/media?parent=61614"}],"wp:term":[{"taxonomy":"category","embeddable":true,"href":"https:\/\/www.conselharan.org\/ca\/wp-json\/wp\/v2\/categories?post=61614"},{"taxonomy":"post_tag","embeddable":true,"href":"https:\/\/www.conselharan.org\/ca\/wp-json\/wp\/v2\/tags?post=61614"}],"curies":[{"name":"wp","href":"https:\/\/api.w.org\/{rel}","templated":true}]}}