{"id":6174,"date":"2015-02-05T08:00:32","date_gmt":"2015-02-05T07:00:32","guid":{"rendered":"http:\/\/www.conselharan.org\/?p=6174"},"modified":"2015-02-05T15:35:22","modified_gmt":"2015-02-05T14:35:22","slug":"proteccio-civil-activa-en-alerta-el-pla-allaucat-pel-perill-dallaus-molt-fort-a-la-zona-de-la-val-daran","status":"publish","type":"post","link":"https:\/\/www.conselharan.org\/ca\/proteccio-civil-activa-en-alerta-el-pla-allaucat-pel-perill-dallaus-molt-fort-a-la-zona-de-la-val-daran\/","title":{"rendered":"Protecci\u00f3 Civil tanca l&#8217;Alerta del NEUCAT i mant\u00e9 la Prealerta PROCICAT per fort vent"},"content":{"rendered":"<ul>\n<li><strong>Protecci\u00f3 Civil tanca l\u2019ALERTA del pla NEUCAT per\u00f2 mant\u00e9 el Pla en situaci\u00f3 de Prealerta per la possibilitat de nevades durant els propers dies<\/strong><\/li>\n<\/ul>\n<ul>\n<li><strong>Protecci\u00f3 Civil de la Generalitat mant\u00e9 la Prealerta del Pla de Protecci\u00f3 Civil de Catalunya Procicat per fort vent durant el dia d\u2019avui pel Pirineu, Prepirineu i l\u2019Empord\u00e0. S\u2019han registrat alguns incidents i afectacions vi\u00e0ries i ferrovi\u00e0ries.<\/strong><\/li>\n<\/ul>\n<p>Protecci\u00f3 Civil de la Generalitat ha donat per finalitzada la fase d\u2019alerta el pla NEUCAT un cop han passat les nevades que van comen\u00e7ar el passat dimarts 3 de febrer i s\u2019han normalitzat les principals incid\u00e8ncies que van provocar, especialment durant el mat\u00ed del dia d\u2019ahir. Tot i aix\u00f2, Protecci\u00f3 Civil mant\u00e9 el pla NEUCAT en Prealerta degut a les previsions de noves nevades durant els propers dies de matinada a cotes baixes localment al litoral de Barcelona i Tarragona.<\/p>\n<p>Segons ha informat el Servei Meteorol\u00f2gic de Catalunya SMC es d\u00f3na per finalitzat l\u2019episodi de nevades que ha tingut lloc des del dimarts dia 3 de febrer. Per aquesta propera matinada es preveu un nou episodi de nevades que pot afectar al litoral de Barcelona i per la matinada de divendres a dissabte al litoral tant de Barcelona com de Tarragona. Les precipitacions seran a\u00efllades i en forma de ruixat d&#8217;intensitat feble. La cota de neu voltar\u00e0 els 400 metres, tot i que puntualment pot baixar fins els 200 metres.<\/p>\n<p>El Servei Catal\u00e0 de Tr\u00e0nsit (SCT) continua demanant precauci\u00f3 en la conducci\u00f3 davant les plaques de gel que hi poden haver a les carreteres on ahir va nevar arran de les baixes temperatures i tamb\u00e9 alerta de possibles congestes que poden afectar la circulaci\u00f3 per la neu acumulada als laterals de les vies i el vent intens. En aquests moments, es registren aquestes afectacions a la xarxa vi\u00e0ria:<\/p>\n<p><strong>C-28:<\/strong> tallada entre Baqueira i la Pe\u00fclla. A m\u00e9s, \u00e9s obligatori portar cadenes entre la Pe\u00fclla i Casa Sastrada<br \/>\n<strong>C-142b:<\/strong> obligatori cadenes entre Baqueira i el Pla de Beret<\/p>\n<p>L\u2019SCT recorda que, en condicions de neu\/gel, s&#8217;han de tenir en compte les seg\u00fcents recomanacions:<\/p>\n<p>Conduir amb suavitat.<br \/>\nNo frenar bruscament.<br \/>\nReduir la velocitat per facilitar l&#8217;adher\u00e8ncia i evitar lliscaments.<br \/>\nAugmentar la dist\u00e0ncia de seguretat.<br \/>\nSeguir les roderes o empremtes deixades per altres vehicles.<br \/>\nNo avan\u00e7ar si no \u00e9s necessari.<br \/>\nPortar les cadenes per si s\u00f3n necess\u00e0ries.<br \/>\nQuan cauen els primers flocs de neu, es produeixen els mateixos efectes que quan cauen les primeres gotes de pluja (barreja d&#8217;aigua, pols i greix) i transformen el paviment en una pista molt lliscant. I passa el mateix quan la neu \u00e9s tova i acabada de caure.<br \/>\nEn arrencar el vehicle sobre neu, pot ser que les rodes patinin i s&#8217;enfonsin. Per evitar-ho, posar-les en l\u00ednia recta i arrencar amb segona, deixar anar molt lentament l&#8217;embragatge, mantenint una acceleraci\u00f3 suau i constant, i no moure la direcci\u00f3 fins que el vehicle no estigui en moviment.<\/p>\n<p><strong>Prealerta PROCICAT vents<\/strong><\/p>\n<p>A banda de la neu i el fred, Protecci\u00f3 Civil de la Generalitat mant\u00e9 la Prealerta del Pla de Protecci\u00f3 Civil de Catalunya Procicat per fort vent. Durant el dia d\u2019avui es poden superar els 90 km\/h al Pirineu, Prepirineu i l\u2019extrem nord de Catalunya a l\u2019Empord\u00e0 on els registres poden superar els 125 km\/h en les properes hores. El vent pot afectar qualsevol cota, per\u00f2 especialment les ratxes m\u00e9s fortes es produiran a les cotes altes. El vent bufar\u00e0 de component nord.<\/p>\n<p>Localment es pot produir la caiguda d\u2019algun objecte (mobiliari urb\u00e0, arbrat&#8230;) degut a la intensitat del vent. En aquest sentit es recomana extremar la precauci\u00f3.<\/p>\n ","protected":false},"excerpt":{"rendered":"<p>Protecci\u00f3 Civil tanca l\u2019ALERTA del pla NEUCAT per\u00f2 mant\u00e9 el Pla en situaci\u00f3 de Prealerta per la possibilitat de nevades durant els propers dies Protecci\u00f3 Civil de la Generalitat mant\u00e9 la Prealerta del Pla de Protecci\u00f3 Civil de Catalunya Procicat per fort vent durant el dia d\u2019avui pel Pirineu, Prepirineu i l\u2019Empord\u00e0. S\u2019han registrat alguns&#8230;<\/p>\n","protected":false},"author":2,"featured_media":6201,"comment_status":"closed","ping_status":"closed","sticky":false,"template":"","format":"standard","meta":{"footnotes":""},"categories":[31,127,33,36],"tags":[],"_links":{"self":[{"href":"https:\/\/www.conselharan.org\/ca\/wp-json\/wp\/v2\/posts\/6174"}],"collection":[{"href":"https:\/\/www.conselharan.org\/ca\/wp-json\/wp\/v2\/posts"}],"about":[{"href":"https:\/\/www.conselharan.org\/ca\/wp-json\/wp\/v2\/types\/post"}],"author":[{"embeddable":true,"href":"https:\/\/www.conselharan.org\/ca\/wp-json\/wp\/v2\/users\/2"}],"replies":[{"embeddable":true,"href":"https:\/\/www.conselharan.org\/ca\/wp-json\/wp\/v2\/comments?post=6174"}],"version-history":[{"count":5,"href":"https:\/\/www.conselharan.org\/ca\/wp-json\/wp\/v2\/posts\/6174\/revisions"}],"predecessor-version":[{"id":6229,"href":"https:\/\/www.conselharan.org\/ca\/wp-json\/wp\/v2\/posts\/6174\/revisions\/6229"}],"wp:featuredmedia":[{"embeddable":true,"href":"https:\/\/www.conselharan.org\/ca\/wp-json\/wp\/v2\/media\/6201"}],"wp:attachment":[{"href":"https:\/\/www.conselharan.org\/ca\/wp-json\/wp\/v2\/media?parent=6174"}],"wp:term":[{"taxonomy":"category","embeddable":true,"href":"https:\/\/www.conselharan.org\/ca\/wp-json\/wp\/v2\/categories?post=6174"},{"taxonomy":"post_tag","embeddable":true,"href":"https:\/\/www.conselharan.org\/ca\/wp-json\/wp\/v2\/tags?post=6174"}],"curies":[{"name":"wp","href":"https:\/\/api.w.org\/{rel}","templated":true}]}}