{"id":6188,"date":"2015-02-02T08:00:41","date_gmt":"2015-02-02T07:00:41","guid":{"rendered":"http:\/\/www.conselharan.org\/resultats-dera-recuelhuda-selectiva-ena-val-daran-pendent-eth-2014-2\/"},"modified":"2017-09-05T12:16:15","modified_gmt":"2017-09-05T10:16:15","slug":"resultats-dera-recuelhuda-selectiva-ena-val-daran-pendent-eth-2014","status":"publish","type":"post","link":"https:\/\/www.conselharan.org\/ca\/resultats-dera-recuelhuda-selectiva-ena-val-daran-pendent-eth-2014\/","title":{"rendered":"Resultats dera recuelhuda selectiva ena Val d\u2019Aran pendent eth 2014"},"content":{"rendered":"<p><a href=\"http:\/\/www.conselharan.org\/wp-content\/uploads\/2015\/01\/INSAUSTI_VALDECANTOS_ROMERO-POLO.jpg\"><img loading=\"lazy\" decoding=\"async\" class=\"aligncenter size-large wp-image-6121\" alt=\"INSAUSTI_VALDECANTOS_ROMERO POLO\" src=\"http:\/\/www.conselharan.org\/wp-content\/uploads\/2015\/01\/INSAUSTI_VALDECANTOS_ROMERO-POLO-1024x518.jpg\" width=\"1024\" height=\"518\" srcset=\"https:\/\/www.conselharan.org\/wp-content\/uploads\/2015\/01\/INSAUSTI_VALDECANTOS_ROMERO-POLO-1024x518.jpg 1024w, https:\/\/www.conselharan.org\/wp-content\/uploads\/2015\/01\/INSAUSTI_VALDECANTOS_ROMERO-POLO-300x151.jpg 300w\" sizes=\"(max-width: 1024px) 100vw, 1024px\" \/><\/a><\/p>\n<p>Eth conselh\u00e8r de Territ\u00f2ri d\u2019Aran, <strong>Eduardo Valdecantos<\/strong>, amassa damb er assessor tecnic deth Conselh Generau d\u2019Aran en mat\u00e8ria de recuelhuda de residus ena Val d\u2019Aran, <strong>Josep Ma. Insausti,<\/strong> an presentat en Conselh Generau d\u2019Aran es resultats dera recuelhuda selectiva pendent er an 2014.<\/p>\n<p><strong>Valdecantos<\/strong> a afirmat <strong>\u201ces resultats son boni e a\u00e7\u00f2 ei gr\u00e0cies ara implicacion de toti es vesins d\u2019Aran. Ara mos cau contunhar explicant era import\u00e0ncia de h\u00e8&#8217;c pr&#8217;amor qu&#8217;era responsabilitat des d\u00e8ishes ei de qui les produs\u00eds\u201d.<\/strong><\/p>\n<p>Ent\u00e0 per&#8217;mor de h\u00e8r pr\u00e9ner consci\u00e9ncia ara gent sus era recuelhuda selectiva, pendent tot er an 2014 s\u2019an realizat re\u00fcnions informatives en toti es municipis dera Val d\u2019Aran.<\/p>\n<p>En aguestes re\u00fcnions, eth Gov\u00e8rn aran\u00e9s inform\u00e8c der ampliament deth servici, es naues ubicacions des isles de contienedors de veire, pap\u00e8r, envasi, organica e, se facilit\u00e8c a toti ferrats e bosses especifiques entara separacion dera fraccion organica, atau coma imans damb explicacion deth contengut de cadua des fraccions damb es informacions qu\u2019era Ag\u00e9ncia de Residus de Catalonha a a disposicion des usatg\u00e8rs ena sua web.<\/p>\n<p><strong>Valdecantos<\/strong> a hijut <strong>\u201cdes der inici dera n\u00f2sta legislatura, aguest \u00e8re un des objectius qu&#8217;au\u00edem d\u2019art\u00e9nher. Un pa\u00eds coma eth n\u00f2ste, qu&#8217;ath del\u00e0, v\u00f2 \u00e8ster destinacion toristica e, qu&#8217;amasse f\u00f2r\u00e7a visitants, a de dar responsa e solucions ara gestion des residus\u201d.<\/strong><\/p>\n<p>Tot eth materiau, atau coma es igl\u00f3s que mancauen ent\u00e0 acabar es isles de contienedors, signifiqu\u00e8ren un esf\u00f2r\u00e7 economic entath gov\u00e8rn aran\u00e9s de m\u00e8s de <strong>50.000\u20ac.<\/strong><br \/>\n<strong><\/strong><\/p>\n<p><strong>Pendent er an 2014 s\u2019a arrecuelhut:<\/strong><\/p>\n<p>&#8211; Organica: 59,90 Tones<br \/>\n&#8211; Envasi: 124,46 Tones<br \/>\n&#8211; Pap\u00e8r\/carton: 352,37 Tones<br \/>\n&#8211; Veire: 478,78 Tones<\/p>\n<p>TOTAL SELECTIVA: 1.015,51 Tones<\/p>\n<p>&#8211; R\u00e8ste: 5.161,58 Tones<\/p>\n<p>TOTAL RESIDUS: 6.177,09 Tones<\/p>\n<p>M\u00e8s informacion: <strong><a href=\"http:\/\/www.conselharan.org\/wp-content\/uploads\/2015\/02\/resultats-selectiva-2014.xlsx\">resultats selectiva 2014<\/a><\/strong><\/p>\n<p>&nbsp;<\/p>\n<p>Tanben s\u2019a presentat era naua concesionaria deth servici de recuelhuda ena Val d\u2019Aran, <strong>Romero Polo, S.L.<\/strong><\/p>\n<p><a href=\"http:\/\/www.conselharan.org\/wp-content\/uploads\/2015\/01\/PREMIADI_ARAN-RECICLE.jpg\"><img loading=\"lazy\" decoding=\"async\" class=\"aligncenter size-large wp-image-6122\" alt=\"PREMIADI_ARAN RECICLE\" src=\"http:\/\/www.conselharan.org\/wp-content\/uploads\/2015\/01\/PREMIADI_ARAN-RECICLE-1024x590.jpg\" width=\"1024\" height=\"590\" srcset=\"https:\/\/www.conselharan.org\/wp-content\/uploads\/2015\/01\/PREMIADI_ARAN-RECICLE-1024x590.jpg 1024w, https:\/\/www.conselharan.org\/wp-content\/uploads\/2015\/01\/PREMIADI_ARAN-RECICLE-300x172.jpg 300w, https:\/\/www.conselharan.org\/wp-content\/uploads\/2015\/01\/PREMIADI_ARAN-RECICLE-305x175.jpg 305w\" sizes=\"(max-width: 1024px) 100vw, 1024px\" \/><\/a><\/p>\n<p><span style=\"line-height: 1.5em;\">Ent\u00e0 finalizar, an autrejat es pr\u00e8mis deth concors \u201c<\/span><strong style=\"line-height: 1.5em;\">ARAN RECICLE\u201d<\/strong><span style=\"line-height: 1.5em;\"> de Catalonha R\u00e0dio.<\/span><\/p>\n<p>En paraules deth conselh\u00e8r, <strong>Valdecantos \u201cdamb aguest tipe de concors volem h\u00e8r pr\u00e9ner consci\u00e9ncia deth besonh de reciclar e reutilizar es materiaus deth n\u00f2ste entorn\u201d.<\/strong><\/p>\n ","protected":false},"excerpt":{"rendered":"<p>Eth conselh\u00e8r de Territ\u00f2ri d\u2019Aran, Eduardo Valdecantos, amassa damb er assessor tecnic deth Conselh Generau d\u2019Aran en mat\u00e8ria de recuelhuda de residus ena Val d\u2019Aran, Josep Ma. Insausti, an presentat en Conselh Generau d\u2019Aran es resultats dera recuelhuda selectiva pendent er an 2014. Valdecantos a afirmat \u201ces resultats son boni e a\u00e7\u00f2 ei gr\u00e0cies ara&#8230;<\/p>\n","protected":false},"author":2,"featured_media":6122,"comment_status":"closed","ping_status":"closed","sticky":false,"template":"","format":"standard","meta":{"footnotes":""},"categories":[31,53,33,36],"tags":[],"_links":{"self":[{"href":"https:\/\/www.conselharan.org\/ca\/wp-json\/wp\/v2\/posts\/6188"}],"collection":[{"href":"https:\/\/www.conselharan.org\/ca\/wp-json\/wp\/v2\/posts"}],"about":[{"href":"https:\/\/www.conselharan.org\/ca\/wp-json\/wp\/v2\/types\/post"}],"author":[{"embeddable":true,"href":"https:\/\/www.conselharan.org\/ca\/wp-json\/wp\/v2\/users\/2"}],"replies":[{"embeddable":true,"href":"https:\/\/www.conselharan.org\/ca\/wp-json\/wp\/v2\/comments?post=6188"}],"version-history":[{"count":3,"href":"https:\/\/www.conselharan.org\/ca\/wp-json\/wp\/v2\/posts\/6188\/revisions"}],"predecessor-version":[{"id":6199,"href":"https:\/\/www.conselharan.org\/ca\/wp-json\/wp\/v2\/posts\/6188\/revisions\/6199"}],"wp:featuredmedia":[{"embeddable":true,"href":"https:\/\/www.conselharan.org\/ca\/wp-json\/wp\/v2\/media\/6122"}],"wp:attachment":[{"href":"https:\/\/www.conselharan.org\/ca\/wp-json\/wp\/v2\/media?parent=6188"}],"wp:term":[{"taxonomy":"category","embeddable":true,"href":"https:\/\/www.conselharan.org\/ca\/wp-json\/wp\/v2\/categories?post=6188"},{"taxonomy":"post_tag","embeddable":true,"href":"https:\/\/www.conselharan.org\/ca\/wp-json\/wp\/v2\/tags?post=6188"}],"curies":[{"name":"wp","href":"https:\/\/api.w.org\/{rel}","templated":true}]}}