{"id":61975,"date":"2025-04-01T13:44:26","date_gmt":"2025-04-01T11:44:26","guid":{"rendered":"https:\/\/www.conselharan.org\/?p=61975"},"modified":"2025-04-01T13:44:27","modified_gmt":"2025-04-01T11:44:27","slug":"el-conselh-generau-impulsa-la-celebracio-del-dia-mundial-de-lactivitat-fisica-a-aran","status":"publish","type":"post","link":"https:\/\/www.conselharan.org\/ca\/el-conselh-generau-impulsa-la-celebracio-del-dia-mundial-de-lactivitat-fisica-a-aran\/","title":{"rendered":"El Conselh Generau impulsa la celebraci\u00f3 del Dia Mundial de l&#8217;Activitat F\u00edsica a Aran"},"content":{"rendered":"<p><a href=\"https:\/\/www.conselharan.org\/ca\/el-conselh-generau-impulsa-la-celebracio-del-dia-mundial-de-lactivitat-fisica-a-aran\/era-bona-hilats-2\/\" rel=\"attachment wp-att-61982\"><img loading=\"lazy\" decoding=\"async\" class=\"aligncenter size-large wp-image-61982\" src=\"https:\/\/www.conselharan.org\/wp-content\/uploads\/2025\/04\/Era-bona-hilats-819x1024.png\" alt=\"\" width=\"819\" height=\"1024\" srcset=\"https:\/\/www.conselharan.org\/wp-content\/uploads\/2025\/04\/Era-bona-hilats-819x1024.png 819w, https:\/\/www.conselharan.org\/wp-content\/uploads\/2025\/04\/Era-bona-hilats-240x300.png 240w, https:\/\/www.conselharan.org\/wp-content\/uploads\/2025\/04\/Era-bona-hilats-768x960.png 768w, https:\/\/www.conselharan.org\/wp-content\/uploads\/2025\/04\/Era-bona-hilats.png 1080w\" sizes=\"(max-width: 819px) 100vw, 819px\" \/><\/a><\/p>\n<p>El 6 d&#8217;abril es celebra el Dia Mundial de l&#8217;Activitat F\u00edsica (DMAF), una jornada impulsada en l&#8217;\u00e0mbit global per conscienciar sobre la import\u00e0ncia de mantenir-se actius per la salut i el benestar. Des del Conselh Generau d&#8217;Aran, animem a tota la ciutadania, els municipis, els clubs esportius, les entitats i les institucions de la Val d&#8217;Aran per afegir-se a aquesta iniciativa, per impulsar i difondre accions que fomentin un estil de vida s\u00e0 a trav\u00e9s de l&#8217;esport i l&#8217;activitat f\u00edsica.<\/p>\n<p><strong>Un comprom\u00eds col\u00b7lectiu per una Val d&#8217;Aran m\u00e9s activa <\/strong><\/p>\n<p>El Conselh Generau d&#8217;Aran, en col\u00b7laboraci\u00f3 amb Serveis Assistencials Integrats d&#8217;Aran, ha llen\u00e7at una campanya per promoure l&#8217;activitat f\u00edsica com a element clau per la prevenci\u00f3 de malalties i la millora de la qualitat de vida.<\/p>\n<p>Des del del govern aran\u00e8s convidem als Ajuntaments, centres esportius, clubs i entitats de la Val d&#8217;Aran per organitzar i difondre activitats adre\u00e7ades a tota la poblaci\u00f3, aix\u00ed com per difondre missatges de sensibilitzaci\u00f3 sobre els beneficis de ser actius.<\/p>\n<p><strong>Participa i comparteix el teu esport! <\/strong><\/p>\n<p>La ciutadania tamb\u00e9 pot participar en aquesta jornada compartint en les seves xarxes socials imatges i v\u00eddeos de la seva activitat esportiva del dia amb l&#8217;etiqueta <strong>#DMAF2025<\/strong>. L&#8217;objectiu d&#8217;aquesta iniciativa \u00e9s difondre el missatge i conscienciar sobre la import\u00e0ncia del moviment com a part d&#8217;un estil de vida s\u00e0.<\/p>\n<p><strong>Activitats i col\u00b7laboracions <\/strong><\/p>\n<p>Animem a tots per participar en aquesta celebraci\u00f3 i a convertir el 6 d&#8217;Abril en una jornada per impulsar l&#8217;activitat f\u00edsica en el tota la Val d&#8217;Aran.<\/p>\n<p>\ud83d\udcc5\u00a06 d&#8217;Abril de 2025.<\/p>\n<p>\ud83d\udccdViu l&#8217;activitat f\u00edsica a Aran!<\/p>\n<p>\ud83d\udcf2Comparteix la teva pr\u00e0ctica esportiva amb el hashtag #DMAF2025.<\/p>\n<p><em>Vielha, 1 d\u2019abril de 2025<\/em><\/p>\n ","protected":false},"excerpt":{"rendered":"<p>El 6 d&#8217;abril es celebra el Dia Mundial de l&#8217;Activitat F\u00edsica (DMAF), una jornada impulsada en l&#8217;\u00e0mbit global per conscienciar sobre la import\u00e0ncia de mantenir-se actius per la salut i el benestar. Des del Conselh Generau d&#8217;Aran, animem a tota la ciutadania, els municipis, els clubs esportius, les entitats i les institucions de la Val&#8230;<\/p>\n","protected":false},"author":2,"featured_media":61979,"comment_status":"closed","ping_status":"closed","sticky":false,"template":"","format":"standard","meta":{"footnotes":""},"categories":[31,136,53,33,797,36],"tags":[],"_links":{"self":[{"href":"https:\/\/www.conselharan.org\/ca\/wp-json\/wp\/v2\/posts\/61975"}],"collection":[{"href":"https:\/\/www.conselharan.org\/ca\/wp-json\/wp\/v2\/posts"}],"about":[{"href":"https:\/\/www.conselharan.org\/ca\/wp-json\/wp\/v2\/types\/post"}],"author":[{"embeddable":true,"href":"https:\/\/www.conselharan.org\/ca\/wp-json\/wp\/v2\/users\/2"}],"replies":[{"embeddable":true,"href":"https:\/\/www.conselharan.org\/ca\/wp-json\/wp\/v2\/comments?post=61975"}],"version-history":[{"count":3,"href":"https:\/\/www.conselharan.org\/ca\/wp-json\/wp\/v2\/posts\/61975\/revisions"}],"predecessor-version":[{"id":61989,"href":"https:\/\/www.conselharan.org\/ca\/wp-json\/wp\/v2\/posts\/61975\/revisions\/61989"}],"wp:featuredmedia":[{"embeddable":true,"href":"https:\/\/www.conselharan.org\/ca\/wp-json\/wp\/v2\/media\/61979"}],"wp:attachment":[{"href":"https:\/\/www.conselharan.org\/ca\/wp-json\/wp\/v2\/media?parent=61975"}],"wp:term":[{"taxonomy":"category","embeddable":true,"href":"https:\/\/www.conselharan.org\/ca\/wp-json\/wp\/v2\/categories?post=61975"},{"taxonomy":"post_tag","embeddable":true,"href":"https:\/\/www.conselharan.org\/ca\/wp-json\/wp\/v2\/tags?post=61975"}],"curies":[{"name":"wp","href":"https:\/\/api.w.org\/{rel}","templated":true}]}}