{"id":62078,"date":"2025-04-09T15:36:03","date_gmt":"2025-04-09T13:36:03","guid":{"rendered":"https:\/\/www.conselharan.org\/er-exemplar-nere-er-os-mes-vielh-des-pireneus-localizat-en-aran\/"},"modified":"2025-04-09T16:52:08","modified_gmt":"2025-04-09T14:52:08","slug":"er-exemplar-nere-er-os-mes-vielh-des-pireneus-localizat-en-aran","status":"publish","type":"post","link":"https:\/\/www.conselharan.org\/ca\/er-exemplar-nere-er-os-mes-vielh-des-pireneus-localizat-en-aran\/","title":{"rendered":"L&#8217;exemplar Nere, l&#8217;\u00f3s m\u00e9s vell dels Pirineus, localitzat a l\u2019Aran"},"content":{"rendered":"<div class=\"mceTemp\"><\/div>\n<p><a href=\"https:\/\/www.conselharan.org\/ca\/er-exemplar-nere-er-os-mes-vielh-des-pireneus-localizat-en-aran\/wildcamera-2\/\" rel=\"attachment wp-att-62063\"><img loading=\"lazy\" decoding=\"async\" class=\"size-large wp-image-62063\" src=\"https:\/\/www.conselharan.org\/wp-content\/uploads\/2025\/04\/Nere-1-1024x539.jpg\" alt=\"\" width=\"1024\" height=\"539\" srcset=\"https:\/\/www.conselharan.org\/wp-content\/uploads\/2025\/04\/Nere-1-1024x539.jpg 1024w, https:\/\/www.conselharan.org\/wp-content\/uploads\/2025\/04\/Nere-1-300x158.jpg 300w, https:\/\/www.conselharan.org\/wp-content\/uploads\/2025\/04\/Nere-1-768x405.jpg 768w, https:\/\/www.conselharan.org\/wp-content\/uploads\/2025\/04\/Nere-1-1536x809.jpg 1536w, https:\/\/www.conselharan.org\/wp-content\/uploads\/2025\/04\/Nere-1-2048x1079.jpg 2048w\" sizes=\"(max-width: 1024px) 100vw, 1024px\" \/><\/a><\/p>\n<ul>\n<li class=\"elementtoproof\" style=\"text-align: justify;\"><b><span style=\"font-size: 13.0pt; font-family: 'Lato',sans-serif; color: #666666; background: #FAFAFA;\">Agents de Miei Ambient deth Conselh Generau d\u2019Aran l\u2019han localitzat gr\u00e0cies als paranys fotogr\u00e0fics.<\/span><\/b><\/li>\n<\/ul>\n<p class=\"elementtoproof\" style=\"margin-bottom: 8.0pt; text-align: justify;\"><span style=\"font-family: 'Lato',sans-serif; color: #666666; background: #FAFAFA;\">\u00a0<\/span><span style=\"font-family: 'Lato',sans-serif; color: #666666; background: #FAFAFA;\">Nere, l&#8217;\u00f3s bru m\u00e9s vell conegut del Pirineu, <\/span><span style=\"font-family: 'Lato',sans-serif; color: #666666;\">qu<span style=\"background: #FAFAFA;\">e t\u00e9 28 anys, ha tornat a ser vist en els diferents indrets de la <\/span>serralada<span style=\"background: #FAFAFA;\">\u00a0pendent l&#8217;\u00faltim any, segons les donades de la poblaci\u00f3 d\u2019\u00f3s bru <\/span>qu<span style=\"background: #FAFAFA;\">\u2019ha trobat el Grup de Seguiment <\/span>Transfronterer<span style=\"background: #FAFAFA;\">\u00a0de l&#8217;\u00f3s bru.<\/span><\/span><\/p>\n<p>&nbsp;<\/p>\n<p><a href=\"https:\/\/www.conselharan.org\/ca\/er-exemplar-nere-er-os-mes-vielh-des-pireneus-localizat-en-aran\/wildcamera-4-2\/\" rel=\"attachment wp-att-62072\"><img loading=\"lazy\" decoding=\"async\" class=\"size-large wp-image-62072\" src=\"https:\/\/www.conselharan.org\/wp-content\/uploads\/2025\/04\/Nere-1024x539.jpg\" alt=\"\" width=\"1024\" height=\"539\" srcset=\"https:\/\/www.conselharan.org\/wp-content\/uploads\/2025\/04\/Nere-1024x539.jpg 1024w, https:\/\/www.conselharan.org\/wp-content\/uploads\/2025\/04\/Nere-300x158.jpg 300w, https:\/\/www.conselharan.org\/wp-content\/uploads\/2025\/04\/Nere-768x405.jpg 768w, https:\/\/www.conselharan.org\/wp-content\/uploads\/2025\/04\/Nere-1536x809.jpg 1536w, https:\/\/www.conselharan.org\/wp-content\/uploads\/2025\/04\/Nere-2048x1079.jpg 2048w\" sizes=\"(max-width: 1024px) 100vw, 1024px\" \/><\/a><\/p>\n<p>Despr\u00e9s de la seva aparici\u00f3 a Pirineu, Nere ha estat una figura fonamental pel desenvolupament de la poblaci\u00f3 d\u2019\u00f3s bru en els dos costats dels Pirineus.<\/p>\n<p>La Generalitat de Catalunya li atribueix vuit cries des de l&#8217;any 2004, entre les quals, tres de l&#8217;any passat amb l\u2019ossa Bambou.<\/p>\n<p><a href=\"https:\/\/www.conselharan.org\/ca\/er-exemplar-nere-er-os-mes-vielh-des-pireneus-localizat-en-aran\/wildcamera-2-2\/\" rel=\"attachment wp-att-62066\"><img loading=\"lazy\" decoding=\"async\" class=\"size-large wp-image-62066\" src=\"https:\/\/www.conselharan.org\/wp-content\/uploads\/2025\/04\/Nere-3-1024x541.jpg\" alt=\"\" width=\"1024\" height=\"541\" srcset=\"https:\/\/www.conselharan.org\/wp-content\/uploads\/2025\/04\/Nere-3-1024x541.jpg 1024w, https:\/\/www.conselharan.org\/wp-content\/uploads\/2025\/04\/Nere-3-300x158.jpg 300w, https:\/\/www.conselharan.org\/wp-content\/uploads\/2025\/04\/Nere-3-768x406.jpg 768w, https:\/\/www.conselharan.org\/wp-content\/uploads\/2025\/04\/Nere-3-1536x811.jpg 1536w, https:\/\/www.conselharan.org\/wp-content\/uploads\/2025\/04\/Nere-3-2048x1081.jpg 2048w\" sizes=\"(max-width: 1024px) 100vw, 1024px\" \/><\/a><\/p>\n<p class=\"elementtoproof\" style=\"margin-bottom: 8.0pt; text-align: justify;\"><span style=\"font-family: 'Lato',sans-serif; color: #666666; background: #FAFAFA;\">Tamb\u00e9 se li atribueixen dos ossets nascuts en el 2020 amb la mateixa ossa.<\/span><\/p>\n<p class=\"elementtoproof\" style=\"margin-bottom: 8.0pt; text-align: justify;\"><span style=\"font-family: 'Lato',sans-serif; color: #666666; background: #FAFAFA;\">Aix\u00f2 ha estat un factor important en la diversificaci\u00f3 gen\u00e8tica de la poblaci\u00f3, ja que pendent for\u00e7a anys <\/span><span style=\"font-family: 'Lato',sans-serif; color: #666666;\">Pyros<span style=\"background: #FAFAFA;\">\u00a0ha dominat la reproducci\u00f3 de l&#8217;esp\u00e8cie als Pirineus. Aquesta diversificaci\u00f3 \u00e9s essencial per evitar problemes d\u2019endog\u00e0mia\u00a0I afavorir la salut a llarg terme de la poblaci\u00f3 d\u2019\u00f3s bru del Pirineu.<\/span><\/span><\/p>\n<p>&nbsp;<\/p>\n<p><a href=\"https:\/\/www.conselharan.org\/ca\/er-exemplar-nere-er-os-mes-vielh-des-pireneus-localizat-en-aran\/wildcamera-3-2\/\" rel=\"attachment wp-att-62069\"><img loading=\"lazy\" decoding=\"async\" class=\"size-large wp-image-62069\" src=\"https:\/\/www.conselharan.org\/wp-content\/uploads\/2025\/04\/Nere-4-1024x544.jpg\" alt=\"\" width=\"1024\" height=\"544\" srcset=\"https:\/\/www.conselharan.org\/wp-content\/uploads\/2025\/04\/Nere-4-1024x544.jpg 1024w, https:\/\/www.conselharan.org\/wp-content\/uploads\/2025\/04\/Nere-4-300x159.jpg 300w, https:\/\/www.conselharan.org\/wp-content\/uploads\/2025\/04\/Nere-4-768x408.jpg 768w, https:\/\/www.conselharan.org\/wp-content\/uploads\/2025\/04\/Nere-4-1536x815.jpg 1536w, https:\/\/www.conselharan.org\/wp-content\/uploads\/2025\/04\/Nere-4-2048x1087.jpg 2048w\" sizes=\"(max-width: 1024px) 100vw, 1024px\" \/><\/a><\/p>\n<p class=\"elementtoproof\" style=\"margin-bottom: 8.0pt; text-align: justify;\"><span style=\"font-family: 'Lato',sans-serif; color: #666666; background: #FAFAFA;\">A partir de l&#8217;any 2022, Nere ha deixat const\u00e0ncia de la seva exist\u00e8ncia amb relativa <\/span><span style=\"font-family: 'Lato',sans-serif; color: #666666;\">freq\u00fc\u00e8ncia<span style=\"background: #FAFAFA;\">\u00a0en els diferents llocs de la <\/span>serralada<span style=\"background: #FAFAFA;\">, el <\/span>qu<span style=\"background: #FAFAFA;\">al ha confirmat la seva pres\u00e8ncia activa i la seva import\u00e0ncia en el manteniment de l\u2019esp\u00e8cie a la zona.\u00a0<\/span><\/span><\/p>\n<p class=\"elementtoproof\" style=\"margin-bottom: 8.0pt; text-align: justify;\"><span style=\"font-family: 'Lato',sans-serif; color: #666666; background: #FAFAFA;\">Nascut en l&#8217;hivern de 1997, fill de la femella <\/span><span style=\"font-family: 'Lato',sans-serif; color: #666666;\">Ziva<span style=\"background: #FAFAFA;\">\u00a0i d\u2019un mascle <\/span>eslov\u00e8<span style=\"background: #FAFAFA;\">, Nere a estat clau pel creixement i la consolidaci\u00f3 de la poblaci\u00f3 d\u2019ossos al Pirineu.<\/span><\/span><\/p>\n<p>&nbsp;<\/p>\n<p><em>Vielha, 9 d&#8217;abril de 2025\u00a0<\/em><strong><br \/>\n<\/strong><\/p>\n ","protected":false},"excerpt":{"rendered":"<p>Agents de Miei Ambient deth Conselh Generau d\u2019Aran l\u2019han localitzat gr\u00e0cies als paranys fotogr\u00e0fics. \u00a0Nere, l&#8217;\u00f3s bru m\u00e9s vell conegut del Pirineu, que t\u00e9 28 anys, ha tornat a ser vist en els diferents indrets de la serralada\u00a0pendent l&#8217;\u00faltim any, segons les donades de la poblaci\u00f3 d\u2019\u00f3s bru qu\u2019ha trobat el Grup de Seguiment Transfronterer\u00a0de&#8230;<\/p>\n","protected":false},"author":2,"featured_media":62064,"comment_status":"closed","ping_status":"closed","sticky":false,"template":"","format":"standard","meta":{"footnotes":""},"categories":[31,128,127,33,36],"tags":[],"_links":{"self":[{"href":"https:\/\/www.conselharan.org\/ca\/wp-json\/wp\/v2\/posts\/62078"}],"collection":[{"href":"https:\/\/www.conselharan.org\/ca\/wp-json\/wp\/v2\/posts"}],"about":[{"href":"https:\/\/www.conselharan.org\/ca\/wp-json\/wp\/v2\/types\/post"}],"author":[{"embeddable":true,"href":"https:\/\/www.conselharan.org\/ca\/wp-json\/wp\/v2\/users\/2"}],"replies":[{"embeddable":true,"href":"https:\/\/www.conselharan.org\/ca\/wp-json\/wp\/v2\/comments?post=62078"}],"version-history":[{"count":3,"href":"https:\/\/www.conselharan.org\/ca\/wp-json\/wp\/v2\/posts\/62078\/revisions"}],"predecessor-version":[{"id":62083,"href":"https:\/\/www.conselharan.org\/ca\/wp-json\/wp\/v2\/posts\/62078\/revisions\/62083"}],"wp:featuredmedia":[{"embeddable":true,"href":"https:\/\/www.conselharan.org\/ca\/wp-json\/wp\/v2\/media\/62064"}],"wp:attachment":[{"href":"https:\/\/www.conselharan.org\/ca\/wp-json\/wp\/v2\/media?parent=62078"}],"wp:term":[{"taxonomy":"category","embeddable":true,"href":"https:\/\/www.conselharan.org\/ca\/wp-json\/wp\/v2\/categories?post=62078"},{"taxonomy":"post_tag","embeddable":true,"href":"https:\/\/www.conselharan.org\/ca\/wp-json\/wp\/v2\/tags?post=62078"}],"curies":[{"name":"wp","href":"https:\/\/api.w.org\/{rel}","templated":true}]}}