{"id":6209,"date":"2015-02-04T11:32:09","date_gmt":"2015-02-04T10:32:09","guid":{"rendered":"http:\/\/www.conselharan.org\/?p=6209"},"modified":"2015-02-04T12:24:42","modified_gmt":"2015-02-04T11:24:42","slug":"nova-llei-daran","status":"publish","type":"post","link":"https:\/\/www.conselharan.org\/ca\/nova-llei-daran\/","title":{"rendered":"Informaci\u00f3 del Sindic d&#8217;Aran sobre Nova Llei d\u2019Aran"},"content":{"rendered":"<p><a href=\"http:\/\/www.conselharan.org\/wp-content\/uploads\/2015\/02\/cabecera-facebook.jpg\"><img loading=\"lazy\" decoding=\"async\" class=\"aligncenter size-full wp-image-6207\" alt=\"cabecera-facebook\" src=\"http:\/\/www.conselharan.org\/wp-content\/uploads\/2015\/02\/cabecera-facebook.jpg\" width=\"501\" height=\"313\" srcset=\"https:\/\/www.conselharan.org\/wp-content\/uploads\/2015\/02\/cabecera-facebook.jpg 501w, https:\/\/www.conselharan.org\/wp-content\/uploads\/2015\/02\/cabecera-facebook-300x187.jpg 300w\" sizes=\"(max-width: 501px) 100vw, 501px\" \/><\/a><\/p>\n<p>El passat dia 21 de gener del 2015 el Parlament de Catalunya va aprovar la nova Llei de R\u00e8gim Especial d\u2019Aran. Per que tingueu una \u00e0mplia visi\u00f3 del que representa aquesta nova llei per tots els ciutadans d\u2019Aran la posem a la vostra disposici\u00f3.<\/p>\n<p>Tamb\u00e9 us avancem que el proper dia 13 de febrer el Molt Hble. President de la Generalitat, Artur Mas, signar\u00e0 a l\u2019Aran l&#8217;ordre de publicaci\u00f3 d\u2019aquesta llei en el Diari Oficial de la Generalitat que l&#8217;endem\u00e0 de la seva publicaci\u00f3 ja ser\u00e0 vigent a tots els efectes. A partir d\u2019aquest moment, disposareu tamb\u00e9 de la seva versi\u00f3 en aran\u00e8s.<\/p>\n<p>Des del Gov\u00e8rn d\u2019Aran agra\u00efm el treball fet per la pon\u00e8ncia redactora d\u2019aquesta llei, fem extensiu aquest agra\u00efment a tots els grups pol\u00edtics del Parlament i, a nivell de pa\u00eds, el nostre reconeixement i felicitat compartida amb tots els partits pol\u00edtics d\u2019Aran que hi hem estat implicats des del seu inici en l&#8217;any 1998 i una menci\u00f3 especial al Diputat aran\u00e8s al Parlament de Catalunya, \u00c1lex Moga, que com relator d\u2019aquesta llei ha tingut la capacitat de canalitzar el treball de la pon\u00e8ncia redactora per possibilitar aquesta nova llei.<\/p>\n<p>Moltes felicitats al poble aran\u00e8s.<\/p>\n<p>&nbsp;<\/p>\n<p>Carlos Barrera S\u00e1nchez<br \/>\nSindic d\u2019Aran<\/p>\n ","protected":false},"excerpt":{"rendered":"<p>El passat dia 21 de gener del 2015 el Parlament de Catalunya va aprovar la nova Llei de R\u00e8gim Especial d\u2019Aran. Per que tingueu una \u00e0mplia visi\u00f3 del que representa aquesta nova llei per tots els ciutadans d\u2019Aran la posem a la vostra disposici\u00f3. Tamb\u00e9 us avancem que el proper dia 13 de febrer el&#8230;<\/p>\n","protected":false},"author":2,"featured_media":6207,"comment_status":"closed","ping_status":"closed","sticky":false,"template":"","format":"standard","meta":{"footnotes":""},"categories":[31,53,33,36],"tags":[],"_links":{"self":[{"href":"https:\/\/www.conselharan.org\/ca\/wp-json\/wp\/v2\/posts\/6209"}],"collection":[{"href":"https:\/\/www.conselharan.org\/ca\/wp-json\/wp\/v2\/posts"}],"about":[{"href":"https:\/\/www.conselharan.org\/ca\/wp-json\/wp\/v2\/types\/post"}],"author":[{"embeddable":true,"href":"https:\/\/www.conselharan.org\/ca\/wp-json\/wp\/v2\/users\/2"}],"replies":[{"embeddable":true,"href":"https:\/\/www.conselharan.org\/ca\/wp-json\/wp\/v2\/comments?post=6209"}],"version-history":[{"count":2,"href":"https:\/\/www.conselharan.org\/ca\/wp-json\/wp\/v2\/posts\/6209\/revisions"}],"predecessor-version":[{"id":6216,"href":"https:\/\/www.conselharan.org\/ca\/wp-json\/wp\/v2\/posts\/6209\/revisions\/6216"}],"wp:featuredmedia":[{"embeddable":true,"href":"https:\/\/www.conselharan.org\/ca\/wp-json\/wp\/v2\/media\/6207"}],"wp:attachment":[{"href":"https:\/\/www.conselharan.org\/ca\/wp-json\/wp\/v2\/media?parent=6209"}],"wp:term":[{"taxonomy":"category","embeddable":true,"href":"https:\/\/www.conselharan.org\/ca\/wp-json\/wp\/v2\/categories?post=6209"},{"taxonomy":"post_tag","embeddable":true,"href":"https:\/\/www.conselharan.org\/ca\/wp-json\/wp\/v2\/tags?post=6209"}],"curies":[{"name":"wp","href":"https:\/\/api.w.org\/{rel}","templated":true}]}}