{"id":62189,"date":"2025-04-19T15:00:14","date_gmt":"2025-04-19T13:00:14","guid":{"rendered":"https:\/\/www.conselharan.org\/?p=62189"},"modified":"2025-04-19T22:18:08","modified_gmt":"2025-04-19T20:18:08","slug":"atac-dos-en-el-terme-municipal-de-les","status":"publish","type":"post","link":"https:\/\/www.conselharan.org\/ca\/atac-dos-en-el-terme-municipal-de-les\/","title":{"rendered":"Atac d&#8217;\u00f3s en el terme municipal de Les"},"content":{"rendered":"<p><a href=\"https:\/\/www.conselharan.org\/ca\/atac-dos-en-terme-municipau-de-les\/peades\/\" rel=\"attachment wp-att-62191\"><img loading=\"lazy\" decoding=\"async\" class=\"aligncenter size-large wp-image-62191\" src=\"https:\/\/www.conselharan.org\/wp-content\/uploads\/2025\/04\/Peades-1024x461.jpg\" alt=\"\" width=\"1024\" height=\"461\" srcset=\"https:\/\/www.conselharan.org\/wp-content\/uploads\/2025\/04\/Peades-1024x461.jpg 1024w, https:\/\/www.conselharan.org\/wp-content\/uploads\/2025\/04\/Peades-300x135.jpg 300w, https:\/\/www.conselharan.org\/wp-content\/uploads\/2025\/04\/Peades-768x346.jpg 768w, https:\/\/www.conselharan.org\/wp-content\/uploads\/2025\/04\/Peades-1536x691.jpg 1536w, https:\/\/www.conselharan.org\/wp-content\/uploads\/2025\/04\/Peades.jpg 1600w\" sizes=\"(max-width: 1024px) 100vw, 1024px\" \/><\/a><\/p>\n<p><a href=\"https:\/\/www.conselharan.org\/ca\/atac-dos-en-terme-municipau-de-les\/peu\/\" rel=\"attachment wp-att-62194\"><img loading=\"lazy\" decoding=\"async\" class=\"aligncenter size-large wp-image-62194\" src=\"https:\/\/www.conselharan.org\/wp-content\/uploads\/2025\/04\/Peu-461x1024.jpg\" alt=\"\" width=\"461\" height=\"1024\" srcset=\"https:\/\/www.conselharan.org\/wp-content\/uploads\/2025\/04\/Peu-461x1024.jpg 461w, https:\/\/www.conselharan.org\/wp-content\/uploads\/2025\/04\/Peu-135x300.jpg 135w, https:\/\/www.conselharan.org\/wp-content\/uploads\/2025\/04\/Peu-691x1536.jpg 691w, https:\/\/www.conselharan.org\/wp-content\/uploads\/2025\/04\/Peu.jpg 720w\" sizes=\"(max-width: 461px) 100vw, 461px\" \/><\/a><\/p>\n<ul>\n<li>\n<h3><strong>Aquest mat\u00ed Agents de Miei Ambient del Conselh Generau d&#8217;Aran s&#8217;han despla\u00e7at fins a la zona i han pogut constatar la mort de sis ovelles.<\/strong><\/h3>\n<\/li>\n<\/ul>\n<p>Agents de Miei Ambient del Conselh Generau d&#8217;Aran han constatat la mort de sis caps de bestiar que es trobaven dins d&#8217;un c\u00e8rcol per un nou atac d&#8217;\u00f3s.<\/p>\n<p>Els agents treballen ara sobre el terreny per a reunir mostres que puguin facilitar la detecci\u00f3 de l&#8217;animal.<\/p>\n<p>En aquests \u00faltims anys els atacs a bestiar ov\u00ed i capr\u00ed passen a la primavera abans de l&#8217;agrupament dels ramats disminuint en temporada d&#8217;estiu quan els animals es troben en alta muntanya.<\/p>\n<p>En els pr\u00f2xims dies s&#8217;enviaran a analitzar les mostres recollides a la Universitat Aut\u00f2noma de Barcelona, on s&#8217;intentar\u00e0 identificar a l&#8217;exemplar responsable d&#8217;aquest atac.<\/p>\n<p><em>Vielha,19 d&#8217;abril de 2025<\/em><\/p>\n ","protected":false},"excerpt":{"rendered":"<p>Aquest mat\u00ed Agents de Miei Ambient del Conselh Generau d&#8217;Aran s&#8217;han despla\u00e7at fins a la zona i han pogut constatar la mort de sis ovelles. Agents de Miei Ambient del Conselh Generau d&#8217;Aran han constatat la mort de sis caps de bestiar que es trobaven dins d&#8217;un c\u00e8rcol per un nou atac d&#8217;\u00f3s. Els agents&#8230;<\/p>\n","protected":false},"author":2,"featured_media":62191,"comment_status":"closed","ping_status":"closed","sticky":false,"template":"","format":"standard","meta":{"footnotes":""},"categories":[31,53,128,33,36],"tags":[],"_links":{"self":[{"href":"https:\/\/www.conselharan.org\/ca\/wp-json\/wp\/v2\/posts\/62189"}],"collection":[{"href":"https:\/\/www.conselharan.org\/ca\/wp-json\/wp\/v2\/posts"}],"about":[{"href":"https:\/\/www.conselharan.org\/ca\/wp-json\/wp\/v2\/types\/post"}],"author":[{"embeddable":true,"href":"https:\/\/www.conselharan.org\/ca\/wp-json\/wp\/v2\/users\/2"}],"replies":[{"embeddable":true,"href":"https:\/\/www.conselharan.org\/ca\/wp-json\/wp\/v2\/comments?post=62189"}],"version-history":[{"count":1,"href":"https:\/\/www.conselharan.org\/ca\/wp-json\/wp\/v2\/posts\/62189\/revisions"}],"predecessor-version":[{"id":62201,"href":"https:\/\/www.conselharan.org\/ca\/wp-json\/wp\/v2\/posts\/62189\/revisions\/62201"}],"wp:featuredmedia":[{"embeddable":true,"href":"https:\/\/www.conselharan.org\/ca\/wp-json\/wp\/v2\/media\/62191"}],"wp:attachment":[{"href":"https:\/\/www.conselharan.org\/ca\/wp-json\/wp\/v2\/media?parent=62189"}],"wp:term":[{"taxonomy":"category","embeddable":true,"href":"https:\/\/www.conselharan.org\/ca\/wp-json\/wp\/v2\/categories?post=62189"},{"taxonomy":"post_tag","embeddable":true,"href":"https:\/\/www.conselharan.org\/ca\/wp-json\/wp\/v2\/tags?post=62189"}],"curies":[{"name":"wp","href":"https:\/\/api.w.org\/{rel}","templated":true}]}}