{"id":6223,"date":"2015-02-05T13:39:26","date_gmt":"2015-02-05T12:39:26","guid":{"rendered":"http:\/\/www.conselharan.org\/?p=6223"},"modified":"2015-02-05T13:39:26","modified_gmt":"2015-02-05T12:39:26","slug":"presentacio-de-val-daran-destinacio-biosphere-al-salo-de-lesport-i-turisme-de-muntanya-de-lleida","status":"publish","type":"post","link":"https:\/\/www.conselharan.org\/ca\/presentacio-de-val-daran-destinacio-biosphere-al-salo-de-lesport-i-turisme-de-muntanya-de-lleida\/","title":{"rendered":"Presentaci\u00f3 de \u201cVal d\u2019Aran destinaci\u00f3 Biosphere\u201d al Sal\u00f3 de l\u2019Esport i Turisme de Muntanya de Lleida"},"content":{"rendered":"<p>\u2022 <strong>Foment Turisme Val d\u2019Aran juntament amb Baqueira Beret estaran presents al Sal\u00f3 de l\u2019Esport i Turisme de Muntanya de Lleida<\/strong><br \/>\n<strong> <\/strong><\/p>\n<p><strong>\u2022 La 2\u00aa edici\u00f3 del STM oferir\u00e0 del 6 al 8 de febrer m\u00e9s de 30 propostes entre carreres, jornades t\u00e8cniques, confer\u00e8ncies, demostracions i tallers<\/strong><br \/>\n<strong> <\/strong><\/p>\n<p><strong>\u2022 Dem\u00e0 divendres, dia 6 de febrer, a partir de les 18h30, es presentar\u00e0 \u201cVal d\u2019Aran destinaci\u00f3 Biosphere\u201d i es projectar\u00e0 la pel\u2022l\u00edcula del 50 aniversari de Baqueira Beret<\/strong><\/p>\n<p><a href=\"http:\/\/www.conselharan.org\/wp-content\/uploads\/2015\/02\/STM2014-Slides-IMG_8999.jpg\"><img loading=\"lazy\" decoding=\"async\" class=\"aligncenter size-large wp-image-6218\" alt=\"STM2014-Slides-IMG_8999\" src=\"http:\/\/www.conselharan.org\/wp-content\/uploads\/2015\/02\/STM2014-Slides-IMG_8999-1024x386.jpg\" width=\"1024\" height=\"386\" srcset=\"https:\/\/www.conselharan.org\/wp-content\/uploads\/2015\/02\/STM2014-Slides-IMG_8999-1024x386.jpg 1024w, https:\/\/www.conselharan.org\/wp-content\/uploads\/2015\/02\/STM2014-Slides-IMG_8999-300x113.jpg 300w, https:\/\/www.conselharan.org\/wp-content\/uploads\/2015\/02\/STM2014-Slides-IMG_8999.jpg 1140w\" sizes=\"(max-width: 1024px) 100vw, 1024px\" \/><\/a><em>STM- Imatge d&#8217;arxiu del STM<\/em><\/p>\n<p>La 2\u00aa edici\u00f3 del STM- Sal\u00f3 de l&#8217;Esport i Turisme de Muntanya (STM) obrir\u00e0 les seves portes dem\u00e0 divendres, dia 6 de febrer, a Lleida amb un increment d&#8217;expositors (62), de superf\u00edcie neta d&#8217;exposici\u00f3 (4.300 m2) i del nombre d&#8217;activitats paral\u2022leles (31, un 55% m\u00e9s que en el 2014). L&#8217;augment de les activitats outdoor, especialment de les carreres, i la pres\u00e8ncia de coneguts esportistes d&#8217;especialitats extremes s\u00f3n tamb\u00e9 novetats de l&#8217;edici\u00f3 d&#8217;aquest any.<\/p>\n<p>El STM tindr\u00e0 lloc en el Pavell\u00f3 3 de Fira de Lleida amb un horari que anir\u00e0 de 10h00 a 20h00 ininterrompudament. L&#8217;objectiu del sal\u00f3, que va iniciar la seva marxa el passat any amb la vocaci\u00f3 de convertir-se en un punt de refer\u00e8ncia internacional en el seu \u00e0mbit, \u00e9s mostrar l&#8217;oferta de turisme i esports de muntanya del pa\u00eds i d&#8217;ambdues vessants del Pirineus.<\/p>\n<p>Foment Torisme Val d\u2019Aran juntament amb Baqueira Beret estaran presents al STM i dem\u00e0 divendres a la Sala de confer\u00e8ncies del Pavell\u00f3 3, a partir de les 18h30, la conselh\u00e8ra de Turisme, Comer\u00e7 i Consum d\u2019Aran, <strong>Anna D\u00edaz<\/strong>, presentar\u00e0 \u201c<strong>Val d\u2019Aran destinaci\u00f3 Biosphere<\/strong>\u201d i seguidament Baqueira Beret, de la m\u00e0 del director comercial de Baqueira Beret, <strong>Xavi Ubeira,<\/strong> presentaran el v\u00eddeo del <strong>50 aniversari de Baqueira Beret<\/strong>. A l\u2019acabar, a l\u2019estand de Val d\u2019Aran\/Baqueira Beret es podran degustar productes de la Marca de Garantia dera Val d\u2019Aran.<\/p>\n<p>L&#8217;organitzaci\u00f3 preveu acollir uns 8.000 visitants.<\/p>\n ","protected":false},"excerpt":{"rendered":"<p>\u2022 Foment Turisme Val d\u2019Aran juntament amb Baqueira Beret estaran presents al Sal\u00f3 de l\u2019Esport i Turisme de Muntanya de Lleida \u2022 La 2\u00aa edici\u00f3 del STM oferir\u00e0 del 6 al 8 de febrer m\u00e9s de 30 propostes entre carreres, jornades t\u00e8cniques, confer\u00e8ncies, demostracions i tallers \u2022 Dem\u00e0 divendres, dia 6 de febrer, a partir&#8230;<\/p>\n","protected":false},"author":2,"featured_media":6218,"comment_status":"closed","ping_status":"closed","sticky":false,"template":"","format":"standard","meta":{"footnotes":""},"categories":[31,33,36],"tags":[],"_links":{"self":[{"href":"https:\/\/www.conselharan.org\/ca\/wp-json\/wp\/v2\/posts\/6223"}],"collection":[{"href":"https:\/\/www.conselharan.org\/ca\/wp-json\/wp\/v2\/posts"}],"about":[{"href":"https:\/\/www.conselharan.org\/ca\/wp-json\/wp\/v2\/types\/post"}],"author":[{"embeddable":true,"href":"https:\/\/www.conselharan.org\/ca\/wp-json\/wp\/v2\/users\/2"}],"replies":[{"embeddable":true,"href":"https:\/\/www.conselharan.org\/ca\/wp-json\/wp\/v2\/comments?post=6223"}],"version-history":[{"count":2,"href":"https:\/\/www.conselharan.org\/ca\/wp-json\/wp\/v2\/posts\/6223\/revisions"}],"predecessor-version":[{"id":6225,"href":"https:\/\/www.conselharan.org\/ca\/wp-json\/wp\/v2\/posts\/6223\/revisions\/6225"}],"wp:featuredmedia":[{"embeddable":true,"href":"https:\/\/www.conselharan.org\/ca\/wp-json\/wp\/v2\/media\/6218"}],"wp:attachment":[{"href":"https:\/\/www.conselharan.org\/ca\/wp-json\/wp\/v2\/media?parent=6223"}],"wp:term":[{"taxonomy":"category","embeddable":true,"href":"https:\/\/www.conselharan.org\/ca\/wp-json\/wp\/v2\/categories?post=6223"},{"taxonomy":"post_tag","embeddable":true,"href":"https:\/\/www.conselharan.org\/ca\/wp-json\/wp\/v2\/tags?post=6223"}],"curies":[{"name":"wp","href":"https:\/\/api.w.org\/{rel}","templated":true}]}}