{"id":62245,"date":"2025-04-22T16:10:23","date_gmt":"2025-04-22T14:10:23","guid":{"rendered":"https:\/\/www.conselharan.org\/?p=62245"},"modified":"2025-04-22T19:02:25","modified_gmt":"2025-04-22T17:02:25","slug":"la-val-daran-premiada-com-mejor-destino-natural-de-espana","status":"publish","type":"post","link":"https:\/\/www.conselharan.org\/ca\/la-val-daran-premiada-com-mejor-destino-natural-de-espana\/","title":{"rendered":"La Val d\u2019Aran, premiada com \u201cMejor Destino Natural de Espa\u00f1a\u201d"},"content":{"rendered":"<p><a href=\"https:\/\/www.conselharan.org\/ca\/la-val-daran-premiada-com-mejor-destino-natural-de-espana\/2-18-2\/\" rel=\"attachment wp-att-62231\"><img loading=\"lazy\" decoding=\"async\" class=\"aligncenter size-full wp-image-62231\" src=\"https:\/\/www.conselharan.org\/wp-content\/uploads\/2025\/04\/2.jpg\" alt=\"\" width=\"738\" height=\"910\" srcset=\"https:\/\/www.conselharan.org\/wp-content\/uploads\/2025\/04\/2.jpg 738w, https:\/\/www.conselharan.org\/wp-content\/uploads\/2025\/04\/2-243x300.jpg 243w\" sizes=\"(max-width: 738px) 100vw, 738px\" \/><\/a><\/p>\n<ul>\n<li><strong>La revista \u201cViajes National Geographic\u201d ha fet con\u00e8ixer avui el guanyador d&#8217;aquest premi, que entrega a trav\u00e9s de l&#8217;apartat \u201c Premios de les lectores 2025\u201d. <\/strong><\/li>\n<\/ul>\n<p>La Val d&#8217;Aran ve de ser reconeguda com \u201cMejor Destino Natural de Espa\u00f1a\u201d en els prestigiosos \u201cPremios de los Lectores 2025\u201d de la publicaci\u00f3 Viajes National Geographic.<a href=\"https:\/\/www.conselharan.org\/ca\/la-val-daran-premiada-com-mejor-destino-natural-de-espana\/4-13-2\/\" rel=\"attachment wp-att-62237\"><img loading=\"lazy\" decoding=\"async\" class=\"aligncenter size-full wp-image-62237\" src=\"https:\/\/www.conselharan.org\/wp-content\/uploads\/2025\/04\/4.jpg\" alt=\"\" width=\"738\" height=\"959\" srcset=\"https:\/\/www.conselharan.org\/wp-content\/uploads\/2025\/04\/4.jpg 738w, https:\/\/www.conselharan.org\/wp-content\/uploads\/2025\/04\/4-231x300.jpg 231w\" sizes=\"(max-width: 738px) 100vw, 738px\" \/><\/a><\/p>\n<p>Aquesta distinci\u00f3, fruit dels vots de milers de persones, relleva la bellesa natural i l&#8217;excepcional oferta tur\u00edstica del territori, i el situa com un referent en el sector del turisme sostenible i per la qualitat dels seus serveis.<a href=\"https:\/\/www.conselharan.org\/ca\/la-val-daran-premiada-com-mejor-destino-natural-de-espana\/5-5-2\/\" rel=\"attachment wp-att-62240\"><img loading=\"lazy\" decoding=\"async\" class=\"aligncenter size-full wp-image-62240\" src=\"https:\/\/www.conselharan.org\/wp-content\/uploads\/2025\/04\/5.jpg\" alt=\"\" width=\"633\" height=\"916\" srcset=\"https:\/\/www.conselharan.org\/wp-content\/uploads\/2025\/04\/5.jpg 633w, https:\/\/www.conselharan.org\/wp-content\/uploads\/2025\/04\/5-207x300.jpg 207w\" sizes=\"(max-width: 633px) 100vw, 633px\" \/><\/a><\/p>\n<p>Un premi que, a m\u00e9s d\u2019aquests valors, tamb\u00e9 reconeix l&#8217;esfor\u00e7 continuat per millorar la seva oferta, la innovaci\u00f3 i el comprom\u00eds amb l&#8217;excel\u00b7l\u00e8ncia en els serveis oferts als usuaris.<a href=\"https:\/\/www.conselharan.org\/ca\/la-val-daran-premiada-com-mejor-destino-natural-de-espana\/3-15-2\/\" rel=\"attachment wp-att-62234\"><img loading=\"lazy\" decoding=\"async\" class=\"aligncenter size-full wp-image-62234\" src=\"https:\/\/www.conselharan.org\/wp-content\/uploads\/2025\/04\/3.jpg\" alt=\"\" width=\"738\" height=\"900\" srcset=\"https:\/\/www.conselharan.org\/wp-content\/uploads\/2025\/04\/3.jpg 738w, https:\/\/www.conselharan.org\/wp-content\/uploads\/2025\/04\/3-246x300.jpg 246w\" sizes=\"(max-width: 738px) 100vw, 738px\" \/><\/a><\/p>\n<p>Per a la sindica d\u2019Aran, Maria Verg\u00e9s: \u201cAquesta distinci\u00f3 certifica el treball ben fet, la dedicaci\u00f3 i la const\u00e0ncia per part de tots i totes que, en els diferents sectors, proposen als visitants experi\u00e8ncies \u00faniques que poden viure a la Val d&#8217;Aran\u201d.<\/p>\n<p><em>Vielha, 22 d\u2019Abril 2025 <\/em><\/p>\n ","protected":false},"excerpt":{"rendered":"<p>La revista \u201cViajes National Geographic\u201d ha fet con\u00e8ixer avui el guanyador d&#8217;aquest premi, que entrega a trav\u00e9s de l&#8217;apartat \u201c Premios de les lectores 2025\u201d. La Val d&#8217;Aran ve de ser reconeguda com \u201cMejor Destino Natural de Espa\u00f1a\u201d en els prestigiosos \u201cPremios de los Lectores 2025\u201d de la publicaci\u00f3 Viajes National Geographic. Aquesta distinci\u00f3, fruit&#8230;<\/p>\n","protected":false},"author":2,"featured_media":62240,"comment_status":"closed","ping_status":"closed","sticky":false,"template":"","format":"standard","meta":{"footnotes":""},"categories":[31,794,53,803,33,36],"tags":[],"_links":{"self":[{"href":"https:\/\/www.conselharan.org\/ca\/wp-json\/wp\/v2\/posts\/62245"}],"collection":[{"href":"https:\/\/www.conselharan.org\/ca\/wp-json\/wp\/v2\/posts"}],"about":[{"href":"https:\/\/www.conselharan.org\/ca\/wp-json\/wp\/v2\/types\/post"}],"author":[{"embeddable":true,"href":"https:\/\/www.conselharan.org\/ca\/wp-json\/wp\/v2\/users\/2"}],"replies":[{"embeddable":true,"href":"https:\/\/www.conselharan.org\/ca\/wp-json\/wp\/v2\/comments?post=62245"}],"version-history":[{"count":2,"href":"https:\/\/www.conselharan.org\/ca\/wp-json\/wp\/v2\/posts\/62245\/revisions"}],"predecessor-version":[{"id":62247,"href":"https:\/\/www.conselharan.org\/ca\/wp-json\/wp\/v2\/posts\/62245\/revisions\/62247"}],"wp:featuredmedia":[{"embeddable":true,"href":"https:\/\/www.conselharan.org\/ca\/wp-json\/wp\/v2\/media\/62240"}],"wp:attachment":[{"href":"https:\/\/www.conselharan.org\/ca\/wp-json\/wp\/v2\/media?parent=62245"}],"wp:term":[{"taxonomy":"category","embeddable":true,"href":"https:\/\/www.conselharan.org\/ca\/wp-json\/wp\/v2\/categories?post=62245"},{"taxonomy":"post_tag","embeddable":true,"href":"https:\/\/www.conselharan.org\/ca\/wp-json\/wp\/v2\/tags?post=62245"}],"curies":[{"name":"wp","href":"https:\/\/api.w.org\/{rel}","templated":true}]}}