{"id":62306,"date":"2025-04-30T10:09:56","date_gmt":"2025-04-30T08:09:56","guid":{"rendered":"https:\/\/www.conselharan.org\/?p=62306"},"modified":"2025-04-30T10:10:01","modified_gmt":"2025-04-30T08:10:01","slug":"el-conselh-generau-i-la-universitat-de-lleida-celebren-el-dia-mundial-de-laigua-a-laran","status":"publish","type":"post","link":"https:\/\/www.conselharan.org\/ca\/el-conselh-generau-i-la-universitat-de-lleida-celebren-el-dia-mundial-de-laigua-a-laran\/","title":{"rendered":"El Conselh Generau i la Universitat de Lleida celebren el Dia Mundial de l&#8217;Aigua a l&#8217;Aran"},"content":{"rendered":"<h3><a href=\"https:\/\/www.conselharan.org\/ca\/el-conselh-generau-i-la-universitat-de-lleida-celebren-el-dia-mundial-de-laigua-a-laran\/hidrogeoguia-2-2\/\" rel=\"attachment wp-att-62296\"><img loading=\"lazy\" decoding=\"async\" class=\"aligncenter size-large wp-image-62296\" src=\"https:\/\/www.conselharan.org\/wp-content\/uploads\/2025\/04\/Hidrogeoguia-2-1024x768.jpg\" alt=\"\" width=\"1024\" height=\"768\" srcset=\"https:\/\/www.conselharan.org\/wp-content\/uploads\/2025\/04\/Hidrogeoguia-2-1024x768.jpg 1024w, https:\/\/www.conselharan.org\/wp-content\/uploads\/2025\/04\/Hidrogeoguia-2-300x225.jpg 300w, https:\/\/www.conselharan.org\/wp-content\/uploads\/2025\/04\/Hidrogeoguia-2-768x576.jpg 768w, https:\/\/www.conselharan.org\/wp-content\/uploads\/2025\/04\/Hidrogeoguia-2-1536x1152.jpg 1536w, https:\/\/www.conselharan.org\/wp-content\/uploads\/2025\/04\/Hidrogeoguia-2-2048x1536.jpg 2048w\" sizes=\"(max-width: 1024px) 100vw, 1024px\" \/><\/a><\/h3>\n<ul>\n<li>\n<h3><strong>L&#8217;activitat va comptar amb el suport del Conselh Generau d&#8217;Aran mitjan\u00e7ant el Centre de Lauegi, amb l&#8217;objectiu de promoure la divulgaci\u00f3 cient\u00edfica i la preservaci\u00f3 de l\u2019aigua com a recurs natural.<\/strong><\/h3>\n<\/li>\n<li>\n<h3><strong>Els participants van poder con\u00e8ixer els aq\u00fc\u00edfers c\u00e0rstics, els sistemes hidrotermals i l\u2019evoluci\u00f3 geol\u00f2gica d\u2019un dels paisatges m\u00e9s singulars dels Pirineus.<\/strong><\/h3>\n<\/li>\n<\/ul>\n<p>Aquest cap de setmana\u00a0la\u00a0Universitat de Lleida (UdL), en col\u00b7laboraci\u00f3 amb el\u00a0Conselh Generau d&#8217;Aran, va organitzar una nova edici\u00f3 de l&#8217;Hidrogeod\u00eda\u00a0amb motiu del\u00a0<strong>Dia Mundial de l&#8217;Aigua<\/strong>. Aquesta\u00a0jornada es va celebrar a\u00a0la Val d\u2019Aran\u00a0sota el t\u00edtol\u00a0<strong>\u201cLes aig\u00fces termals i el karst de la Val d\u2019Aran\u201d<\/strong>.<a href=\"https:\/\/www.conselharan.org\/ca\/el-conselh-generau-i-la-universitat-de-lleida-celebren-el-dia-mundial-de-laigua-a-laran\/hidrogeodia-1-2\/\" rel=\"attachment wp-att-62302\"><img loading=\"lazy\" decoding=\"async\" class=\"aligncenter size-large wp-image-62302\" src=\"https:\/\/www.conselharan.org\/wp-content\/uploads\/2025\/04\/Hidrogeodia-1-1024x768.jpg\" alt=\"\" width=\"1024\" height=\"768\" srcset=\"https:\/\/www.conselharan.org\/wp-content\/uploads\/2025\/04\/Hidrogeodia-1-1024x768.jpg 1024w, https:\/\/www.conselharan.org\/wp-content\/uploads\/2025\/04\/Hidrogeodia-1-300x225.jpg 300w, https:\/\/www.conselharan.org\/wp-content\/uploads\/2025\/04\/Hidrogeodia-1-768x576.jpg 768w, https:\/\/www.conselharan.org\/wp-content\/uploads\/2025\/04\/Hidrogeodia-1-1536x1152.jpg 1536w, https:\/\/www.conselharan.org\/wp-content\/uploads\/2025\/04\/Hidrogeodia-1-2048x1536.jpg 2048w\" sizes=\"(max-width: 1024px) 100vw, 1024px\" \/><\/a><\/p>\n<p>L\u2019activitat va comptar amb la\u00a0col\u00b7laboraci\u00f3 del Conselh Generau d&#8217;Aran, a trav\u00e9s del\u00a0Centre de Lauegi, amb l\u2019objectiu de promoure el coneixement sobre la hidrogeologia i el valor de l\u2019aigua com a recurs fonamental per al medi ambient. En total, m\u00e9s de\u00a060 persones\u00a0van participar en l&#8217;excursi\u00f3, que va incloure diverses parades per descobrir la\u00a0geologia de la Val d&#8217;Aran, la\u00a0hidrogeologia\u00a0i el\u00a0termalisme\u00a0al territori.<\/p>\n<p>Els assistents van rec\u00f3rrer punts d&#8217;inter\u00e8s com\u00a0Arties,\u00a0Les,\u00a0Boss\u00f2st,\u00a0Aig\u00fceira\u00a0i\u00a0Uelhs deth Joeu, on es van con\u00e8ixer els\u00a0aq\u00fc\u00edfers c\u00e0rstics\u00a0i els\u00a0sistemes hidrotermals\u00a0de la zona. Tamb\u00e9 es va parlar de l\u2019evoluci\u00f3 geol\u00f2gica del territori, modelat per la din\u00e0mica glacial dels Pirineus.<a href=\"https:\/\/www.conselharan.org\/ca\/el-conselh-generau-i-la-universitat-de-lleida-celebren-el-dia-mundial-de-laigua-a-laran\/hidrogeodia-2\/\" rel=\"attachment wp-att-62299\"><img loading=\"lazy\" decoding=\"async\" class=\"aligncenter size-large wp-image-62299\" src=\"https:\/\/www.conselharan.org\/wp-content\/uploads\/2025\/04\/Hidrogeodia-1024x867.jpg\" alt=\"\" width=\"1024\" height=\"867\" srcset=\"https:\/\/www.conselharan.org\/wp-content\/uploads\/2025\/04\/Hidrogeodia-1024x867.jpg 1024w, https:\/\/www.conselharan.org\/wp-content\/uploads\/2025\/04\/Hidrogeodia-300x254.jpg 300w, https:\/\/www.conselharan.org\/wp-content\/uploads\/2025\/04\/Hidrogeodia-768x650.jpg 768w, https:\/\/www.conselharan.org\/wp-content\/uploads\/2025\/04\/Hidrogeodia-1536x1301.jpg 1536w, https:\/\/www.conselharan.org\/wp-content\/uploads\/2025\/04\/Hidrogeodia.jpg 1932w\" sizes=\"(max-width: 1024px) 100vw, 1024px\" \/><\/a><\/p>\n<p>L\u2019excursi\u00f3 va ser en autocar, amb petites caminades, i el transport i les explicacions dels hidroge\u00f2legs van ser gratu\u00efts. La jornada va ser oberta a tots els p\u00fablics, independentment del seu nivell de formaci\u00f3, una oportunitat \u00fanica per con\u00e8ixer el patrimoni natural de la Val d&#8217;Aran.<\/p>\n<p><em>Vielha, 30 d&#8217;abril de 2025<\/em><\/p>\n ","protected":false},"excerpt":{"rendered":"<p>L&#8217;activitat va comptar amb el suport del Conselh Generau d&#8217;Aran mitjan\u00e7ant el Centre de Lauegi, amb l&#8217;objectiu de promoure la divulgaci\u00f3 cient\u00edfica i la preservaci\u00f3 de l\u2019aigua com a recurs natural. Els participants van poder con\u00e8ixer els aq\u00fc\u00edfers c\u00e0rstics, els sistemes hidrotermals i l\u2019evoluci\u00f3 geol\u00f2gica d\u2019un dels paisatges m\u00e9s singulars dels Pirineus. Aquest cap de&#8230;<\/p>\n","protected":false},"author":2,"featured_media":62296,"comment_status":"closed","ping_status":"closed","sticky":false,"template":"","format":"standard","meta":{"footnotes":""},"categories":[31,53,127,33,36],"tags":[],"_links":{"self":[{"href":"https:\/\/www.conselharan.org\/ca\/wp-json\/wp\/v2\/posts\/62306"}],"collection":[{"href":"https:\/\/www.conselharan.org\/ca\/wp-json\/wp\/v2\/posts"}],"about":[{"href":"https:\/\/www.conselharan.org\/ca\/wp-json\/wp\/v2\/types\/post"}],"author":[{"embeddable":true,"href":"https:\/\/www.conselharan.org\/ca\/wp-json\/wp\/v2\/users\/2"}],"replies":[{"embeddable":true,"href":"https:\/\/www.conselharan.org\/ca\/wp-json\/wp\/v2\/comments?post=62306"}],"version-history":[{"count":2,"href":"https:\/\/www.conselharan.org\/ca\/wp-json\/wp\/v2\/posts\/62306\/revisions"}],"predecessor-version":[{"id":62308,"href":"https:\/\/www.conselharan.org\/ca\/wp-json\/wp\/v2\/posts\/62306\/revisions\/62308"}],"wp:featuredmedia":[{"embeddable":true,"href":"https:\/\/www.conselharan.org\/ca\/wp-json\/wp\/v2\/media\/62296"}],"wp:attachment":[{"href":"https:\/\/www.conselharan.org\/ca\/wp-json\/wp\/v2\/media?parent=62306"}],"wp:term":[{"taxonomy":"category","embeddable":true,"href":"https:\/\/www.conselharan.org\/ca\/wp-json\/wp\/v2\/categories?post=62306"},{"taxonomy":"post_tag","embeddable":true,"href":"https:\/\/www.conselharan.org\/ca\/wp-json\/wp\/v2\/tags?post=62306"}],"curies":[{"name":"wp","href":"https:\/\/api.w.org\/{rel}","templated":true}]}}