{"id":6242,"date":"2015-02-09T08:00:43","date_gmt":"2015-02-09T07:00:43","guid":{"rendered":"http:\/\/www.conselharan.org\/?p=6242"},"modified":"2015-02-06T12:16:21","modified_gmt":"2015-02-06T11:16:21","slug":"video-de-net-de-huec-net-damor","status":"publish","type":"post","link":"https:\/\/www.conselharan.org\/ca\/video-de-net-de-huec-net-damor\/","title":{"rendered":"Vid\u00e8o de \u201cNet de Huec, net d\u2019amor\u201d"},"content":{"rendered":"<p><a href=\"http:\/\/www.conselharan.org\/wp-content\/uploads\/2015\/02\/ES-PAUMS.jpg\"><img loading=\"lazy\" decoding=\"async\" class=\"aligncenter size-full wp-image-6243\" alt=\"ES PAUMS\" src=\"http:\/\/www.conselharan.org\/wp-content\/uploads\/2015\/02\/ES-PAUMS.jpg\" width=\"960\" height=\"585\" srcset=\"https:\/\/www.conselharan.org\/wp-content\/uploads\/2015\/02\/ES-PAUMS.jpg 960w, https:\/\/www.conselharan.org\/wp-content\/uploads\/2015\/02\/ES-PAUMS-300x182.jpg 300w\" sizes=\"(max-width: 960px) 100vw, 960px\" \/><\/a><\/p>\n<p>&nbsp;<\/p>\n<p><strong>Vero Barrull<\/strong>, a editat eth vid\u00e8o en Youtube <strong>\u201cNet de huec, net d\u2019amor\u201d<\/strong> basat en po\u00e8ma de madeish n\u00f2m de <strong>J\u00e8p de Montoya<\/strong>, musicat per <strong>Jaume Masana Castet (<em>Cast\u00e8th<\/em>)<\/strong> e interpretat per istoric grop musicau aran\u00e9s <em><strong>\u201cEs Paums<\/strong><\/em>\u201d.<\/p>\n<p>Era can\u00e7on parle deth rituau deth huec, era pr\u00e8ssa dera rosada dera recuelhuda d\u2019\u00e8rbes medicinaus e deth j\u00f2c des amagatolhs ena net deth solstici d\u2019ostiu o net de Sant Joan.<\/p>\n<p>Ei aguest un cant ara libertat de gojats\/es, \u00f2mes \/hemnes, ena n\u00f2sta Val d\u2019Aran e en Piren\u00e8u Centrau.<\/p>\n<p><a href=\"http:\/\/www.youtube.com\/watch?v=poUK9OY7XzM\" target=\"_blank\">https:\/\/www.youtube.com\/watch?v=poUK9OY7XzM<\/a><\/p>\n ","protected":false},"excerpt":{"rendered":"<p>&nbsp; Vero Barrull, a editat eth vid\u00e8o en Youtube \u201cNet de huec, net d\u2019amor\u201d basat en po\u00e8ma de madeish n\u00f2m de J\u00e8p de Montoya, musicat per Jaume Masana Castet (Cast\u00e8th) e interpretat per istoric grop musicau aran\u00e9s \u201cEs Paums\u201d. Era can\u00e7on parle deth rituau deth huec, era pr\u00e8ssa dera rosada dera recuelhuda d\u2019\u00e8rbes medicinaus e&#8230;<\/p>\n","protected":false},"author":2,"featured_media":6243,"comment_status":"closed","ping_status":"closed","sticky":false,"template":"","format":"standard","meta":{"footnotes":""},"categories":[29,1,35],"tags":[],"_links":{"self":[{"href":"https:\/\/www.conselharan.org\/ca\/wp-json\/wp\/v2\/posts\/6242"}],"collection":[{"href":"https:\/\/www.conselharan.org\/ca\/wp-json\/wp\/v2\/posts"}],"about":[{"href":"https:\/\/www.conselharan.org\/ca\/wp-json\/wp\/v2\/types\/post"}],"author":[{"embeddable":true,"href":"https:\/\/www.conselharan.org\/ca\/wp-json\/wp\/v2\/users\/2"}],"replies":[{"embeddable":true,"href":"https:\/\/www.conselharan.org\/ca\/wp-json\/wp\/v2\/comments?post=6242"}],"version-history":[{"count":1,"href":"https:\/\/www.conselharan.org\/ca\/wp-json\/wp\/v2\/posts\/6242\/revisions"}],"predecessor-version":[{"id":6244,"href":"https:\/\/www.conselharan.org\/ca\/wp-json\/wp\/v2\/posts\/6242\/revisions\/6244"}],"wp:featuredmedia":[{"embeddable":true,"href":"https:\/\/www.conselharan.org\/ca\/wp-json\/wp\/v2\/media\/6243"}],"wp:attachment":[{"href":"https:\/\/www.conselharan.org\/ca\/wp-json\/wp\/v2\/media?parent=6242"}],"wp:term":[{"taxonomy":"category","embeddable":true,"href":"https:\/\/www.conselharan.org\/ca\/wp-json\/wp\/v2\/categories?post=6242"},{"taxonomy":"post_tag","embeddable":true,"href":"https:\/\/www.conselharan.org\/ca\/wp-json\/wp\/v2\/tags?post=6242"}],"curies":[{"name":"wp","href":"https:\/\/api.w.org\/{rel}","templated":true}]}}