{"id":6252,"date":"2015-02-11T13:39:52","date_gmt":"2015-02-11T12:39:52","guid":{"rendered":"http:\/\/www.conselharan.org\/?p=6252"},"modified":"2015-02-13T11:13:03","modified_gmt":"2015-02-13T10:13:03","slug":"la-gleisa-dera-purificacion-de-bossost-declarada-be-cultural-dinteres-nacional","status":"publish","type":"post","link":"https:\/\/www.conselharan.org\/ca\/la-gleisa-dera-purificacion-de-bossost-declarada-be-cultural-dinteres-nacional\/","title":{"rendered":"L&#8217;esgl\u00e9sia de la Purificaci\u00f3 de Boss\u00f2st, declarada B\u00e9 Cultural d\u2019Inter\u00e8s Nacional"},"content":{"rendered":"<p><a href=\"http:\/\/www.conselharan.org\/wp-content\/uploads\/2015\/02\/IMG-20150211-WA0004.jpg\"><img loading=\"lazy\" decoding=\"async\" class=\"aligncenter size-large wp-image-6250\" alt=\"IMG-20150211-WA0004\" src=\"http:\/\/www.conselharan.org\/wp-content\/uploads\/2015\/02\/IMG-20150211-WA0004-1024x768.jpg\" width=\"1024\" height=\"768\" srcset=\"https:\/\/www.conselharan.org\/wp-content\/uploads\/2015\/02\/IMG-20150211-WA0004-1024x768.jpg 1024w, https:\/\/www.conselharan.org\/wp-content\/uploads\/2015\/02\/IMG-20150211-WA0004-300x225.jpg 300w, https:\/\/www.conselharan.org\/wp-content\/uploads\/2015\/02\/IMG-20150211-WA0004.jpg 1280w\" sizes=\"(max-width: 1024px) 100vw, 1024px\" \/><\/a><\/p>\n<p>El Consell Executiu de la Generalitat de Catalunya ha aprovat declarar B\u00e9 Cultural d\u2019Inter\u00e8s Nacional l&#8217;esgl\u00e9sia de la Purificaci\u00f3 de Boss\u00f2st, a la Val d&#8217;Aran. El monument \u00e9s un dels millors exemples de l\u2019arquitectura rom\u00e0nica aranesa del segle XII, ja que ha conservat una gran unitat estil\u00edstica i cronol\u00f2gica.<\/p>\n<p>Ubicada al nucli antic de Boss\u00f2st, \u00e9s una notable construcci\u00f3 rom\u00e0nica amb planta basilical de tres naus. Com acostuma a ser habitual a la Val d\u2019Aran, tot i que no hi ha documentaci\u00f3 escrita de la construcci\u00f3 de l\u2019esgl\u00e9sia, se n\u2019ha pogut refer la cronologia a partir de l\u2019an\u00e0lisi dels elements arquitect\u00f2nics i art\u00edstics del monument i de l\u2019estudi comparatiu amb altres edificis propers.<\/p>\n<p>La primera refer\u00e8ncia conservada \u00e9s de l\u2019any 1313. L\u2019esgl\u00e9sia va ser constru\u00efda possiblement en dues etapes: la primera, a cavall entre els segles XI i XII, quan es devia edificar el campanar. I, la segona, durant la segona meitat del segle XII, quan es va construir l\u2019edifici. L\u2019any 1743, obeint un mandat hist\u00f2ric dels bisbes de Comminges, es va aixecar una sagristia al costat nord de l\u2019absis central. L\u2019any 1983, arran d\u2019una actuaci\u00f3 important de restauraci\u00f3 en el monument, es va consolidar el campanar, amb la recuperaci\u00f3 de les seves obertures, l\u2019enderrocament de la sagristia i la reconstrucci\u00f3 de l\u2019absidiola desapareguda.<\/p>\n<p>La declaraci\u00f3 de BCIN tamb\u00e9 compr\u00e8n el conjunt de b\u00e9ns mobles vinculats hist\u00f2ricament a l\u2019edifici. Destaca un fragment de pintura mural al tremp a l\u2019\u00e0bsida central de la segona meitat del segle XIV, on estan representades l\u2019Epifania i l\u2019escena de Jes\u00fas al temple discutint amb els doctors. Altres b\u00e9ns destacats s\u00f3n tres peus d\u2019altar monol\u00edtics, possiblement rom\u00e0nics; tres frontals d\u2019altar de fusta tallada i policromada d\u2019estil barroc; una roda de campanes del segle XVIII; una creu processional de plata sobredaurada, obrada per l\u2019argenter de Barcelona Pere Farrell l\u2019any 1614; dues portes de fusta de doble batent, on hi ha tallats els s\u00edmbols pontificals i creus de Malta; un conjunt del monument de Setmana Santa, integrat per set peces de teles pintades al tremp amb escenes de la Passi\u00f3, del segle XVII, i una pica baptismal i beneitera, objectes lit\u00fargics d\u2019orfebreria i cinc campanes dels segles XVIII i XIX.<\/p>\n ","protected":false},"excerpt":{"rendered":"<p>El Consell Executiu de la Generalitat de Catalunya ha aprovat declarar B\u00e9 Cultural d\u2019Inter\u00e8s Nacional l&#8217;esgl\u00e9sia de la Purificaci\u00f3 de Boss\u00f2st, a la Val d&#8217;Aran. El monument \u00e9s un dels millors exemples de l\u2019arquitectura rom\u00e0nica aranesa del segle XII, ja que ha conservat una gran unitat estil\u00edstica i cronol\u00f2gica. Ubicada al nucli antic de Boss\u00f2st,&#8230;<\/p>\n","protected":false},"author":1,"featured_media":6250,"comment_status":"closed","ping_status":"closed","sticky":false,"template":"","format":"standard","meta":{"footnotes":""},"categories":[31,33],"tags":[],"_links":{"self":[{"href":"https:\/\/www.conselharan.org\/ca\/wp-json\/wp\/v2\/posts\/6252"}],"collection":[{"href":"https:\/\/www.conselharan.org\/ca\/wp-json\/wp\/v2\/posts"}],"about":[{"href":"https:\/\/www.conselharan.org\/ca\/wp-json\/wp\/v2\/types\/post"}],"author":[{"embeddable":true,"href":"https:\/\/www.conselharan.org\/ca\/wp-json\/wp\/v2\/users\/1"}],"replies":[{"embeddable":true,"href":"https:\/\/www.conselharan.org\/ca\/wp-json\/wp\/v2\/comments?post=6252"}],"version-history":[{"count":4,"href":"https:\/\/www.conselharan.org\/ca\/wp-json\/wp\/v2\/posts\/6252\/revisions"}],"predecessor-version":[{"id":6260,"href":"https:\/\/www.conselharan.org\/ca\/wp-json\/wp\/v2\/posts\/6252\/revisions\/6260"}],"wp:featuredmedia":[{"embeddable":true,"href":"https:\/\/www.conselharan.org\/ca\/wp-json\/wp\/v2\/media\/6250"}],"wp:attachment":[{"href":"https:\/\/www.conselharan.org\/ca\/wp-json\/wp\/v2\/media?parent=6252"}],"wp:term":[{"taxonomy":"category","embeddable":true,"href":"https:\/\/www.conselharan.org\/ca\/wp-json\/wp\/v2\/categories?post=6252"},{"taxonomy":"post_tag","embeddable":true,"href":"https:\/\/www.conselharan.org\/ca\/wp-json\/wp\/v2\/tags?post=6252"}],"curies":[{"name":"wp","href":"https:\/\/api.w.org\/{rel}","templated":true}]}}