{"id":62672,"date":"2025-06-03T13:44:48","date_gmt":"2025-06-03T11:44:48","guid":{"rendered":"https:\/\/www.conselharan.org\/?p=62672"},"modified":"2025-06-03T16:45:38","modified_gmt":"2025-06-03T14:45:38","slug":"el-conselh-generau-daran-reclama-garantir-la-seguretat-a-la-n-230","status":"publish","type":"post","link":"https:\/\/www.conselharan.org\/ca\/el-conselh-generau-daran-reclama-garantir-la-seguretat-a-la-n-230\/","title":{"rendered":"El Conselh Generau d\u2019Aran reclama garantir la seguretat a la N-230"},"content":{"rendered":"<p><a href=\"https:\/\/www.conselharan.org\/ca\/el-conselh-generau-daran-reclama-garantir-la-seguretat-a-la-n-230\/transports-2\/\" rel=\"attachment wp-att-62664\"><img loading=\"lazy\" decoding=\"async\" class=\"aligncenter size-large wp-image-62664\" src=\"https:\/\/www.conselharan.org\/wp-content\/uploads\/2025\/06\/Transports-1024x597.jpg\" alt=\"\" width=\"1024\" height=\"597\" srcset=\"https:\/\/www.conselharan.org\/wp-content\/uploads\/2025\/06\/Transports-1024x597.jpg 1024w, https:\/\/www.conselharan.org\/wp-content\/uploads\/2025\/06\/Transports-300x175.jpg 300w, https:\/\/www.conselharan.org\/wp-content\/uploads\/2025\/06\/Transports-768x448.jpg 768w, https:\/\/www.conselharan.org\/wp-content\/uploads\/2025\/06\/Transports-1536x896.jpg 1536w, https:\/\/www.conselharan.org\/wp-content\/uploads\/2025\/06\/Transports-2048x1195.jpg 2048w\" sizes=\"(max-width: 1024px) 100vw, 1024px\" \/><\/a><\/p>\n<ul>\n<li>\n<h3><strong>La sindica d\u2019Aran, Maria Verg\u00e9s, s\u2019ha adre\u00e7at per carta al ministre de Transports, Mobilitat i Agenda Urbana de l\u2019Estat, \u00d3scar Puente, per demanar amb car\u00e0cter urgent la millora de la seguretat en aquesta via, aix\u00ed com l\u2019agilitzaci\u00f3 dels treballs de millora i adequaci\u00f3 previstos.<\/strong><\/h3>\n<\/li>\n<\/ul>\n<p>La N-230, que connecta la Val d\u2019Aran i la Ribagor\u00e7a amb la resta d\u2019Espanya i Fran\u00e7a, es troba entre una de les carreteres amb un \u00edndex de perillositat m\u00e9s alt de tot l\u2019Estat, despr\u00e9s de d\u00e8cades de manteniment i conservaci\u00f3 deficients. Aquesta problem\u00e0tica es veu fortament condicionada pel gran nombre de vehicles de transport de mercaderies i transport pesat que hi circulen di\u00e0riament \u2014m\u00e9s de 500\u2014, aix\u00ed com per les condicions meteorol\u00f2giques, especialment a l\u2019hivern, que fan que aquesta carretera no estigui adaptada a aquestes circumst\u00e0ncies.<\/p>\n<p>La s\u00edndica d\u2019Aran, Maria Verg\u00e9s, ha traslladat al ministre de Transports \u201cla gran preocupaci\u00f3 del govern aran\u00e8s davant d\u2019aquesta situaci\u00f3, ja que la carretera travessa alguns pobles del nostre territori, posant en risc la ciutadania aranesa, tal com hem vist en diversos accidents de camions en els nuclis urbans de la Val d\u2019Aran\u201d, afegint que \u201cs\u00f3n milers les persones que utilitzen la N-230 al llarg del seu recorregut i que pateixen la manca de seguretat existent\u201d.<\/p>\n<p>El govern d\u2019Aran, que reconeix el comprom\u00eds del Ministeri per impulsar la millora de la N-230 amb la licitaci\u00f3 dels diversos projectes corresponents, ha sol\u00b7licitat accelerar els treballs amb la m\u00e0xima brevetat possible.<\/p>\n<p>A m\u00e9s de les obres de millora, la s\u00edndica d\u2019Aran demana al Ministeri implementar mesures immediates per garantir la seguretat de les persones en aquesta carretera, augmentar els controls necessaris i aplicar mesures preventives davant les condicions meteorol\u00f2giques adverses.<\/p>\n<p><em>Vielha,3 de juny 2025<\/em><\/p>\n<p>&nbsp;<\/p>\n ","protected":false},"excerpt":{"rendered":"<p>La sindica d\u2019Aran, Maria Verg\u00e9s, s\u2019ha adre\u00e7at per carta al ministre de Transports, Mobilitat i Agenda Urbana de l\u2019Estat, \u00d3scar Puente, per demanar amb car\u00e0cter urgent la millora de la seguretat en aquesta via, aix\u00ed com l\u2019agilitzaci\u00f3 dels treballs de millora i adequaci\u00f3 previstos. La N-230, que connecta la Val d\u2019Aran i la Ribagor\u00e7a amb&#8230;<\/p>\n","protected":false},"author":2,"featured_media":62664,"comment_status":"closed","ping_status":"closed","sticky":false,"template":"","format":"standard","meta":{"footnotes":""},"categories":[31,53,33,36,938],"tags":[],"_links":{"self":[{"href":"https:\/\/www.conselharan.org\/ca\/wp-json\/wp\/v2\/posts\/62672"}],"collection":[{"href":"https:\/\/www.conselharan.org\/ca\/wp-json\/wp\/v2\/posts"}],"about":[{"href":"https:\/\/www.conselharan.org\/ca\/wp-json\/wp\/v2\/types\/post"}],"author":[{"embeddable":true,"href":"https:\/\/www.conselharan.org\/ca\/wp-json\/wp\/v2\/users\/2"}],"replies":[{"embeddable":true,"href":"https:\/\/www.conselharan.org\/ca\/wp-json\/wp\/v2\/comments?post=62672"}],"version-history":[{"count":3,"href":"https:\/\/www.conselharan.org\/ca\/wp-json\/wp\/v2\/posts\/62672\/revisions"}],"predecessor-version":[{"id":62681,"href":"https:\/\/www.conselharan.org\/ca\/wp-json\/wp\/v2\/posts\/62672\/revisions\/62681"}],"wp:featuredmedia":[{"embeddable":true,"href":"https:\/\/www.conselharan.org\/ca\/wp-json\/wp\/v2\/media\/62664"}],"wp:attachment":[{"href":"https:\/\/www.conselharan.org\/ca\/wp-json\/wp\/v2\/media?parent=62672"}],"wp:term":[{"taxonomy":"category","embeddable":true,"href":"https:\/\/www.conselharan.org\/ca\/wp-json\/wp\/v2\/categories?post=62672"},{"taxonomy":"post_tag","embeddable":true,"href":"https:\/\/www.conselharan.org\/ca\/wp-json\/wp\/v2\/tags?post=62672"}],"curies":[{"name":"wp","href":"https:\/\/api.w.org\/{rel}","templated":true}]}}