{"id":6268,"date":"2015-02-13T15:49:32","date_gmt":"2015-02-13T14:49:32","guid":{"rendered":"http:\/\/www.conselharan.org\/?p=6268"},"modified":"2015-02-13T15:49:32","modified_gmt":"2015-02-13T14:49:32","slug":"la-val-daran-rep-a-la-secretaria-destat-de-turisme-el-reconeixement-com-a-destinacio-de-turisme-familiar","status":"publish","type":"post","link":"https:\/\/www.conselharan.org\/ca\/la-val-daran-rep-a-la-secretaria-destat-de-turisme-el-reconeixement-com-a-destinacio-de-turisme-familiar\/","title":{"rendered":"LA VAL D&#8217;ARAN REP A LA SECRETARIA D&#8217;ESTAT DE TURISME EL RECONEIXEMENT COM A DESTINACI\u00d3 DE TURISME FAMILIAR"},"content":{"rendered":"<p><strong>La Consellera de Turisme del Conselh Generau d&#8217;Aran, Anna D\u00edaz, ha estat present a la Secretaria d&#8217;Estat de Turisme en l&#8217;acte de la signatura del conveni de col\u2022laboraci\u00f3 per validar el segell de Turisme Familiar com a Club de Producte especialitzat en el segment familiar.<\/strong><\/p>\n<p><strong>El Conselh Generau d&#8217;Aran i el sector tur\u00edstic de la vall han treballat per habilitar l&#8217;oferta a les necessitats de les fam\u00edlies, oferint propostes adequades per a tots els seus membres.<\/strong><\/p>\n<p><a href=\"http:\/\/www.conselharan.org\/wp-content\/uploads\/2015\/02\/SECRETARIA.jpg\"><img loading=\"lazy\" decoding=\"async\" class=\"aligncenter size-full wp-image-6266\" alt=\"SECRETARIA\" src=\"http:\/\/www.conselharan.org\/wp-content\/uploads\/2015\/02\/SECRETARIA.jpg\" width=\"852\" height=\"640\" srcset=\"https:\/\/www.conselharan.org\/wp-content\/uploads\/2015\/02\/SECRETARIA.jpg 852w, https:\/\/www.conselharan.org\/wp-content\/uploads\/2015\/02\/SECRETARIA-300x225.jpg 300w\" sizes=\"(max-width: 852px) 100vw, 852px\" \/><\/a><\/p>\n<p>La Consellera de Turisme del Conselh Generau d&#8217;Aran, Anna D\u00edaz, ha assistit a l&#8217;acte de la signatura del conveni de col\u2022laboraci\u00f3 en qu\u00e8 la Secretaria d&#8217;Estat de Turisme, La Secretaria d&#8217;Estat de Serveis Socials i Igualtat i la Federaci\u00f3 Espanyola de Fam\u00edlies Nombroses (FEFN) participaven per validar el segell de Turisme Familiar com a Club de Producte Tur\u00edstic especialitzat en el segment familiar.<\/p>\n<p>Previ a la signatura del conveni, s&#8217;han fet dues exposicions, sobre la visi\u00f3 i l\u00ednia estrat\u00e8gica del Segell de Turisme Familiar i sobre les l\u00ednies d&#8217;avan\u00e7 i innovaci\u00f3 del Segell Turisme Familiar. Les secret\u00e0ries d&#8217;Estat presents en l&#8217;acte i la presidenta de la FEFN han signat el conveni abans que la Federaci\u00f3 fes entrega del certificat d&#8217;agra\u00efment en reconeixement a l&#8217;esfor\u00e7 que des del Conselh Generau d&#8217;Aran s&#8217;ha fet per promoure aquest segment tur\u00edstic.<\/p>\n<p>La consellera D\u00edaz ha declarat a Madrid: <em>\u201cEl segment del turisme familiar \u00e9s important per a la Val d&#8217;Aran, \u00e9s per aix\u00f2, que s&#8217;ha treballat per oferir-los resposta a les seves necessitats, tant pel que fa a l&#8217;allotjament, com en la restauraci\u00f3 o l&#8217;oferta complement\u00e0ria, el segell ens permet realitzar accions de comercialitzaci\u00f3 i promoci\u00f3 de l&#8217;oferta de la vall dirigides a les fam\u00edlies\u201d.<\/em><\/p>\n<p>La Val d&#8217;Aran t\u00e9 moltes coses a dir en l&#8217;\u00e0mbit del turisme familiar, la seva oferta, tant a l&#8217;hivern com a l&#8217;estiu, reuneix atractius m\u00e9s que suficients per motivar a les fam\u00edlies a visitar la vall. La gran varietat d&#8217;ofertes en activitats, l&#8217;Aran Park a Boss\u00f2st, la possibilitat d&#8217;iniciar-se o practicar esports d&#8217;hivern o d&#8217;aventura i el comer\u00e7, la gastronomia o la mateixa hist\u00f2ria de l&#8217;Aran configuren una destinaci\u00f3 atractiva per a totes les edats.<\/p>\n ","protected":false},"excerpt":{"rendered":"<p>La Consellera de Turisme del Conselh Generau d&#8217;Aran, Anna D\u00edaz, ha estat present a la Secretaria d&#8217;Estat de Turisme en l&#8217;acte de la signatura del conveni de col\u2022laboraci\u00f3 per validar el segell de Turisme Familiar com a Club de Producte especialitzat en el segment familiar. El Conselh Generau d&#8217;Aran i el sector tur\u00edstic de la&#8230;<\/p>\n","protected":false},"author":2,"featured_media":6266,"comment_status":"closed","ping_status":"closed","sticky":false,"template":"","format":"standard","meta":{"footnotes":""},"categories":[31,33,36],"tags":[],"_links":{"self":[{"href":"https:\/\/www.conselharan.org\/ca\/wp-json\/wp\/v2\/posts\/6268"}],"collection":[{"href":"https:\/\/www.conselharan.org\/ca\/wp-json\/wp\/v2\/posts"}],"about":[{"href":"https:\/\/www.conselharan.org\/ca\/wp-json\/wp\/v2\/types\/post"}],"author":[{"embeddable":true,"href":"https:\/\/www.conselharan.org\/ca\/wp-json\/wp\/v2\/users\/2"}],"replies":[{"embeddable":true,"href":"https:\/\/www.conselharan.org\/ca\/wp-json\/wp\/v2\/comments?post=6268"}],"version-history":[{"count":1,"href":"https:\/\/www.conselharan.org\/ca\/wp-json\/wp\/v2\/posts\/6268\/revisions"}],"predecessor-version":[{"id":6269,"href":"https:\/\/www.conselharan.org\/ca\/wp-json\/wp\/v2\/posts\/6268\/revisions\/6269"}],"wp:featuredmedia":[{"embeddable":true,"href":"https:\/\/www.conselharan.org\/ca\/wp-json\/wp\/v2\/media\/6266"}],"wp:attachment":[{"href":"https:\/\/www.conselharan.org\/ca\/wp-json\/wp\/v2\/media?parent=6268"}],"wp:term":[{"taxonomy":"category","embeddable":true,"href":"https:\/\/www.conselharan.org\/ca\/wp-json\/wp\/v2\/categories?post=6268"},{"taxonomy":"post_tag","embeddable":true,"href":"https:\/\/www.conselharan.org\/ca\/wp-json\/wp\/v2\/tags?post=6268"}],"curies":[{"name":"wp","href":"https:\/\/api.w.org\/{rel}","templated":true}]}}