{"id":62717,"date":"2025-06-05T20:08:51","date_gmt":"2025-06-05T18:08:51","guid":{"rendered":"https:\/\/www.conselharan.org\/?p=62717"},"modified":"2025-08-18T13:37:23","modified_gmt":"2025-08-18T11:37:23","slug":"el-govern-daran-posa-compostadors-comunitaris-a-les-escoles-de-bossost-i-vielha","status":"publish","type":"post","link":"https:\/\/www.conselharan.org\/ca\/el-govern-daran-posa-compostadors-comunitaris-a-les-escoles-de-bossost-i-vielha\/","title":{"rendered":"El govern d&#8217;Aran posa compostadors comunitaris a les escoles de Boss\u00f2st i Vielha"},"content":{"rendered":"<p><strong><a href=\"https:\/\/www.conselharan.org\/ca\/el-govern-daran-posa-compostadors-comunitaris-a-les-escoles-de-bossost-i-vielha\/compostadors-2\/\" rel=\"attachment wp-att-62704\"><img loading=\"lazy\" decoding=\"async\" class=\"aligncenter size-large wp-image-62704\" src=\"https:\/\/www.conselharan.org\/wp-content\/uploads\/2025\/06\/Compostadors-1024x768.jpg\" alt=\"\" width=\"1024\" height=\"768\" srcset=\"https:\/\/www.conselharan.org\/wp-content\/uploads\/2025\/06\/Compostadors-1024x768.jpg 1024w, https:\/\/www.conselharan.org\/wp-content\/uploads\/2025\/06\/Compostadors-300x225.jpg 300w, https:\/\/www.conselharan.org\/wp-content\/uploads\/2025\/06\/Compostadors-768x576.jpg 768w, https:\/\/www.conselharan.org\/wp-content\/uploads\/2025\/06\/Compostadors-1536x1152.jpg 1536w, https:\/\/www.conselharan.org\/wp-content\/uploads\/2025\/06\/Compostadors-2048x1536.jpg 2048w\" sizes=\"(max-width: 1024px) 100vw, 1024px\" \/><\/a><a href=\"https:\/\/www.conselharan.org\/ca\/el-govern-daran-posa-compostadors-comunitaris-a-les-escoles-de-bossost-i-vielha\/cpmpostadors-3-2\/\" rel=\"attachment wp-att-62707\"><img loading=\"lazy\" decoding=\"async\" class=\"aligncenter size-large wp-image-62707\" src=\"https:\/\/www.conselharan.org\/wp-content\/uploads\/2025\/06\/Cpmpostadors-3-1024x660.jpg\" alt=\"\" width=\"1024\" height=\"660\" srcset=\"https:\/\/www.conselharan.org\/wp-content\/uploads\/2025\/06\/Cpmpostadors-3-1024x660.jpg 1024w, https:\/\/www.conselharan.org\/wp-content\/uploads\/2025\/06\/Cpmpostadors-3-300x193.jpg 300w, https:\/\/www.conselharan.org\/wp-content\/uploads\/2025\/06\/Cpmpostadors-3-768x495.jpg 768w, https:\/\/www.conselharan.org\/wp-content\/uploads\/2025\/06\/Cpmpostadors-3.jpg 1396w\" sizes=\"(max-width: 1024px) 100vw, 1024px\" \/><\/a><\/strong><\/p>\n<ul>\n<li><strong>El projecte, impulsat pel Conselh Generau d&#8217;Aran i finan\u00e7at amb fons Next Generation EU, t\u00e9 com a objectiu fomentar el compostatge i l&#8217;educaci\u00f3 ambiental a les escoles del territori.<\/strong><\/li>\n<\/ul>\n<p>El vicepresident segon i conselh\u00e8r d&#8217;Innovacion e Gestion Ambientau s\u2019ha despla\u00e7at avui fins a les escoles Sant Roc, de Boss\u00f2st, i Garona de Vielha per visitar el projecte que impulsa el govern d&#8217;Aran per treballar l&#8217;educaci\u00f3 ambiental a les escoles araneses.<\/p>\n<p>Aquesta iniciativa t\u00e9 com a objectiu fomentar la recollida selectiva i el compostatge dels residus org\u00e0nics a l&#8217;\u00e0mbit escolar, promovent l&#8217;educaci\u00f3 ambiental i la sostenibilitat entre l&#8217;alumnat. La iniciativa forma part de l&#8217;estrat\u00e8gia del Conselh Generau d&#8217;Aran per millorar la gesti\u00f3 de residus al territori i compta amb la col\u00b7laboraci\u00f3, en aquest cas, de les escoles de Boss\u00f2st i Vielha.<a href=\"https:\/\/www.conselharan.org\/ca\/el-govern-daran-posa-compostadors-comunitaris-a-les-escoles-de-bossost-i-vielha\/compostadors1-2\/\" rel=\"attachment wp-att-62710\"><img loading=\"lazy\" decoding=\"async\" class=\"aligncenter size-large wp-image-62710\" src=\"https:\/\/www.conselharan.org\/wp-content\/uploads\/2025\/06\/Compostadors1-1024x768.jpg\" alt=\"\" width=\"1024\" height=\"768\" srcset=\"https:\/\/www.conselharan.org\/wp-content\/uploads\/2025\/06\/Compostadors1-1024x768.jpg 1024w, https:\/\/www.conselharan.org\/wp-content\/uploads\/2025\/06\/Compostadors1-300x225.jpg 300w, https:\/\/www.conselharan.org\/wp-content\/uploads\/2025\/06\/Compostadors1-768x576.jpg 768w, https:\/\/www.conselharan.org\/wp-content\/uploads\/2025\/06\/Compostadors1-1536x1152.jpg 1536w, https:\/\/www.conselharan.org\/wp-content\/uploads\/2025\/06\/Compostadors1-2048x1536.jpg 2048w\" sizes=\"(max-width: 1024px) 100vw, 1024px\" \/><\/a><a href=\"https:\/\/www.conselharan.org\/ca\/el-govern-daran-posa-compostadors-comunitaris-a-les-escoles-de-bossost-i-vielha\/compostadors-2-2\/\" rel=\"attachment wp-att-62713\"><img loading=\"lazy\" decoding=\"async\" class=\"aligncenter size-full wp-image-62713\" src=\"https:\/\/www.conselharan.org\/wp-content\/uploads\/2025\/06\/Compostadors-2.jpg\" alt=\"\" width=\"917\" height=\"720\" srcset=\"https:\/\/www.conselharan.org\/wp-content\/uploads\/2025\/06\/Compostadors-2.jpg 917w, https:\/\/www.conselharan.org\/wp-content\/uploads\/2025\/06\/Compostadors-2-300x236.jpg 300w, https:\/\/www.conselharan.org\/wp-content\/uploads\/2025\/06\/Compostadors-2-768x603.jpg 768w\" sizes=\"(max-width: 917px) 100vw, 917px\" \/><\/a><\/p>\n<p>Per al conselh\u00e8r, Oriol Sala: \u201cAmb aquesta actuaci\u00f3, el govern aran\u00e8s reafirma el seu comprom\u00eds amb la sostenibilitat i la transici\u00f3 ecol\u00f2gica, treballant conjuntament amb l&#8217;Escola Aranesa en la transmissi\u00f3 dels valors ambientals a tota la mainada.\u201d<\/p>\n<p>Aquestes actuacions estan finan\u00e7ades mitjan\u00e7ant la Subvenci\u00f3 per a projectes de foment de la recollida selectiva de residus municipals per l\u2019any 2023, de l\u2019Ag\u00e8ncia de Residus de Catalunya, en el marc del Pla de recuperaci\u00f3, transformaci\u00f3 i resili\u00e8ncia \u2013finan\u00e7at per la Uni\u00f3 Europea\u2013 NextGenerationEU.<\/p>\n<p>&nbsp;<\/p>\n<p><a href=\"https:\/\/www.conselharan.org\/ca\/el-govern-daran-posa-compostadors-comunitaris-a-les-escoles-de-bossost-i-vielha\/harmonitzacions_arc_next_generation_color_jpg-1024x54-2\/\" rel=\"attachment wp-att-63793\"><img loading=\"lazy\" decoding=\"async\" class=\"aligncenter size-full wp-image-63793\" src=\"https:\/\/www.conselharan.org\/wp-content\/uploads\/2025\/06\/harmonitzacions_ARC_Next_generation_color_jpg-1024x54-1.jpg\" alt=\"\" width=\"1024\" height=\"54\" srcset=\"https:\/\/www.conselharan.org\/wp-content\/uploads\/2025\/06\/harmonitzacions_ARC_Next_generation_color_jpg-1024x54-1.jpg 1024w, https:\/\/www.conselharan.org\/wp-content\/uploads\/2025\/06\/harmonitzacions_ARC_Next_generation_color_jpg-1024x54-1-300x16.jpg 300w, https:\/\/www.conselharan.org\/wp-content\/uploads\/2025\/06\/harmonitzacions_ARC_Next_generation_color_jpg-1024x54-1-768x41.jpg 768w\" sizes=\"(max-width: 1024px) 100vw, 1024px\" \/><\/a><\/p>\n<p>&nbsp;<\/p>\n<p>&nbsp;<\/p>\n<p><em>Vielha, 5 de juny 2025<\/em><\/p>\n ","protected":false},"excerpt":{"rendered":"<p>El projecte, impulsat pel Conselh Generau d&#8217;Aran i finan\u00e7at amb fons Next Generation EU, t\u00e9 com a objectiu fomentar el compostatge i l&#8217;educaci\u00f3 ambiental a les escoles del territori. El vicepresident segon i conselh\u00e8r d&#8217;Innovacion e Gestion Ambientau s\u2019ha despla\u00e7at avui fins a les escoles Sant Roc, de Boss\u00f2st, i Garona de Vielha per visitar&#8230;<\/p>\n","protected":false},"author":2,"featured_media":62710,"comment_status":"closed","ping_status":"closed","sticky":false,"template":"","format":"standard","meta":{"footnotes":""},"categories":[31,791,53,127,33,36],"tags":[],"_links":{"self":[{"href":"https:\/\/www.conselharan.org\/ca\/wp-json\/wp\/v2\/posts\/62717"}],"collection":[{"href":"https:\/\/www.conselharan.org\/ca\/wp-json\/wp\/v2\/posts"}],"about":[{"href":"https:\/\/www.conselharan.org\/ca\/wp-json\/wp\/v2\/types\/post"}],"author":[{"embeddable":true,"href":"https:\/\/www.conselharan.org\/ca\/wp-json\/wp\/v2\/users\/2"}],"replies":[{"embeddable":true,"href":"https:\/\/www.conselharan.org\/ca\/wp-json\/wp\/v2\/comments?post=62717"}],"version-history":[{"count":3,"href":"https:\/\/www.conselharan.org\/ca\/wp-json\/wp\/v2\/posts\/62717\/revisions"}],"predecessor-version":[{"id":63796,"href":"https:\/\/www.conselharan.org\/ca\/wp-json\/wp\/v2\/posts\/62717\/revisions\/63796"}],"wp:featuredmedia":[{"embeddable":true,"href":"https:\/\/www.conselharan.org\/ca\/wp-json\/wp\/v2\/media\/62710"}],"wp:attachment":[{"href":"https:\/\/www.conselharan.org\/ca\/wp-json\/wp\/v2\/media?parent=62717"}],"wp:term":[{"taxonomy":"category","embeddable":true,"href":"https:\/\/www.conselharan.org\/ca\/wp-json\/wp\/v2\/categories?post=62717"},{"taxonomy":"post_tag","embeddable":true,"href":"https:\/\/www.conselharan.org\/ca\/wp-json\/wp\/v2\/tags?post=62717"}],"curies":[{"name":"wp","href":"https:\/\/api.w.org\/{rel}","templated":true}]}}