{"id":6275,"date":"2015-02-16T08:00:13","date_gmt":"2015-02-16T07:00:13","guid":{"rendered":"http:\/\/www.conselharan.org\/?p=6275"},"modified":"2015-02-13T23:06:25","modified_gmt":"2015-02-13T22:06:25","slug":"col%e2%80%a2laboracio-entre-el-conselh-generau-daran-i-pimec-lleida-per-impulsar-el-comerc-daran","status":"publish","type":"post","link":"https:\/\/www.conselharan.org\/ca\/col%e2%80%a2laboracio-entre-el-conselh-generau-daran-i-pimec-lleida-per-impulsar-el-comerc-daran\/","title":{"rendered":"Col\u2022laboraci\u00f3 entre el Conselh Generau d\u2019Aran i PIMEC Lleida per impulsar el comer\u00e7 d\u2019Aran"},"content":{"rendered":"<p><a href=\"http:\/\/www.conselharan.org\/wp-content\/uploads\/2015\/02\/PIMEC_CGA.jpg\"><img loading=\"lazy\" decoding=\"async\" class=\"aligncenter size-large wp-image-6273\" alt=\"PIMEC_CGA\" src=\"http:\/\/www.conselharan.org\/wp-content\/uploads\/2015\/02\/PIMEC_CGA-1024x576.jpg\" width=\"1024\" height=\"576\" srcset=\"https:\/\/www.conselharan.org\/wp-content\/uploads\/2015\/02\/PIMEC_CGA-1024x576.jpg 1024w, https:\/\/www.conselharan.org\/wp-content\/uploads\/2015\/02\/PIMEC_CGA-300x168.jpg 300w, https:\/\/www.conselharan.org\/wp-content\/uploads\/2015\/02\/PIMEC_CGA.jpg 1280w\" sizes=\"(max-width: 1024px) 100vw, 1024px\" \/><\/a><\/p>\n<p>El vicesindic d\u2019Aran, <strong>Lu\u00eds Carlos Medina,<\/strong> i el president de PIMEC Comer\u00e7 Lleida, <strong>Manel Llar\u00e0s,<\/strong> es van reunir per estudiar i valorar l&#8217;inici d\u2019accions conjuntes per donar suport i potenciar i promoure al comer\u00e7 de proximitat i les activitats econ\u00f2miques de la Val d\u2019Aran.<\/p>\n<p>La trobada tamb\u00e9 va comptar amb la pres\u00e8ncia del president de l&#8217;Associaci\u00f3 de Comerciants i Empresaris de Boss\u00f2st, <strong>Javier Safont<\/strong>, i el President de l&#8217;Associaci\u00f3 del Comer\u00e7, Empreses i Serveis de Vielha i Mijaran, <strong>Antonio Beso<\/strong>.<\/p>\n<p><strong>Lu\u00eds Carlos Medina<\/strong>, va assenyalar que <strong>\u201cper l&#8217;administraci\u00f3 aranesa \u00e9s absolutament prioritari dedicar tots els esfor\u00e7os possibles per refor\u00e7ar el comer\u00e7 local\u201d.<\/strong><\/p>\n ","protected":false},"excerpt":{"rendered":"<p>El vicesindic d\u2019Aran, Lu\u00eds Carlos Medina, i el president de PIMEC Comer\u00e7 Lleida, Manel Llar\u00e0s, es van reunir per estudiar i valorar l&#8217;inici d\u2019accions conjuntes per donar suport i potenciar i promoure al comer\u00e7 de proximitat i les activitats econ\u00f2miques de la Val d\u2019Aran. La trobada tamb\u00e9 va comptar amb la pres\u00e8ncia del president de&#8230;<\/p>\n","protected":false},"author":2,"featured_media":6273,"comment_status":"closed","ping_status":"closed","sticky":false,"template":"","format":"standard","meta":{"footnotes":""},"categories":[31,33,36],"tags":[],"_links":{"self":[{"href":"https:\/\/www.conselharan.org\/ca\/wp-json\/wp\/v2\/posts\/6275"}],"collection":[{"href":"https:\/\/www.conselharan.org\/ca\/wp-json\/wp\/v2\/posts"}],"about":[{"href":"https:\/\/www.conselharan.org\/ca\/wp-json\/wp\/v2\/types\/post"}],"author":[{"embeddable":true,"href":"https:\/\/www.conselharan.org\/ca\/wp-json\/wp\/v2\/users\/2"}],"replies":[{"embeddable":true,"href":"https:\/\/www.conselharan.org\/ca\/wp-json\/wp\/v2\/comments?post=6275"}],"version-history":[{"count":1,"href":"https:\/\/www.conselharan.org\/ca\/wp-json\/wp\/v2\/posts\/6275\/revisions"}],"predecessor-version":[{"id":6276,"href":"https:\/\/www.conselharan.org\/ca\/wp-json\/wp\/v2\/posts\/6275\/revisions\/6276"}],"wp:featuredmedia":[{"embeddable":true,"href":"https:\/\/www.conselharan.org\/ca\/wp-json\/wp\/v2\/media\/6273"}],"wp:attachment":[{"href":"https:\/\/www.conselharan.org\/ca\/wp-json\/wp\/v2\/media?parent=6275"}],"wp:term":[{"taxonomy":"category","embeddable":true,"href":"https:\/\/www.conselharan.org\/ca\/wp-json\/wp\/v2\/categories?post=6275"},{"taxonomy":"post_tag","embeddable":true,"href":"https:\/\/www.conselharan.org\/ca\/wp-json\/wp\/v2\/tags?post=6275"}],"curies":[{"name":"wp","href":"https:\/\/api.w.org\/{rel}","templated":true}]}}