{"id":6292,"date":"2015-02-17T10:42:13","date_gmt":"2015-02-17T09:42:13","guid":{"rendered":"http:\/\/www.conselharan.org\/?p=6292"},"modified":"2015-02-17T10:42:43","modified_gmt":"2015-02-17T09:42:43","slug":"la-36-edicio-de-la-marxa-beret-es-celebrara-el-22-marc","status":"publish","type":"post","link":"https:\/\/www.conselharan.org\/ca\/la-36-edicio-de-la-marxa-beret-es-celebrara-el-22-marc\/","title":{"rendered":"La 36 Edici\u00f3 de la Marxa Beret es celebrar\u00e0 el 22 mar\u00e7"},"content":{"rendered":"<p><strong>\u2022 La 36\u00aa edici\u00f3 de la Marxa Beret tindr\u00e0 lloc el 22 de mar\u00e7<\/strong><\/p>\n<p><strong>\u2022 Els propers dies informarem de tots els detalls de la programaci\u00f3<\/strong><\/p>\n<p><a href=\"http:\/\/www.conselharan.org\/wp-content\/uploads\/2015\/02\/Marxa-Beret.jpg\"><img loading=\"lazy\" decoding=\"async\" class=\"aligncenter size-large wp-image-6290\" alt=\"Marxa Beret\" src=\"http:\/\/www.conselharan.org\/wp-content\/uploads\/2015\/02\/Marxa-Beret-1024x685.jpg\" width=\"1024\" height=\"685\" srcset=\"https:\/\/www.conselharan.org\/wp-content\/uploads\/2015\/02\/Marxa-Beret-1024x685.jpg 1024w, https:\/\/www.conselharan.org\/wp-content\/uploads\/2015\/02\/Marxa-Beret-300x200.jpg 300w\" sizes=\"(max-width: 1024px) 100vw, 1024px\" \/><\/a><\/p>\n<p>El proper 22 de mar\u00e7 de 2015 es celebrar\u00e0 la 36 edici\u00f3 de la Marxa Beret que s&#8217;havia d&#8217;haver celebrat el passat 1 de febrer per\u00f2 es va ajornar per causes meteorol\u00f2giques. La carrera proposa 3 dist\u00e0ncies: 10, 21 i 42 km que transcorren pel Pla de Beret a 1.850m d&#8217;altitud i que passen pel poble de Montgarri.<\/p>\n<p>La Marxa Beret \u00e9s la millor prova esportiva de fons d&#8217;Espanya, puntuable per al circuit EUROLOPPET, que engloba les millors carreres europees d&#8217;aquesta modalitat.<\/p>\n<p>Des de 1978 la Marxa Beret es ve celebrant i millorant tant en qualitat com en nombre d&#8217;inscrits. Tenint en aquests moments al voltant de 1000 participants.<\/p>\n<p>Aquesta edici\u00f3, la preparaci\u00f3 est\u00e0 sent m\u00e9s intensa encara a causa de l&#8217;adaptaci\u00f3 de la competici\u00f3 a les exig\u00e8ncies que comporta l&#8217;organitzaci\u00f3 dels Campionats d&#8217;Europa de Llarga Dist\u00e0ncia ja que la Marxa Beret ha estat la seu escollida per a l&#8217;organitzaci\u00f3 d&#8217;aquest esdeveniment per a la temporada 2015\/2016. A m\u00e9s, la carrera aranesa \u00e9s puntuable FIS i est\u00e0 dins del calendari Euroloppet que reuneix les marxes populars d&#8217;esqu\u00ed de fons m\u00e9s importants d&#8217;Europa.<\/p>\n<p>La Marxa Beret atreu a participants d&#8217;alt nivell com els esquiadors de la <strong>Real Federaci\u00f3 Espanyola Esports d&#8217;Hivern (RFEDI) Laura Orgu\u00e9 <\/strong>i<strong> Ioseba Rojo<\/strong> (guanyador de la passada edici\u00f3). Destacar que<strong> Orgu\u00e9,<\/strong> que tamb\u00e9 ha guanyat ja en alguna ocasi\u00f3 la Marxa Beret, competeix en Copa del M\u00f3n FIS i la passada temporada va quedar 10\u00aa en els 30 km estilo lliure dels JJOO de Sochi.<\/p>\n<p>Els recorreguts m\u00e9s curts la Marxa Beret tamb\u00e9 atreuen a gran quantitat de fam\u00edlies i grups d&#8217;amics que participen de manera popular.<\/p>\n<p><strong>La Marxa Beret \u00e9s promoguda pel Conselh Generau d\u2019Aran, Baqueira Beret i l&#8217;Ajuntament de Naut Aran amb la col\u2022laboraci\u00f3 de l&#8217;Associaci\u00f3 Volentaris Val d\u2019Aran, Audi, Foment Torisme Val d\u2019Aran, Diputaci\u00f3 de Lleida, Ajuntament de Vielha e Mijaran, Salomon, la Caixa, Powerade, Xchanging, AECC, La Roche- Posay, Coca-cola, Pompi\u00e8rs d\u2019Aran, Aran Salut, Mossos d\u2019Esquadra, INS d\u2019Aran, Montgarri Outdoor, Hormaran, Construccions Pena, a m\u00e9s de la Real Federaci\u00f3 Espanyola Esports d&#8217;Hivern i la Federaci\u00f3 Catalana Esports d&#8217;Hivern.<\/strong><\/p>\n<p><strong>Inscripcions:<\/strong><\/p>\n<p>S&#8217;obrir\u00e0 un nou proc\u00e9s d&#8217;inscripci\u00f3 per a aquells nous que vulguin participar el 22 de mar\u00e7.<\/p>\n<p>Aquells que ja tenen inscripci\u00f3 i assisteixin al mar\u00e7 es conservar\u00e0 la inscripci\u00f3, us informarem el procediment a seguir.<\/p>\n<p>Per a aquells que ja tenen inscripci\u00f3 i no puguin assistir en les noves dates, posem a disposici\u00f3 dues alternatives:<\/p>\n<p>&#8211; Conservar la inscripci\u00f3 per a la propera edici\u00f3, 37\u00ba Marxa Beret del 2016<br \/>\n&#8211; Si no hi ha altre remei ser\u00e0 retornada la inscripci\u00f3 respectant les condicions estipulades en el reglament.<\/p>\n<p>En breu detallarem el procediment a seguir en qualsevol dels casos.<\/p>\n ","protected":false},"excerpt":{"rendered":"<p>\u2022 La 36\u00aa edici\u00f3 de la Marxa Beret tindr\u00e0 lloc el 22 de mar\u00e7 \u2022 Els propers dies informarem de tots els detalls de la programaci\u00f3 El proper 22 de mar\u00e7 de 2015 es celebrar\u00e0 la 36 edici\u00f3 de la Marxa Beret que s&#8217;havia d&#8217;haver celebrat el passat 1 de febrer per\u00f2 es va ajornar&#8230;<\/p>\n","protected":false},"author":2,"featured_media":6290,"comment_status":"closed","ping_status":"closed","sticky":false,"template":"","format":"standard","meta":{"footnotes":""},"categories":[31,33,36],"tags":[],"_links":{"self":[{"href":"https:\/\/www.conselharan.org\/ca\/wp-json\/wp\/v2\/posts\/6292"}],"collection":[{"href":"https:\/\/www.conselharan.org\/ca\/wp-json\/wp\/v2\/posts"}],"about":[{"href":"https:\/\/www.conselharan.org\/ca\/wp-json\/wp\/v2\/types\/post"}],"author":[{"embeddable":true,"href":"https:\/\/www.conselharan.org\/ca\/wp-json\/wp\/v2\/users\/2"}],"replies":[{"embeddable":true,"href":"https:\/\/www.conselharan.org\/ca\/wp-json\/wp\/v2\/comments?post=6292"}],"version-history":[{"count":1,"href":"https:\/\/www.conselharan.org\/ca\/wp-json\/wp\/v2\/posts\/6292\/revisions"}],"predecessor-version":[{"id":6293,"href":"https:\/\/www.conselharan.org\/ca\/wp-json\/wp\/v2\/posts\/6292\/revisions\/6293"}],"wp:featuredmedia":[{"embeddable":true,"href":"https:\/\/www.conselharan.org\/ca\/wp-json\/wp\/v2\/media\/6290"}],"wp:attachment":[{"href":"https:\/\/www.conselharan.org\/ca\/wp-json\/wp\/v2\/media?parent=6292"}],"wp:term":[{"taxonomy":"category","embeddable":true,"href":"https:\/\/www.conselharan.org\/ca\/wp-json\/wp\/v2\/categories?post=6292"},{"taxonomy":"post_tag","embeddable":true,"href":"https:\/\/www.conselharan.org\/ca\/wp-json\/wp\/v2\/tags?post=6292"}],"curies":[{"name":"wp","href":"https:\/\/api.w.org\/{rel}","templated":true}]}}