{"id":6304,"date":"2015-02-17T12:18:06","date_gmt":"2015-02-17T11:18:06","guid":{"rendered":"http:\/\/www.conselharan.org\/?p=6304"},"modified":"2015-02-17T12:18:06","modified_gmt":"2015-02-17T11:18:06","slug":"xerrada-sobre-la-prevencio-del-cancer-de-pell","status":"publish","type":"post","link":"https:\/\/www.conselharan.org\/ca\/xerrada-sobre-la-prevencio-del-cancer-de-pell\/","title":{"rendered":"Xerrada sobre la prevenci\u00f3 del c\u00e0ncer de pell"},"content":{"rendered":"<p><a href=\"http:\/\/www.conselharan.org\/wp-content\/uploads\/2015\/02\/charrada-cancer-peth-2.jpg\"><img loading=\"lazy\" decoding=\"async\" class=\"aligncenter size-large wp-image-6302\" alt=\"charrada cancer peth 2\" src=\"http:\/\/www.conselharan.org\/wp-content\/uploads\/2015\/02\/charrada-cancer-peth-2-1024x768.jpg\" width=\"1024\" height=\"768\" srcset=\"https:\/\/www.conselharan.org\/wp-content\/uploads\/2015\/02\/charrada-cancer-peth-2-1024x768.jpg 1024w, https:\/\/www.conselharan.org\/wp-content\/uploads\/2015\/02\/charrada-cancer-peth-2-300x225.jpg 300w, https:\/\/www.conselharan.org\/wp-content\/uploads\/2015\/02\/charrada-cancer-peth-2.jpg 1632w\" sizes=\"(max-width: 1024px) 100vw, 1024px\" \/><\/a><\/p>\n<p>Amb la finalitat de conscienciar sobre la necessitat de protegir-se del sol durant l&#8217;hivern a la muntanya per prevenir el c\u00e0ncer de pell, la<strong> Junta Local d\u2019Aran de l&#8217;AECC- Catalunya<\/strong> contra el c\u00e0ncer va organitzar una xerrada el passat divendres, 13 de febrer, en la seu del Conselh Generau d\u2019Aran, amb el cap de dermatologia de l&#8217;Hospital del Mar de Barcelona, <strong>Dr. Ram\u00f3n Pujol.<\/strong><\/p>\n<p>La <strong>Junta Local d\u2019Aran<\/strong> va manifestar que <strong>\u201cper la gent que treballa tota la temporada d\u2019hivern en una estaci\u00f3 d\u2019esqu\u00ed \u00e9s important tenir la informaci\u00f3 i ser sensible a aquest tema\u201d.<\/strong><\/p>\n<p>El conselh\u00e8r de Salut i Benestar d\u2019Aran, <strong>Eduardo Valdecantos<\/strong>, va assenyalar al finalitzar la xerrada <strong>\u201cl&#8217;exposici\u00f3 als rajos del sol i de l&#8217;ambient semblen ser els factors ambientals m\u00e9s importants en l&#8217;aparici\u00f3 del c\u00e0ncer de pell. Les mesures per protegir-se del sol poden prevenir el c\u00e0ncer de pell si s&#8217;utilitzen de forma constant.\u201d<\/strong><\/p>\n ","protected":false},"excerpt":{"rendered":"<p>Amb la finalitat de conscienciar sobre la necessitat de protegir-se del sol durant l&#8217;hivern a la muntanya per prevenir el c\u00e0ncer de pell, la Junta Local d\u2019Aran de l&#8217;AECC- Catalunya contra el c\u00e0ncer va organitzar una xerrada el passat divendres, 13 de febrer, en la seu del Conselh Generau d\u2019Aran, amb el cap de dermatologia&#8230;<\/p>\n","protected":false},"author":2,"featured_media":6302,"comment_status":"closed","ping_status":"closed","sticky":false,"template":"","format":"standard","meta":{"footnotes":""},"categories":[31,33,36],"tags":[],"_links":{"self":[{"href":"https:\/\/www.conselharan.org\/ca\/wp-json\/wp\/v2\/posts\/6304"}],"collection":[{"href":"https:\/\/www.conselharan.org\/ca\/wp-json\/wp\/v2\/posts"}],"about":[{"href":"https:\/\/www.conselharan.org\/ca\/wp-json\/wp\/v2\/types\/post"}],"author":[{"embeddable":true,"href":"https:\/\/www.conselharan.org\/ca\/wp-json\/wp\/v2\/users\/2"}],"replies":[{"embeddable":true,"href":"https:\/\/www.conselharan.org\/ca\/wp-json\/wp\/v2\/comments?post=6304"}],"version-history":[{"count":1,"href":"https:\/\/www.conselharan.org\/ca\/wp-json\/wp\/v2\/posts\/6304\/revisions"}],"predecessor-version":[{"id":6305,"href":"https:\/\/www.conselharan.org\/ca\/wp-json\/wp\/v2\/posts\/6304\/revisions\/6305"}],"wp:featuredmedia":[{"embeddable":true,"href":"https:\/\/www.conselharan.org\/ca\/wp-json\/wp\/v2\/media\/6302"}],"wp:attachment":[{"href":"https:\/\/www.conselharan.org\/ca\/wp-json\/wp\/v2\/media?parent=6304"}],"wp:term":[{"taxonomy":"category","embeddable":true,"href":"https:\/\/www.conselharan.org\/ca\/wp-json\/wp\/v2\/categories?post=6304"},{"taxonomy":"post_tag","embeddable":true,"href":"https:\/\/www.conselharan.org\/ca\/wp-json\/wp\/v2\/tags?post=6304"}],"curies":[{"name":"wp","href":"https:\/\/api.w.org\/{rel}","templated":true}]}}