{"id":6314,"date":"2015-02-17T14:08:09","date_gmt":"2015-02-17T13:08:09","guid":{"rendered":"http:\/\/www.conselharan.org\/missa-daccion-de-gracies-damb-motiu-dera-declaracion-dera-gleisa-dera-purificacion-de-bossost-coma-bcin-2\/"},"modified":"2015-02-20T15:38:04","modified_gmt":"2015-02-20T14:38:04","slug":"missa-daccion-de-gracies-damb-motiu-dera-declaracion-dera-gleisa-dera-purificacion-de-bossost-coma-bcin","status":"publish","type":"post","link":"https:\/\/www.conselharan.org\/ca\/missa-daccion-de-gracies-damb-motiu-dera-declaracion-dera-gleisa-dera-purificacion-de-bossost-coma-bcin\/","title":{"rendered":"Missa d&#8217;accion de gr\u00e0cies damb motiu dera declaracion dera gl\u00e8isa dera Purificacion de Boss\u00f2st coma BCIN"},"content":{"rendered":"<ul>\n<li><strong>Aguest dissabte, dia 21 de hereu\u00e8r, ent\u00e0s 19h30, se relaizar\u00e0 aur\u00e0 ua missa d&#8217;accion de gr\u00e0cies damb motiu dera declaracion dera gl\u00e8isa dera Purificacion de Boss\u00f2st coma BCIN<\/strong><\/li>\n<\/ul>\n<p><a href=\"http:\/\/www.conselharan.org\/wp-content\/uploads\/2015\/02\/purificacion-de-bossost.jpg\"><img loading=\"lazy\" decoding=\"async\" class=\"aligncenter size-large wp-image-6311\" alt=\"purificacion de bossost\" src=\"http:\/\/www.conselharan.org\/wp-content\/uploads\/2015\/02\/purificacion-de-bossost-682x1024.jpg\" width=\"682\" height=\"1024\" srcset=\"https:\/\/www.conselharan.org\/wp-content\/uploads\/2015\/02\/purificacion-de-bossost-682x1024.jpg 682w, https:\/\/www.conselharan.org\/wp-content\/uploads\/2015\/02\/purificacion-de-bossost-200x300.jpg 200w\" sizes=\"(max-width: 682px) 100vw, 682px\" \/><\/a><\/p>\n<p>Era missa ser\u00e0 concelebrada per <strong>Mn. Jos\u00e8p Ma Mauri i Prior<\/strong>, vicari generau deth Bisbat d&#8217;Urgell e eth rector dera parr\u00f2quia, <strong>Mn. Joseph Geethafonkalan<\/strong>, e compdar\u00e0 damb era pres\u00e9ncia deth sindic d&#8217;Aran, <strong>Carlos Barrera<\/strong>, deth conselh\u00e8r de Territ\u00f2ri, <strong>Eduardo Valdecantos<\/strong>, der alcalde de Boss\u00f2st, <strong>Francisco Rodr\u00edguez, <\/strong>e deth cap de Cultura, Patrim\u00f2ni e Politica Ling\u00fcistica d&#8217;Aran, <strong>J\u00e8p de Montoya<\/strong>.<\/p>\n<p>&nbsp;<\/p>\n ","protected":false},"excerpt":{"rendered":"<p>Aguest dissabte, dia 21 de hereu\u00e8r, ent\u00e0s 19h30, se relaizar\u00e0 aur\u00e0 ua missa d&#8217;accion de gr\u00e0cies damb motiu dera declaracion dera gl\u00e8isa dera Purificacion de Boss\u00f2st coma BCIN Era missa ser\u00e0 concelebrada per Mn. Jos\u00e8p Ma Mauri i Prior, vicari generau deth Bisbat d&#8217;Urgell e eth rector dera parr\u00f2quia, Mn. Joseph Geethafonkalan, e compdar\u00e0 damb&#8230;<\/p>\n","protected":false},"author":2,"featured_media":6310,"comment_status":"closed","ping_status":"closed","sticky":false,"template":"","format":"standard","meta":{"footnotes":""},"categories":[31,36],"tags":[],"_links":{"self":[{"href":"https:\/\/www.conselharan.org\/ca\/wp-json\/wp\/v2\/posts\/6314"}],"collection":[{"href":"https:\/\/www.conselharan.org\/ca\/wp-json\/wp\/v2\/posts"}],"about":[{"href":"https:\/\/www.conselharan.org\/ca\/wp-json\/wp\/v2\/types\/post"}],"author":[{"embeddable":true,"href":"https:\/\/www.conselharan.org\/ca\/wp-json\/wp\/v2\/users\/2"}],"replies":[{"embeddable":true,"href":"https:\/\/www.conselharan.org\/ca\/wp-json\/wp\/v2\/comments?post=6314"}],"version-history":[{"count":2,"href":"https:\/\/www.conselharan.org\/ca\/wp-json\/wp\/v2\/posts\/6314\/revisions"}],"predecessor-version":[{"id":6377,"href":"https:\/\/www.conselharan.org\/ca\/wp-json\/wp\/v2\/posts\/6314\/revisions\/6377"}],"wp:featuredmedia":[{"embeddable":true,"href":"https:\/\/www.conselharan.org\/ca\/wp-json\/wp\/v2\/media\/6310"}],"wp:attachment":[{"href":"https:\/\/www.conselharan.org\/ca\/wp-json\/wp\/v2\/media?parent=6314"}],"wp:term":[{"taxonomy":"category","embeddable":true,"href":"https:\/\/www.conselharan.org\/ca\/wp-json\/wp\/v2\/categories?post=6314"},{"taxonomy":"post_tag","embeddable":true,"href":"https:\/\/www.conselharan.org\/ca\/wp-json\/wp\/v2\/tags?post=6314"}],"curies":[{"name":"wp","href":"https:\/\/api.w.org\/{rel}","templated":true}]}}