{"id":6323,"date":"2015-02-18T13:11:58","date_gmt":"2015-02-18T12:11:58","guid":{"rendered":"http:\/\/www.conselharan.org\/?p=6323"},"modified":"2015-02-20T15:44:29","modified_gmt":"2015-02-20T14:44:29","slug":"el-freerider-aranes-aymar-navarro-entre-els-10-millors-riders-del-mon","status":"publish","type":"post","link":"https:\/\/www.conselharan.org\/ca\/el-freerider-aranes-aymar-navarro-entre-els-10-millors-riders-del-mon\/","title":{"rendered":"El freerider aran\u00e8s, Aymar Navarro, entre els 10 millors riders del m\u00f3n"},"content":{"rendered":"<p><strong>\u2022 Aymar Navarro, top10 del Freeride World Tour Vallnord<\/strong><\/p>\n<p><a href=\"http:\/\/www.conselharan.org\/wp-content\/uploads\/2015\/02\/Aymar_gessuda-image1.jpg\"><img loading=\"lazy\" decoding=\"async\" class=\"aligncenter size-full wp-image-6319\" alt=\"Aymar_gessuda image1\" src=\"http:\/\/www.conselharan.org\/wp-content\/uploads\/2015\/02\/Aymar_gessuda-image1.jpg\" width=\"1024\" height=\"680\" srcset=\"https:\/\/www.conselharan.org\/wp-content\/uploads\/2015\/02\/Aymar_gessuda-image1.jpg 1024w, https:\/\/www.conselharan.org\/wp-content\/uploads\/2015\/02\/Aymar_gessuda-image1-300x199.jpg 300w\" sizes=\"(max-width: 1024px) 100vw, 1024px\" \/><\/a><\/p>\n<p>El passat divendres, 13 de febrer, es va celebrar la competici\u00f3 del Freeride World Tour Vallnord on estan els 30 millors riders del m\u00f3n en esqu\u00ed.<\/p>\n<p><a href=\"http:\/\/www.conselharan.org\/wp-content\/uploads\/2015\/02\/Aymar_D.Carlier.jpg\"><img loading=\"lazy\" decoding=\"async\" class=\"aligncenter size-full wp-image-6320\" alt=\"Aymar_D.Carlier\" src=\"http:\/\/www.conselharan.org\/wp-content\/uploads\/2015\/02\/Aymar_D.Carlier.jpg\" width=\"640\" height=\"960\" srcset=\"https:\/\/www.conselharan.org\/wp-content\/uploads\/2015\/02\/Aymar_D.Carlier.jpg 640w, https:\/\/www.conselharan.org\/wp-content\/uploads\/2015\/02\/Aymar_D.Carlier-200x300.jpg 200w\" sizes=\"(max-width: 640px) 100vw, 640px\" \/><\/a><\/p>\n<p>Foto: D. Carlier<\/p>\n<p>El freerider aran\u00e8s, <strong>Aymar Navarro<\/strong>, va aconseguir la 10a posici\u00f3, i va manifestar <strong>\u201cestic s\u00faper content d&#8217;estar dins del top10, tot un \u00e8xit\u201d.<\/strong><\/p>\n<p><a href=\"http:\/\/www.conselharan.org\/wp-content\/uploads\/2015\/02\/Aymar_D.Daher_.jpg\"><img loading=\"lazy\" decoding=\"async\" class=\"aligncenter size-full wp-image-6321\" alt=\"Aymar_D.Daher\" src=\"http:\/\/www.conselharan.org\/wp-content\/uploads\/2015\/02\/Aymar_D.Daher_.jpg\" width=\"960\" height=\"639\" srcset=\"https:\/\/www.conselharan.org\/wp-content\/uploads\/2015\/02\/Aymar_D.Daher_.jpg 960w, https:\/\/www.conselharan.org\/wp-content\/uploads\/2015\/02\/Aymar_D.Daher_-300x199.jpg 300w\" sizes=\"(max-width: 960px) 100vw, 960px\" \/><\/a><\/p>\n<p>Foto: D. Daher<\/p>\n<p><strong>Aymar Navarro<\/strong>, va signar un conveni amb el Conselh Generau d\u2019Aran per promoure la destinaci\u00f3 tur\u00edstica esportiva Val d\u2019Aran pel m\u00f3n, representada en la imatge i en els valors del freerider. <strong>\u201cQui millor que els nostres joves esportistes professionals aranesos per representar el nostre pa\u00eds i el sentiment d&#8217;identitat\u201d<\/strong> va manifestar<strong> Carlos Barrera<\/strong>, sindic d&#8217;Aran<\/p>\n ","protected":false},"excerpt":{"rendered":"<p>\u2022 Aymar Navarro, top10 del Freeride World Tour Vallnord El passat divendres, 13 de febrer, es va celebrar la competici\u00f3 del Freeride World Tour Vallnord on estan els 30 millors riders del m\u00f3n en esqu\u00ed. Foto: D. Carlier El freerider aran\u00e8s, Aymar Navarro, va aconseguir la 10a posici\u00f3, i va manifestar \u201cestic s\u00faper content d&#8217;estar&#8230;<\/p>\n","protected":false},"author":2,"featured_media":6319,"comment_status":"closed","ping_status":"closed","sticky":false,"template":"","format":"standard","meta":{"footnotes":""},"categories":[31,33,36],"tags":[],"_links":{"self":[{"href":"https:\/\/www.conselharan.org\/ca\/wp-json\/wp\/v2\/posts\/6323"}],"collection":[{"href":"https:\/\/www.conselharan.org\/ca\/wp-json\/wp\/v2\/posts"}],"about":[{"href":"https:\/\/www.conselharan.org\/ca\/wp-json\/wp\/v2\/types\/post"}],"author":[{"embeddable":true,"href":"https:\/\/www.conselharan.org\/ca\/wp-json\/wp\/v2\/users\/2"}],"replies":[{"embeddable":true,"href":"https:\/\/www.conselharan.org\/ca\/wp-json\/wp\/v2\/comments?post=6323"}],"version-history":[{"count":2,"href":"https:\/\/www.conselharan.org\/ca\/wp-json\/wp\/v2\/posts\/6323\/revisions"}],"predecessor-version":[{"id":6380,"href":"https:\/\/www.conselharan.org\/ca\/wp-json\/wp\/v2\/posts\/6323\/revisions\/6380"}],"wp:featuredmedia":[{"embeddable":true,"href":"https:\/\/www.conselharan.org\/ca\/wp-json\/wp\/v2\/media\/6319"}],"wp:attachment":[{"href":"https:\/\/www.conselharan.org\/ca\/wp-json\/wp\/v2\/media?parent=6323"}],"wp:term":[{"taxonomy":"category","embeddable":true,"href":"https:\/\/www.conselharan.org\/ca\/wp-json\/wp\/v2\/categories?post=6323"},{"taxonomy":"post_tag","embeddable":true,"href":"https:\/\/www.conselharan.org\/ca\/wp-json\/wp\/v2\/tags?post=6323"}],"curies":[{"name":"wp","href":"https:\/\/api.w.org\/{rel}","templated":true}]}}