{"id":6331,"date":"2015-02-19T11:11:47","date_gmt":"2015-02-19T10:11:47","guid":{"rendered":"http:\/\/www.conselharan.org\/?p=6331"},"modified":"2015-02-19T11:11:47","modified_gmt":"2015-02-19T10:11:47","slug":"els-expedients-referents-a-les-festes-de-lharo-de-les-i-darties-ja-es-troben-en-el-secretariat-de-la-unesco-a-paris","status":"publish","type":"post","link":"https:\/\/www.conselharan.org\/ca\/els-expedients-referents-a-les-festes-de-lharo-de-les-i-darties-ja-es-troben-en-el-secretariat-de-la-unesco-a-paris\/","title":{"rendered":"Els expedients referents a les festes de l&#8217;Haro de Les i d\u2019Arties ja es troben en el Secretariat de la UNESCO a Par\u00eds"},"content":{"rendered":"<p>\u2022 <strong>El Departament de Cultura, Patrimoni i Pol\u00edtica Ling\u00fc\u00edstica d\u2019Aran va redactar els expedients referents a les festes del solstici d\u2019estiu en la Nit de Sant Joan tant de Les com d\u2019Arties per a esdevenir Patrimoni Immaterial de la Humanitat<\/strong><\/p>\n<p><a href=\"http:\/\/www.conselharan.org\/wp-content\/uploads\/2015\/02\/candidatura-festes-del-foc.jpg\"><img loading=\"lazy\" decoding=\"async\" class=\"aligncenter size-large wp-image-6328\" alt=\"candidatura festes del foc\" src=\"http:\/\/www.conselharan.org\/wp-content\/uploads\/2015\/02\/candidatura-festes-del-foc-1024x758.jpg\" width=\"1024\" height=\"758\" srcset=\"https:\/\/www.conselharan.org\/wp-content\/uploads\/2015\/02\/candidatura-festes-del-foc-1024x758.jpg 1024w, https:\/\/www.conselharan.org\/wp-content\/uploads\/2015\/02\/candidatura-festes-del-foc-300x222.jpg 300w\" sizes=\"(max-width: 1024px) 100vw, 1024px\" \/><\/a><\/p>\n<p>Despr\u00e9s de la trobada que va tenir lloc el passat dia 9 de febrer a Barruera amb els representants del Ministeri de Cultura, del Govern d\u2019Arag\u00f3, de la Generalitat de Catalunya, del Govern d\u2019Andorra, del Conselh Generau d\u2019Aran, aix\u00ed com de l\u2019Associaci\u00f3 de Municipis Fallaires del Pirineu, l&#8217;expedient per anomenar Patrimoni Immaterial de la Humanitat les festes dels Haros d\u2019Arties i de Les juntament amb totes de les Falles del Pirineu Central ja es troba en el Secretariat del Patrimoni Cultural Immaterial de la UNESCO a Par\u00eds.<\/p>\n<p>El Conselh Generau d\u2019Aran, a trav\u00e9s del Departament de Cultura, Patrimoni i Pol\u00edtica Ling\u00fc\u00edstica d\u2019Aran, va redactar els expedients referents a les festes del solstici d\u2019estiu en la Nit de Sant Joan tant de Les com d\u2019Arties, havent estat aprovats per unanimitat pel Ple del Conselh Generau d\u2019Aran.<\/p>\n<p><strong>J\u00e8p de Montoya,<\/strong> cap de Cultura, Patrimoni, i Pol\u00edtica Ling\u00fc\u00edstica d\u2019Aran, ha manifestat <strong>\u201caquest \u00e9s un gran pas, esperant la trobada del Comit\u00e8 Qualificador de la UNESCO, que tindr\u00e0 lloc a Nam\u00edbia del 30 de novembre al 4 de desembre, per a que les festes dels Haros i de les Falles puguin esdevenir Patrimoni Immaterial de la Humanitat.\u201d<\/strong><\/p>\n<p>Video de la UNESCO: <a href=\"http:\/\/www.unesco.org\/culture\/ich\/index.php?pg=00704&amp;include=film.inc.php&amp;id=32987&amp;width=500&amp;call=film\" target=\"_blank\"><strong>http:\/\/www.unesco.org\/culture\/ich\/index.php?pg=00704&amp;include=film.inc.php&amp;id=32987&amp;width=500&amp;call=film<\/strong><\/a><\/p>\n ","protected":false},"excerpt":{"rendered":"<p>\u2022 El Departament de Cultura, Patrimoni i Pol\u00edtica Ling\u00fc\u00edstica d\u2019Aran va redactar els expedients referents a les festes del solstici d\u2019estiu en la Nit de Sant Joan tant de Les com d\u2019Arties per a esdevenir Patrimoni Immaterial de la Humanitat Despr\u00e9s de la trobada que va tenir lloc el passat dia 9 de febrer a&#8230;<\/p>\n","protected":false},"author":2,"featured_media":6328,"comment_status":"closed","ping_status":"closed","sticky":false,"template":"","format":"standard","meta":{"footnotes":""},"categories":[31,33,36],"tags":[],"_links":{"self":[{"href":"https:\/\/www.conselharan.org\/ca\/wp-json\/wp\/v2\/posts\/6331"}],"collection":[{"href":"https:\/\/www.conselharan.org\/ca\/wp-json\/wp\/v2\/posts"}],"about":[{"href":"https:\/\/www.conselharan.org\/ca\/wp-json\/wp\/v2\/types\/post"}],"author":[{"embeddable":true,"href":"https:\/\/www.conselharan.org\/ca\/wp-json\/wp\/v2\/users\/2"}],"replies":[{"embeddable":true,"href":"https:\/\/www.conselharan.org\/ca\/wp-json\/wp\/v2\/comments?post=6331"}],"version-history":[{"count":1,"href":"https:\/\/www.conselharan.org\/ca\/wp-json\/wp\/v2\/posts\/6331\/revisions"}],"predecessor-version":[{"id":6332,"href":"https:\/\/www.conselharan.org\/ca\/wp-json\/wp\/v2\/posts\/6331\/revisions\/6332"}],"wp:featuredmedia":[{"embeddable":true,"href":"https:\/\/www.conselharan.org\/ca\/wp-json\/wp\/v2\/media\/6328"}],"wp:attachment":[{"href":"https:\/\/www.conselharan.org\/ca\/wp-json\/wp\/v2\/media?parent=6331"}],"wp:term":[{"taxonomy":"category","embeddable":true,"href":"https:\/\/www.conselharan.org\/ca\/wp-json\/wp\/v2\/categories?post=6331"},{"taxonomy":"post_tag","embeddable":true,"href":"https:\/\/www.conselharan.org\/ca\/wp-json\/wp\/v2\/tags?post=6331"}],"curies":[{"name":"wp","href":"https:\/\/api.w.org\/{rel}","templated":true}]}}