{"id":63412,"date":"2025-07-18T17:00:15","date_gmt":"2025-07-18T15:00:15","guid":{"rendered":"https:\/\/www.conselharan.org\/?p=63412"},"modified":"2025-07-19T10:03:13","modified_gmt":"2025-07-19T08:03:13","slug":"el-conselh-generau-i-lajuntament-de-les-signen-un-conveni-per-integrar-el-museu-casa-deth-haro-i-el-castell-de-pijaoert-a-la-xarxa-de-museus-de-la-val-daran","status":"publish","type":"post","link":"https:\/\/www.conselharan.org\/ca\/el-conselh-generau-i-lajuntament-de-les-signen-un-conveni-per-integrar-el-museu-casa-deth-haro-i-el-castell-de-pijaoert-a-la-xarxa-de-museus-de-la-val-daran\/","title":{"rendered":"El Conselh Generau i l\u2019Ajuntament de Les signen un conveni per integrar el museu \u201cCasa deth Haro\u201d i el castell de Pijao\u00e8rt a la Xarxa de Museus de la Val d\u2019Aran"},"content":{"rendered":"<p><a href=\"https:\/\/www.conselharan.org\/ca\/el-conselh-generau-i-lajuntament-de-les-signen-un-conveni-per-integrar-el-museu-casa-deth-haro-i-el-castell-de-pijaoert-a-la-xarxa-de-museus-de-la-val-daran\/conveni-les-2\/\" rel=\"attachment wp-att-63395\"><img loading=\"lazy\" decoding=\"async\" class=\"aligncenter size-large wp-image-63395\" src=\"https:\/\/www.conselharan.org\/wp-content\/uploads\/2025\/07\/Conveni-Les-1024x768.jpg\" alt=\"\" width=\"1024\" height=\"768\" srcset=\"https:\/\/www.conselharan.org\/wp-content\/uploads\/2025\/07\/Conveni-Les-1024x768.jpg 1024w, https:\/\/www.conselharan.org\/wp-content\/uploads\/2025\/07\/Conveni-Les-300x225.jpg 300w, https:\/\/www.conselharan.org\/wp-content\/uploads\/2025\/07\/Conveni-Les-768x576.jpg 768w, https:\/\/www.conselharan.org\/wp-content\/uploads\/2025\/07\/Conveni-Les-1536x1152.jpg 1536w, https:\/\/www.conselharan.org\/wp-content\/uploads\/2025\/07\/Conveni-Les-2048x1536.jpg 2048w\" sizes=\"(max-width: 1024px) 100vw, 1024px\" \/><\/a><\/p>\n<ul>\n<li>\n<h3><strong>Amb aquest conveni, el Conselh Generau d\u2019Aran assumeix la gesti\u00f3, conservaci\u00f3, dinamitzaci\u00f3 i promoci\u00f3 tur\u00edstica d\u2019aquests elements patrimonials i far\u00e0 les inversions necess\u00e0ries per posar-los en valor.<\/strong><\/h3>\n<\/li>\n<\/ul>\n<ul>\n<li>\n<h3><strong>En els pr\u00f2xims mesos, el govern d\u2019Aran dur\u00e0 a terme el projecte de muse\u00eftzaci\u00f3 del Castell de Les (BCIN), amb un cost aproximat de 100.000 euros, completant aix\u00ed les obres de rehabilitaci\u00f3 i revaloritzaci\u00f3 d\u2019aquest edifici hist\u00f2ric de gran import\u00e0ncia patrimonial per a la Val d\u2019Aran en general i per al Baish Aran en particular.<\/strong><\/h3>\n<\/li>\n<\/ul>\n<p>Aquest mat\u00ed ha tingut lloc, a la seu de la m\u00e0xima instituci\u00f3 aranesa, la signatura per part de la sindica d\u2019Aran, Maria Verg\u00e9s, i de l\u2019alcalde de Les, Andreu Cort\u00e9s, del conveni de col\u00b7laboraci\u00f3 entre el Conselh Generau d\u2019Aran i l\u2019Ajuntament de Les per a la inclusi\u00f3 del museu \u201cCasa deth Haro. Mus\u00e8u des H\u00e8stes deth Huec\u201d i del Castell de Les i el seu entorn a la Xarxa de Museus de la Val d\u2019Aran per a la seva gesti\u00f3.<a href=\"https:\/\/www.conselharan.org\/ca\/el-conselh-generau-i-lajuntament-de-les-signen-un-conveni-per-integrar-el-museu-casa-deth-haro-i-el-castell-de-pijaoert-a-la-xarxa-de-museus-de-la-val-daran\/conveni-les-1-2\/\" rel=\"attachment wp-att-63398\"><img loading=\"lazy\" decoding=\"async\" class=\"aligncenter size-large wp-image-63398\" src=\"https:\/\/www.conselharan.org\/wp-content\/uploads\/2025\/07\/Conveni-Les-1-1024x768.jpg\" alt=\"\" width=\"1024\" height=\"768\" srcset=\"https:\/\/www.conselharan.org\/wp-content\/uploads\/2025\/07\/Conveni-Les-1-1024x768.jpg 1024w, https:\/\/www.conselharan.org\/wp-content\/uploads\/2025\/07\/Conveni-Les-1-300x225.jpg 300w, https:\/\/www.conselharan.org\/wp-content\/uploads\/2025\/07\/Conveni-Les-1-768x576.jpg 768w, https:\/\/www.conselharan.org\/wp-content\/uploads\/2025\/07\/Conveni-Les-1-1536x1152.jpg 1536w, https:\/\/www.conselharan.org\/wp-content\/uploads\/2025\/07\/Conveni-Les-1-2048x1536.jpg 2048w\" sizes=\"(max-width: 1024px) 100vw, 1024px\" \/><\/a><\/p>\n<p>Amb aquest acord, el Conselh Generau d\u2019Aran assumeix la direcci\u00f3 t\u00e8cnica i la coordinaci\u00f3 dels equipaments, aix\u00ed com les despeses de funcionament, personal i activitats, i vetllar\u00e0 per l\u2019aplicaci\u00f3 de la normativa vigent en mat\u00e8ria de museus, patrimoni i arqueologia. Tamb\u00e9 elaborar\u00e0 els materials divulgatius en diversos idiomes i formats, s\u2019encarregar\u00e0 de la comunicaci\u00f3 i promoci\u00f3, i definir\u00e0 les tarifes i les accions del pla estrat\u00e8gic.<\/p>\n<p>Per la seva banda, l\u2019Ajuntament de Les es responsabilitzar\u00e0 de la neteja ordin\u00e0ria de la Casa deth Haro, del manteniment dels camins d\u2019acc\u00e9s, i de la il\u00b7luminaci\u00f3 del castell. Tamb\u00e9 col\u00b7laborar\u00e0 en la dignificaci\u00f3 i adequaci\u00f3 de l\u2019entorn dels dos equipaments.<\/p>\n<p>El seguiment i l\u2019avaluaci\u00f3 del conveni es far\u00e0 a trav\u00e9s d\u2019una comissi\u00f3 parit\u00e0ria, que tractar\u00e0 sobre les inversions, el funcionament ordinari i totes les q\u00fcestions que contribueixin al bon funcionament dels equipaments.<\/p>\n<p>El Conselh Generau d\u2019Aran ja va fer una aportaci\u00f3 de 125.000 \u20ac en la primera fase de rehabilitaci\u00f3 del Castell de Les, unes obres que van tenir un cost total de 321.000 \u20ac. En aquest sentit, ara s\u2019obre la segona fase, que comprendr\u00e0 la muse\u00eftzaci\u00f3 de tot aquest espai, un projecte que, en una primera inst\u00e0ncia, es preveu que tingui un cost d\u2019uns 100.000 \u20ac, que assumir\u00e0 el mateix Conselh Generau d\u2019Aran. Paral\u00b7lelament, ja s\u2019est\u00e0 treballant en la museografia del nou espai de la Casa deth Haro (Museu de les Festes del Foc), amb finan\u00e7ament parcial del Departament de Cultura de la Generalitat de Catalunya.<\/p>\n<p>Per a la sindica d\u2019Aran, Maria Verg\u00e9s, \u201camb aquest acord permetem la continu\u00eftat d\u2019un projecte molt important com \u00e9s la posada en valor i promoci\u00f3 del nostre patrimoni, en aquest cas a Les amb el seu castell, declarat B\u00e9 Cultural d\u2019Inter\u00e8s Nacional, i el mateix museu deth Haro. Dos elements identitaris i referents del patrimoni aran\u00e8s, a m\u00e9s de recursos tur\u00edstics i de dinamitzaci\u00f3 socioecon\u00f2mica de primer nivell per a Les i tot el Baish Aran\u201d, i ha volgut destacar que \u201cel govern d\u2019Aran mant\u00e9 la voluntat de col\u00b7laborar amb tots els municipis aranesos per preservar i difondre el nostre patrimoni com a element indispensable no nom\u00e9s per salvar la nostra identitat, sin\u00f3 tamb\u00e9 per impulsar l\u2019economia del territori\u201d, i ha afegit que \u201cel conveni amb l\u2019Ajuntament de Les \u00e9s un exemple de com, quan hi ha voluntat, es poden assolir acords que beneficien la ciutadania\u201d.<\/p>\n<p><em>Vielha,18 de juliol 2025<\/em><\/p>\n ","protected":false},"excerpt":{"rendered":"<p>Amb aquest conveni, el Conselh Generau d\u2019Aran assumeix la gesti\u00f3, conservaci\u00f3, dinamitzaci\u00f3 i promoci\u00f3 tur\u00edstica d\u2019aquests elements patrimonials i far\u00e0 les inversions necess\u00e0ries per posar-los en valor. En els pr\u00f2xims mesos, el govern d\u2019Aran dur\u00e0 a terme el projecte de muse\u00eftzaci\u00f3 del Castell de Les (BCIN), amb un cost aproximat de 100.000 euros, completant aix\u00ed&#8230;<\/p>\n","protected":false},"author":2,"featured_media":63395,"comment_status":"closed","ping_status":"closed","sticky":false,"template":"","format":"standard","meta":{"footnotes":""},"categories":[31,794,53,33,36],"tags":[],"_links":{"self":[{"href":"https:\/\/www.conselharan.org\/ca\/wp-json\/wp\/v2\/posts\/63412"}],"collection":[{"href":"https:\/\/www.conselharan.org\/ca\/wp-json\/wp\/v2\/posts"}],"about":[{"href":"https:\/\/www.conselharan.org\/ca\/wp-json\/wp\/v2\/types\/post"}],"author":[{"embeddable":true,"href":"https:\/\/www.conselharan.org\/ca\/wp-json\/wp\/v2\/users\/2"}],"replies":[{"embeddable":true,"href":"https:\/\/www.conselharan.org\/ca\/wp-json\/wp\/v2\/comments?post=63412"}],"version-history":[{"count":4,"href":"https:\/\/www.conselharan.org\/ca\/wp-json\/wp\/v2\/posts\/63412\/revisions"}],"predecessor-version":[{"id":63417,"href":"https:\/\/www.conselharan.org\/ca\/wp-json\/wp\/v2\/posts\/63412\/revisions\/63417"}],"wp:featuredmedia":[{"embeddable":true,"href":"https:\/\/www.conselharan.org\/ca\/wp-json\/wp\/v2\/media\/63395"}],"wp:attachment":[{"href":"https:\/\/www.conselharan.org\/ca\/wp-json\/wp\/v2\/media?parent=63412"}],"wp:term":[{"taxonomy":"category","embeddable":true,"href":"https:\/\/www.conselharan.org\/ca\/wp-json\/wp\/v2\/categories?post=63412"},{"taxonomy":"post_tag","embeddable":true,"href":"https:\/\/www.conselharan.org\/ca\/wp-json\/wp\/v2\/tags?post=63412"}],"curies":[{"name":"wp","href":"https:\/\/api.w.org\/{rel}","templated":true}]}}