{"id":6346,"date":"2015-02-19T12:19:41","date_gmt":"2015-02-19T11:19:41","guid":{"rendered":"http:\/\/www.conselharan.org\/?p=6346"},"modified":"2015-02-19T12:22:24","modified_gmt":"2015-02-19T11:22:24","slug":"6346","status":"publish","type":"post","link":"https:\/\/www.conselharan.org\/ca\/6346\/","title":{"rendered":"Nova convocat\u00f2ria per la segona edici\u00f3 del Pla Embarca- Catalonia StartUp"},"content":{"rendered":"<p><a href=\"http:\/\/www.conselharan.org\/wp-content\/uploads\/2015\/02\/banner_embarca_nou_1000x400.jpg\"><img loading=\"lazy\" decoding=\"async\" class=\"aligncenter size-full wp-image-6344\" alt=\"banner_embarca_nou_1000x400\" src=\"http:\/\/www.conselharan.org\/wp-content\/uploads\/2015\/02\/banner_embarca_nou_1000x400.jpg\" width=\"1000\" height=\"400\" srcset=\"https:\/\/www.conselharan.org\/wp-content\/uploads\/2015\/02\/banner_embarca_nou_1000x400.jpg 1000w, https:\/\/www.conselharan.org\/wp-content\/uploads\/2015\/02\/banner_embarca_nou_1000x400-300x120.jpg 300w\" sizes=\"(max-width: 1000px) 100vw, 1000px\" \/><\/a><\/p>\n<p>El 23 de febrer s&#8217;obre la convocat\u00f2ria per la segona edici\u00f3 del Pla Embarca- Catalonia StartUp a l&#8217;Acceloradora de Lleida.<\/p>\n<p>Si tens una empresa nascuda a partir del 2010, amb ganes de cr\u00e9ixer i connectar amb l&#8217;emprenedoria catalana, no deixis passar aquesta oportunitat.<\/p>\n<p><strong>Vine a la sessi\u00f3 informativa del dimecres, 11 de mar\u00e7, a les 13h00 al CEI Val d&#8217;Aran.<\/strong><\/p>\n<p>T&#8217;esperem!<\/p>\n ","protected":false},"excerpt":{"rendered":"<p>El 23 de febrer s&#8217;obre la convocat\u00f2ria per la segona edici\u00f3 del Pla Embarca- Catalonia StartUp a l&#8217;Acceloradora de Lleida. Si tens una empresa nascuda a partir del 2010, amb ganes de cr\u00e9ixer i connectar amb l&#8217;emprenedoria catalana, no deixis passar aquesta oportunitat. Vine a la sessi\u00f3 informativa del dimecres, 11 de mar\u00e7, a les&#8230;<\/p>\n","protected":false},"author":2,"featured_media":6344,"comment_status":"closed","ping_status":"closed","sticky":false,"template":"","format":"standard","meta":{"footnotes":""},"categories":[31,33,36],"tags":[],"_links":{"self":[{"href":"https:\/\/www.conselharan.org\/ca\/wp-json\/wp\/v2\/posts\/6346"}],"collection":[{"href":"https:\/\/www.conselharan.org\/ca\/wp-json\/wp\/v2\/posts"}],"about":[{"href":"https:\/\/www.conselharan.org\/ca\/wp-json\/wp\/v2\/types\/post"}],"author":[{"embeddable":true,"href":"https:\/\/www.conselharan.org\/ca\/wp-json\/wp\/v2\/users\/2"}],"replies":[{"embeddable":true,"href":"https:\/\/www.conselharan.org\/ca\/wp-json\/wp\/v2\/comments?post=6346"}],"version-history":[{"count":3,"href":"https:\/\/www.conselharan.org\/ca\/wp-json\/wp\/v2\/posts\/6346\/revisions"}],"predecessor-version":[{"id":6349,"href":"https:\/\/www.conselharan.org\/ca\/wp-json\/wp\/v2\/posts\/6346\/revisions\/6349"}],"wp:featuredmedia":[{"embeddable":true,"href":"https:\/\/www.conselharan.org\/ca\/wp-json\/wp\/v2\/media\/6344"}],"wp:attachment":[{"href":"https:\/\/www.conselharan.org\/ca\/wp-json\/wp\/v2\/media?parent=6346"}],"wp:term":[{"taxonomy":"category","embeddable":true,"href":"https:\/\/www.conselharan.org\/ca\/wp-json\/wp\/v2\/categories?post=6346"},{"taxonomy":"post_tag","embeddable":true,"href":"https:\/\/www.conselharan.org\/ca\/wp-json\/wp\/v2\/tags?post=6346"}],"curies":[{"name":"wp","href":"https:\/\/api.w.org\/{rel}","templated":true}]}}