{"id":63531,"date":"2025-07-28T13:27:53","date_gmt":"2025-07-28T11:27:53","guid":{"rendered":"https:\/\/www.conselharan.org\/?p=63531"},"modified":"2025-07-28T13:27:53","modified_gmt":"2025-07-28T11:27:53","slug":"aran-celebra-la-31a-edicio-de-la-corsa-aran-per-sa-lengua","status":"publish","type":"post","link":"https:\/\/www.conselharan.org\/ca\/aran-celebra-la-31a-edicio-de-la-corsa-aran-per-sa-lengua\/","title":{"rendered":"Aran celebra la 31a edici\u00f3 de la Corsa Aran per sa Lengua"},"content":{"rendered":"<p><a href=\"https:\/\/www.conselharan.org\/ca\/aran-celebra-la-31a-edicio-de-la-corsa-aran-per-sa-lengua\/aran-per-sa-lengua-2\/\" rel=\"attachment wp-att-63539\"><img loading=\"lazy\" decoding=\"async\" class=\"aligncenter size-large wp-image-63539\" src=\"https:\/\/www.conselharan.org\/wp-content\/uploads\/2025\/07\/Aran-per-sa-lengua-1024x768.jpeg\" alt=\"\" width=\"1024\" height=\"768\" srcset=\"https:\/\/www.conselharan.org\/wp-content\/uploads\/2025\/07\/Aran-per-sa-lengua-1024x768.jpeg 1024w, https:\/\/www.conselharan.org\/wp-content\/uploads\/2025\/07\/Aran-per-sa-lengua-300x225.jpeg 300w, https:\/\/www.conselharan.org\/wp-content\/uploads\/2025\/07\/Aran-per-sa-lengua-768x576.jpeg 768w, https:\/\/www.conselharan.org\/wp-content\/uploads\/2025\/07\/Aran-per-sa-lengua-1536x1152.jpeg 1536w, https:\/\/www.conselharan.org\/wp-content\/uploads\/2025\/07\/Aran-per-sa-lengua.jpeg 2000w\" sizes=\"(max-width: 1024px) 100vw, 1024px\" \/><\/a><\/p>\n<ul>\n<li>\n<h3><strong>La pla\u00e7a d\u2019Aran va acollir aquesta jornada festiva, organitzada pel col\u00b7lectiu Lengua Viua, en reivindicaci\u00f3 de l\u2019\u00fas de l\u2019aran\u00e8s.<\/strong><\/h3>\n<\/li>\n<\/ul>\n<p>La Val d\u2019Aran va viure ahir una nova edici\u00f3, la 31a, de la cursa, organitzada pel col\u00b7lectiu Lengua Viua, que cada any reuneix persones de tots els racons del pa\u00eds per defensar i fer visible la llengua pr\u00f2pia d\u2019Aran.<\/p>\n<p>La jornada va comen\u00e7ar amb les diferents sortides des de Les, Montgarri, els Banhs de Tred\u00f2s i el Port de Vielha, per acabar confluint a Vielha, on la pla\u00e7a d\u2019Aran va acollir la festa final amb els tradicionals actes simb\u00f2lics i de reconeixement.<a href=\"https:\/\/www.conselharan.org\/ca\/aran-celebra-la-31a-edicio-de-la-corsa-aran-per-sa-lengua\/aran-per-sa-lengua-1-2\/\" rel=\"attachment wp-att-63536\"><img loading=\"lazy\" decoding=\"async\" class=\"aligncenter size-large wp-image-63536\" src=\"https:\/\/www.conselharan.org\/wp-content\/uploads\/2025\/07\/Aran-per-sa-Lengua-1-1024x768.jpeg\" alt=\"\" width=\"1024\" height=\"768\" srcset=\"https:\/\/www.conselharan.org\/wp-content\/uploads\/2025\/07\/Aran-per-sa-Lengua-1-1024x768.jpeg 1024w, https:\/\/www.conselharan.org\/wp-content\/uploads\/2025\/07\/Aran-per-sa-Lengua-1-300x225.jpeg 300w, https:\/\/www.conselharan.org\/wp-content\/uploads\/2025\/07\/Aran-per-sa-Lengua-1-768x576.jpeg 768w, https:\/\/www.conselharan.org\/wp-content\/uploads\/2025\/07\/Aran-per-sa-Lengua-1-1536x1152.jpeg 1536w, https:\/\/www.conselharan.org\/wp-content\/uploads\/2025\/07\/Aran-per-sa-Lengua-1.jpeg 2000w\" sizes=\"(max-width: 1024px) 100vw, 1024px\" \/><\/a><\/p>\n<p>Es va lliurar el premi al disseny de la samarreta commemorativa d\u2019enguany, que va ser per a Maria Puyol, i es va atorgar el premi Lengua Viua a Andr\u00e9 Ricard, escultor de la pe\u00e7a que presideix la pla\u00e7a i tamb\u00e9 autor de la c\u00e8lebre torxa dels Jocs Ol\u00edmpics de Barcelona 1992.<\/p>\n<p>El col\u00b7lectiu Lengua Viua va voler \u201cremarcar, un cop m\u00e9s, la necessitat urgent d\u2019incrementar l\u2019\u00fas social de l\u2019aran\u00e8s\u201d, i va reclamar una \u201cpres\u00e8ncia real i efectiva de la llengua en la vida quotidiana, tant en l\u2019\u00e0mbit p\u00fablic com en el privat, malgrat la seva condici\u00f3 de llengua vehicular en l\u2019ensenyament\u201d.<\/p>\n<p>Finalment, el grup occit\u00e0 Nadau va animar la vetllada amb un repertori en defensa de la cultura i la llengua occitanes.<\/p>\n<p><em>Vielha, 28 de juny de 2025<\/em><\/p>\n<p>&nbsp;<\/p>\n<p>&nbsp;<\/p>\n ","protected":false},"excerpt":{"rendered":"<p>La pla\u00e7a d\u2019Aran va acollir aquesta jornada festiva, organitzada pel col\u00b7lectiu Lengua Viua, en reivindicaci\u00f3 de l\u2019\u00fas de l\u2019aran\u00e8s. La Val d\u2019Aran va viure ahir una nova edici\u00f3, la 31a, de la cursa, organitzada pel col\u00b7lectiu Lengua Viua, que cada any reuneix persones de tots els racons del pa\u00eds per defensar i fer visible la&#8230;<\/p>\n","protected":false},"author":2,"featured_media":63539,"comment_status":"closed","ping_status":"closed","sticky":false,"template":"","format":"standard","meta":{"footnotes":""},"categories":[31,791,794,53,133,33,36],"tags":[],"_links":{"self":[{"href":"https:\/\/www.conselharan.org\/ca\/wp-json\/wp\/v2\/posts\/63531"}],"collection":[{"href":"https:\/\/www.conselharan.org\/ca\/wp-json\/wp\/v2\/posts"}],"about":[{"href":"https:\/\/www.conselharan.org\/ca\/wp-json\/wp\/v2\/types\/post"}],"author":[{"embeddable":true,"href":"https:\/\/www.conselharan.org\/ca\/wp-json\/wp\/v2\/users\/2"}],"replies":[{"embeddable":true,"href":"https:\/\/www.conselharan.org\/ca\/wp-json\/wp\/v2\/comments?post=63531"}],"version-history":[{"count":3,"href":"https:\/\/www.conselharan.org\/ca\/wp-json\/wp\/v2\/posts\/63531\/revisions"}],"predecessor-version":[{"id":63544,"href":"https:\/\/www.conselharan.org\/ca\/wp-json\/wp\/v2\/posts\/63531\/revisions\/63544"}],"wp:featuredmedia":[{"embeddable":true,"href":"https:\/\/www.conselharan.org\/ca\/wp-json\/wp\/v2\/media\/63539"}],"wp:attachment":[{"href":"https:\/\/www.conselharan.org\/ca\/wp-json\/wp\/v2\/media?parent=63531"}],"wp:term":[{"taxonomy":"category","embeddable":true,"href":"https:\/\/www.conselharan.org\/ca\/wp-json\/wp\/v2\/categories?post=63531"},{"taxonomy":"post_tag","embeddable":true,"href":"https:\/\/www.conselharan.org\/ca\/wp-json\/wp\/v2\/tags?post=63531"}],"curies":[{"name":"wp","href":"https:\/\/api.w.org\/{rel}","templated":true}]}}