{"id":64687,"date":"2025-10-22T14:00:43","date_gmt":"2025-10-22T12:00:43","guid":{"rendered":"https:\/\/www.conselharan.org\/?p=64687"},"modified":"2025-10-23T10:43:10","modified_gmt":"2025-10-23T08:43:10","slug":"impuls-a-les-xarxes-de-calor-amb-biomassa-a-la-val-daran","status":"publish","type":"post","link":"https:\/\/www.conselharan.org\/ca\/impuls-a-les-xarxes-de-calor-amb-biomassa-a-la-val-daran\/","title":{"rendered":"Impuls a les xarxes de calor amb biomassa a la Val d\u2019Aran"},"content":{"rendered":"<h3><a href=\"https:\/\/www.conselharan.org\/ca\/impuls-a-les-xarxes-de-calor-amb-biomassa-a-la-val-daran\/arros-2-2\/\" rel=\"attachment wp-att-64665\"><img loading=\"lazy\" decoding=\"async\" class=\"aligncenter size-large wp-image-64665\" src=\"https:\/\/www.conselharan.org\/wp-content\/uploads\/2025\/10\/Arros-1024x683.jpg\" alt=\"\" width=\"1024\" height=\"683\" srcset=\"https:\/\/www.conselharan.org\/wp-content\/uploads\/2025\/10\/Arros-1024x683.jpg 1024w, https:\/\/www.conselharan.org\/wp-content\/uploads\/2025\/10\/Arros-300x200.jpg 300w, https:\/\/www.conselharan.org\/wp-content\/uploads\/2025\/10\/Arros-768x512.jpg 768w, https:\/\/www.conselharan.org\/wp-content\/uploads\/2025\/10\/Arros-1536x1024.jpg 1536w, https:\/\/www.conselharan.org\/wp-content\/uploads\/2025\/10\/Arros-2048x1365.jpg 2048w\" sizes=\"(max-width: 1024px) 100vw, 1024px\" \/><\/a><a href=\"https:\/\/www.conselharan.org\/ca\/impuls-a-les-xarxes-de-calor-amb-biomassa-a-la-val-daran\/vila-2\/\" rel=\"attachment wp-att-64668\"><img loading=\"lazy\" decoding=\"async\" class=\"aligncenter size-large wp-image-64668\" src=\"https:\/\/www.conselharan.org\/wp-content\/uploads\/2025\/10\/Vila-683x1024.jpg\" alt=\"\" width=\"683\" height=\"1024\" srcset=\"https:\/\/www.conselharan.org\/wp-content\/uploads\/2025\/10\/Vila-683x1024.jpg 683w, https:\/\/www.conselharan.org\/wp-content\/uploads\/2025\/10\/Vila-200x300.jpg 200w, https:\/\/www.conselharan.org\/wp-content\/uploads\/2025\/10\/Vila-768x1152.jpg 768w, https:\/\/www.conselharan.org\/wp-content\/uploads\/2025\/10\/Vila-1024x1536.jpg 1024w, https:\/\/www.conselharan.org\/wp-content\/uploads\/2025\/10\/Vila-1365x2048.jpg 1365w, https:\/\/www.conselharan.org\/wp-content\/uploads\/2025\/10\/Vila-scaled.jpg 1707w\" sizes=\"(max-width: 683px) 100vw, 683px\" \/><\/a><\/h3>\n<ul>\n<li>\n<h3><strong>El govern d\u2019Aran impulsa, de la m\u00e0 del Centre Tecnol\u00f2gic Forestal de Catalunya (CTFC), quatre projectes per instal\u00b7lar xarxes de calor urbanes alimentades amb biomassa procedent dels boscos aranesos, en quatre municipis de la Val d\u2019Aran: Arr\u00f2s i Vila, Bagergue, Les i Es B\u00f2rdes.<\/strong><\/h3>\n<\/li>\n<\/ul>\n<p>Dins de l\u2019estrat\u00e8gia de gesti\u00f3 territorial impulsada pel govern d\u2019Aran, la m\u00e0xima instituci\u00f3 aranesa treballa, juntament amb el CTFC, en diversos estudis de viabilitat per al desplegament de xarxes de calor en quatre pobles aranesos que, a trav\u00e9s de calderes de biomassa p\u00fabliques, permetran la connexi\u00f3 del nucli urb\u00e0 a aquesta font d\u2019energia renovable.<a href=\"https:\/\/www.conselharan.org\/ca\/impuls-a-les-xarxes-de-calor-amb-biomassa-a-la-val-daran\/es-bordes-2\/\" rel=\"attachment wp-att-64674\"><img loading=\"lazy\" decoding=\"async\" class=\"aligncenter size-large wp-image-64674\" src=\"https:\/\/www.conselharan.org\/wp-content\/uploads\/2025\/10\/Es-Bordes-819x1024.jpg\" alt=\"\" width=\"819\" height=\"1024\" srcset=\"https:\/\/www.conselharan.org\/wp-content\/uploads\/2025\/10\/Es-Bordes-819x1024.jpg 819w, https:\/\/www.conselharan.org\/wp-content\/uploads\/2025\/10\/Es-Bordes-240x300.jpg 240w, https:\/\/www.conselharan.org\/wp-content\/uploads\/2025\/10\/Es-Bordes-768x960.jpg 768w, https:\/\/www.conselharan.org\/wp-content\/uploads\/2025\/10\/Es-Bordes-1229x1536.jpg 1229w, https:\/\/www.conselharan.org\/wp-content\/uploads\/2025\/10\/Es-Bordes-1638x2048.jpg 1638w, https:\/\/www.conselharan.org\/wp-content\/uploads\/2025\/10\/Es-Bordes-scaled.jpg 2048w\" sizes=\"(max-width: 819px) 100vw, 819px\" \/><\/a><a href=\"https:\/\/www.conselharan.org\/ca\/impuls-a-les-xarxes-de-calor-amb-biomassa-a-la-val-daran\/bagergue-2-2\/\" rel=\"attachment wp-att-64671\"><img loading=\"lazy\" decoding=\"async\" class=\"aligncenter size-large wp-image-64671\" src=\"https:\/\/www.conselharan.org\/wp-content\/uploads\/2025\/10\/Bagergue-1024x665.jpg\" alt=\"\" width=\"1024\" height=\"665\" srcset=\"https:\/\/www.conselharan.org\/wp-content\/uploads\/2025\/10\/Bagergue-1024x665.jpg 1024w, https:\/\/www.conselharan.org\/wp-content\/uploads\/2025\/10\/Bagergue-300x195.jpg 300w, https:\/\/www.conselharan.org\/wp-content\/uploads\/2025\/10\/Bagergue-768x499.jpg 768w, https:\/\/www.conselharan.org\/wp-content\/uploads\/2025\/10\/Bagergue-1536x997.jpg 1536w, https:\/\/www.conselharan.org\/wp-content\/uploads\/2025\/10\/Bagergue-2048x1329.jpg 2048w\" sizes=\"(max-width: 1024px) 100vw, 1024px\" \/><\/a><\/p>\n<p><a href=\"https:\/\/www.conselharan.org\/ca\/impuls-a-les-xarxes-de-calor-amb-biomassa-a-la-val-daran\/les_dsc4346-2-2\/\" rel=\"attachment wp-att-64677\"><img loading=\"lazy\" decoding=\"async\" class=\"aligncenter size-large wp-image-64677\" src=\"https:\/\/www.conselharan.org\/wp-content\/uploads\/2025\/10\/Les_DSC4346-1024x683.jpg\" alt=\"\" width=\"1024\" height=\"683\" srcset=\"https:\/\/www.conselharan.org\/wp-content\/uploads\/2025\/10\/Les_DSC4346-1024x683.jpg 1024w, https:\/\/www.conselharan.org\/wp-content\/uploads\/2025\/10\/Les_DSC4346-300x200.jpg 300w, https:\/\/www.conselharan.org\/wp-content\/uploads\/2025\/10\/Les_DSC4346-768x512.jpg 768w, https:\/\/www.conselharan.org\/wp-content\/uploads\/2025\/10\/Les_DSC4346-1536x1024.jpg 1536w, https:\/\/www.conselharan.org\/wp-content\/uploads\/2025\/10\/Les_DSC4346-2048x1365.jpg 2048w\" sizes=\"(max-width: 1024px) 100vw, 1024px\" \/><\/a>Aix\u00ed doncs, amb l\u2019aprofitament dels recursos forestals del territori per generar energia t\u00e8rmica, es promou un model energ\u00e8tic sostenible i circular.<\/p>\n<p>Amb aquest projecte per estudiar la instal\u00b7laci\u00f3 de xarxes urbanes de calor alimentades amb biomassa forestal a les localitats d\u2019Es B\u00f2rdes, Arr\u00f2s i Vila, Bagergue i Les, \u201ces pret\u00e9n posar en valor la biomassa procedent dels boscos p\u00fablics per generar energia t\u00e8rmica i proveir de calefacci\u00f3 diversos nuclis de poblaci\u00f3, tot fent possible un model energ\u00e8tic circular, eficient i respectu\u00f3s amb el medi ambient, que a m\u00e9s a m\u00e9s genera una nova economia als nostres pobles\u201d, manifestava la s\u00edndica d\u2019Aran, Maria Verg\u00e9s.<\/p>\n<p>El Conselh Generau d\u2019Aran ha licitat els estudis de viabilitat t\u00e8cnica, econ\u00f2mica i ambiental, amb un pressupost de 60.500 euros, per determinar les possibilitats reals d\u2019implementaci\u00f3 de les xarxes i optimitzar-ne el disseny i funcionament.<\/p>\n<p>Pel conselh\u00e8r d\u2019Infraestructures i Obres del Conselh Generau, Jos\u00e9 Luis Boya: \u201cEls treballs forestals es planifiquen sempre amb l\u2019objectiu de millorar els boscos, considerant les necessitats actuals dels mateixos, per fer front als nous reptes que planteja el canvi clim\u00e0tic i garantir en tot moment el respecte i la millora del patrimoni natural de la Val d\u2019Aran\u201d.<\/p>\n<p><em>Vielha, 22 d\u2019octubre de 2025<\/em><\/p>\n ","protected":false},"excerpt":{"rendered":"<p>El govern d\u2019Aran impulsa, de la m\u00e0 del Centre Tecnol\u00f2gic Forestal de Catalunya (CTFC), quatre projectes per instal\u00b7lar xarxes de calor urbanes alimentades amb biomassa procedent dels boscos aranesos, en quatre municipis de la Val d\u2019Aran: Arr\u00f2s i Vila, Bagergue, Les i Es B\u00f2rdes. Dins de l\u2019estrat\u00e8gia de gesti\u00f3 territorial impulsada pel govern d\u2019Aran, la&#8230;<\/p>\n","protected":false},"author":2,"featured_media":64665,"comment_status":"closed","ping_status":"closed","sticky":false,"template":"","format":"standard","meta":{"footnotes":""},"categories":[31,53,127,33,36],"tags":[],"_links":{"self":[{"href":"https:\/\/www.conselharan.org\/ca\/wp-json\/wp\/v2\/posts\/64687"}],"collection":[{"href":"https:\/\/www.conselharan.org\/ca\/wp-json\/wp\/v2\/posts"}],"about":[{"href":"https:\/\/www.conselharan.org\/ca\/wp-json\/wp\/v2\/types\/post"}],"author":[{"embeddable":true,"href":"https:\/\/www.conselharan.org\/ca\/wp-json\/wp\/v2\/users\/2"}],"replies":[{"embeddable":true,"href":"https:\/\/www.conselharan.org\/ca\/wp-json\/wp\/v2\/comments?post=64687"}],"version-history":[{"count":2,"href":"https:\/\/www.conselharan.org\/ca\/wp-json\/wp\/v2\/posts\/64687\/revisions"}],"predecessor-version":[{"id":64689,"href":"https:\/\/www.conselharan.org\/ca\/wp-json\/wp\/v2\/posts\/64687\/revisions\/64689"}],"wp:featuredmedia":[{"embeddable":true,"href":"https:\/\/www.conselharan.org\/ca\/wp-json\/wp\/v2\/media\/64665"}],"wp:attachment":[{"href":"https:\/\/www.conselharan.org\/ca\/wp-json\/wp\/v2\/media?parent=64687"}],"wp:term":[{"taxonomy":"category","embeddable":true,"href":"https:\/\/www.conselharan.org\/ca\/wp-json\/wp\/v2\/categories?post=64687"},{"taxonomy":"post_tag","embeddable":true,"href":"https:\/\/www.conselharan.org\/ca\/wp-json\/wp\/v2\/tags?post=64687"}],"curies":[{"name":"wp","href":"https:\/\/api.w.org\/{rel}","templated":true}]}}