{"id":64744,"date":"2025-10-27T15:00:51","date_gmt":"2025-10-27T14:00:51","guid":{"rendered":"https:\/\/www.conselharan.org\/?p=64744"},"modified":"2025-10-28T09:19:30","modified_gmt":"2025-10-28T08:19:30","slug":"inauguracio-de-la-casa-deth-haro-museu-des-hestes-deth-huec","status":"publish","type":"post","link":"https:\/\/www.conselharan.org\/ca\/inauguracio-de-la-casa-deth-haro-museu-des-hestes-deth-huec\/","title":{"rendered":"Inauguraci\u00f3 de la Casa deth Haro \u201cMUSEU DES H\u00c8STES DETH HUEC\u201d"},"content":{"rendered":"<p><a href=\"https:\/\/www.conselharan.org\/ca\/inauguracio-de-la-casa-deth-haro-museu-des-hestes-deth-huec\/presentacion-casa-deth-haro-2\/\" rel=\"attachment wp-att-64730\"><img loading=\"lazy\" decoding=\"async\" class=\"aligncenter size-large wp-image-64730\" src=\"https:\/\/www.conselharan.org\/wp-content\/uploads\/2025\/10\/Presentacion-Casa-deth-Haro-1024x682.jpeg\" alt=\"\" width=\"1024\" height=\"682\" srcset=\"https:\/\/www.conselharan.org\/wp-content\/uploads\/2025\/10\/Presentacion-Casa-deth-Haro-1024x682.jpeg 1024w, https:\/\/www.conselharan.org\/wp-content\/uploads\/2025\/10\/Presentacion-Casa-deth-Haro-300x200.jpeg 300w, https:\/\/www.conselharan.org\/wp-content\/uploads\/2025\/10\/Presentacion-Casa-deth-Haro-768x512.jpeg 768w, https:\/\/www.conselharan.org\/wp-content\/uploads\/2025\/10\/Presentacion-Casa-deth-Haro-1536x1023.jpeg 1536w, https:\/\/www.conselharan.org\/wp-content\/uploads\/2025\/10\/Presentacion-Casa-deth-Haro.jpeg 1600w\" sizes=\"(max-width: 1024px) 100vw, 1024px\" \/><\/a><\/p>\n<ul>\n<li>\n<h3><strong>Les compta des d\u2019avui amb un nou espai expositiu a la pla\u00e7a del Haro, dedicat a explicar les Festes del Foc.<\/strong><\/h3>\n<\/li>\n<\/ul>\n<ul>\n<li>\n<h3><strong>Aquest equipament est\u00e0 integrat dins la Xarxa de Museus del Conselh Generau d\u2019Aran. Gr\u00e0cies al conveni signat entre el govern aran\u00e8s i l\u2019Ajuntament \u2014on tamb\u00e9 s\u2019inclou el Castell Pijao\u00e8rt\u2014, s\u2019hi invertir\u00e0 ara en la muse\u00eftzaci\u00f3.<\/strong><\/h3>\n<\/li>\n<\/ul>\n<p>Aquest dissabte s\u2019ha inaugurat <strong>LA CASA DEL HARO \u201cMUSEU DE LES FESTES DEL FOC\u201d<\/strong>, el primer espai muse\u00edstic al ter\u00e7on de Quate L\u00f2cs. L\u2019acte ha estat presidit per la s\u00edndica d\u2019Aran, Maria Verg\u00e9s; la consellera de Cultura de la Generalitat de Catalunya, S\u00f2nia Hern\u00e1ndez; i l\u2019alcalde de Les, Andreu Cort\u00e9s.<a href=\"https:\/\/www.conselharan.org\/ca\/inauguracio-de-la-casa-deth-haro-museu-des-hestes-deth-huec\/presentacion-casa-deth-haro-2-2\/\" rel=\"attachment wp-att-64736\"><img loading=\"lazy\" decoding=\"async\" class=\"aligncenter size-large wp-image-64736\" src=\"https:\/\/www.conselharan.org\/wp-content\/uploads\/2025\/10\/Presentacion-Casa-deth-Haro-2-1024x959.jpeg\" alt=\"\" width=\"1024\" height=\"959\" srcset=\"https:\/\/www.conselharan.org\/wp-content\/uploads\/2025\/10\/Presentacion-Casa-deth-Haro-2-1024x959.jpeg 1024w, https:\/\/www.conselharan.org\/wp-content\/uploads\/2025\/10\/Presentacion-Casa-deth-Haro-2-300x281.jpeg 300w, https:\/\/www.conselharan.org\/wp-content\/uploads\/2025\/10\/Presentacion-Casa-deth-Haro-2-768x719.jpeg 768w, https:\/\/www.conselharan.org\/wp-content\/uploads\/2025\/10\/Presentacion-Casa-deth-Haro-2-1536x1438.jpeg 1536w, https:\/\/www.conselharan.org\/wp-content\/uploads\/2025\/10\/Presentacion-Casa-deth-Haro-2.jpeg 1600w\" sizes=\"(max-width: 1024px) 100vw, 1024px\" \/><\/a><\/p>\n<p>L\u2019any 2017 van comen\u00e7ar els primers passos per convertir l\u2019antiga biblioteca de Les i Arxiu Calzado en un centre expositiu. La iniciativa va n\u00e9ixer d\u2019un acord entre la Generalitat de Catalunya, l\u2019Ajuntament de Les i el Conselh Generau d\u2019Aran, que n\u2019assumeix la gesti\u00f3 dins la Xarxa de Museus de la Vall d\u2019Aran.<\/p>\n<p>Un cop aprovada la cessi\u00f3 de l\u2019\u00fas de l\u2019edifici al Conselh Generau, va comen\u00e7ar la rehabilitaci\u00f3, una obra que es va acabar el 2021. El projecte museogr\u00e0fic es va definir el 2023 i s\u2019ha executat al llarg del 2024 i 2025.<\/p>\n<p>Aquest equipament est\u00e0 integrat dins la Xarxa de Museus del Conselh Generau d\u2019Aran. Gr\u00e0cies al conveni signat entre el govern aran\u00e8s i l\u2019Ajuntament \u2014on tamb\u00e9 s\u2019inclou el Cast\u00e8th Pijao\u00e8rt\u2014, s\u2019hi invertir\u00e0 ara en la muse\u00eftzaci\u00f3.<\/p>\n<p>L\u2019espai expositiu consta d\u2019una sala de 96 m\u00b2, dividida en tres \u00e0mbits per explicar el fenomen de les festes del foc:<\/p>\n<ol>\n<li><strong>Pirineus, una terra de foc<\/strong><\/li>\n<li><strong>Aran, una hist\u00f2ria de foc<\/strong><\/li>\n<li><strong>Les, una festa de foc<a href=\"https:\/\/www.conselharan.org\/ca\/inauguracio-de-la-casa-deth-haro-museu-des-hestes-deth-huec\/presentacion-casa-deth-haro-1-2\/\" rel=\"attachment wp-att-64733\"><img loading=\"lazy\" decoding=\"async\" class=\"aligncenter size-large wp-image-64733\" src=\"https:\/\/www.conselharan.org\/wp-content\/uploads\/2025\/10\/Presentacion-Casa-deth-Haro-1-1024x682.jpeg\" alt=\"\" width=\"1024\" height=\"682\" srcset=\"https:\/\/www.conselharan.org\/wp-content\/uploads\/2025\/10\/Presentacion-Casa-deth-Haro-1-1024x682.jpeg 1024w, https:\/\/www.conselharan.org\/wp-content\/uploads\/2025\/10\/Presentacion-Casa-deth-Haro-1-300x200.jpeg 300w, https:\/\/www.conselharan.org\/wp-content\/uploads\/2025\/10\/Presentacion-Casa-deth-Haro-1-768x512.jpeg 768w, https:\/\/www.conselharan.org\/wp-content\/uploads\/2025\/10\/Presentacion-Casa-deth-Haro-1-1536x1023.jpeg 1536w, https:\/\/www.conselharan.org\/wp-content\/uploads\/2025\/10\/Presentacion-Casa-deth-Haro-1.jpeg 1600w\" sizes=\"(max-width: 1024px) 100vw, 1024px\" \/><\/a><\/strong><\/li>\n<\/ol>\n<p>A trav\u00e9s d\u2019aquests tres \u00e0mbits es dona a con\u00e8ixer des de l\u2019origen de la festa pagana, es recorre el territori del Pirineu; es continua a la Vall d\u2019Aran, amb els testimonis que demostren que per la nit de Sant Joan es feia la festa a cada poble; i, finalment, s\u2019acaba a Les, on la festa pren una dimensi\u00f3 que inclou altres manifestacions de la cultura popular: danses, m\u00fasica i vestits.<\/p>\n<p><em>Vielha, 27 d\u2019octubre de 2025<\/em><\/p>\n ","protected":false},"excerpt":{"rendered":"<p>Les compta des d\u2019avui amb un nou espai expositiu a la pla\u00e7a del Haro, dedicat a explicar les Festes del Foc. Aquest equipament est\u00e0 integrat dins la Xarxa de Museus del Conselh Generau d\u2019Aran. Gr\u00e0cies al conveni signat entre el govern aran\u00e8s i l\u2019Ajuntament \u2014on tamb\u00e9 s\u2019inclou el Castell Pijao\u00e8rt\u2014, s\u2019hi invertir\u00e0 ara en la&#8230;<\/p>\n","protected":false},"author":2,"featured_media":64730,"comment_status":"closed","ping_status":"closed","sticky":false,"template":"","format":"standard","meta":{"footnotes":""},"categories":[31,794,33,36],"tags":[],"_links":{"self":[{"href":"https:\/\/www.conselharan.org\/ca\/wp-json\/wp\/v2\/posts\/64744"}],"collection":[{"href":"https:\/\/www.conselharan.org\/ca\/wp-json\/wp\/v2\/posts"}],"about":[{"href":"https:\/\/www.conselharan.org\/ca\/wp-json\/wp\/v2\/types\/post"}],"author":[{"embeddable":true,"href":"https:\/\/www.conselharan.org\/ca\/wp-json\/wp\/v2\/users\/2"}],"replies":[{"embeddable":true,"href":"https:\/\/www.conselharan.org\/ca\/wp-json\/wp\/v2\/comments?post=64744"}],"version-history":[{"count":2,"href":"https:\/\/www.conselharan.org\/ca\/wp-json\/wp\/v2\/posts\/64744\/revisions"}],"predecessor-version":[{"id":64746,"href":"https:\/\/www.conselharan.org\/ca\/wp-json\/wp\/v2\/posts\/64744\/revisions\/64746"}],"wp:featuredmedia":[{"embeddable":true,"href":"https:\/\/www.conselharan.org\/ca\/wp-json\/wp\/v2\/media\/64730"}],"wp:attachment":[{"href":"https:\/\/www.conselharan.org\/ca\/wp-json\/wp\/v2\/media?parent=64744"}],"wp:term":[{"taxonomy":"category","embeddable":true,"href":"https:\/\/www.conselharan.org\/ca\/wp-json\/wp\/v2\/categories?post=64744"},{"taxonomy":"post_tag","embeddable":true,"href":"https:\/\/www.conselharan.org\/ca\/wp-json\/wp\/v2\/tags?post=64744"}],"curies":[{"name":"wp","href":"https:\/\/api.w.org\/{rel}","templated":true}]}}