{"id":6494,"date":"2015-02-27T15:54:13","date_gmt":"2015-02-27T14:54:13","guid":{"rendered":"http:\/\/www.conselharan.org\/?p=6494"},"modified":"2015-02-27T15:54:13","modified_gmt":"2015-02-27T14:54:13","slug":"el-sindic-daran-visita-la-carretera-de-canejan-per-veure-les-afectacions-de-les-pluges","status":"publish","type":"post","link":"https:\/\/www.conselharan.org\/ca\/el-sindic-daran-visita-la-carretera-de-canejan-per-veure-les-afectacions-de-les-pluges\/","title":{"rendered":"El S\u00edndic d\u2019Aran visita la carretera de Canejan per veure les afectacions de les pluges"},"content":{"rendered":"<p>\u2022<strong> El s\u00edndic d\u2019Aran, Carlos Barrera, ha demanat al Departament de Territori i Sostenibilitat un ajut extraordinari per l&#8217;Ajuntament de Canejan (propietari d\u2019aquesta carretera) perqu\u00e8 pugui fer front a les obres de reparaci\u00f3 m\u00e9s urgents.<\/strong><\/p>\n<p><strong>\u2022 Degut a les afectacions de les pluges en la carretera, est\u00e0 restringit el pas a vehicles pesants.<\/strong><\/p>\n<p><a href=\"http:\/\/www.conselharan.org\/wp-content\/uploads\/2015\/02\/SINDIC_CTRA-CANEJAN.jpg\"><img loading=\"lazy\" decoding=\"async\" class=\"aligncenter size-large wp-image-6491\" alt=\"SINDIC_CTRA CANEJAN\" src=\"http:\/\/www.conselharan.org\/wp-content\/uploads\/2015\/02\/SINDIC_CTRA-CANEJAN-1024x768.jpg\" width=\"1024\" height=\"768\" srcset=\"https:\/\/www.conselharan.org\/wp-content\/uploads\/2015\/02\/SINDIC_CTRA-CANEJAN-1024x768.jpg 1024w, https:\/\/www.conselharan.org\/wp-content\/uploads\/2015\/02\/SINDIC_CTRA-CANEJAN-300x225.jpg 300w, https:\/\/www.conselharan.org\/wp-content\/uploads\/2015\/02\/SINDIC_CTRA-CANEJAN.jpg 1632w\" sizes=\"(max-width: 1024px) 100vw, 1024px\" \/><\/a><\/p>\n<p>El s\u00edndic d\u2019Aran, <strong>Carlos Barrera<\/strong>, juntament amb l&#8217;alcalde de Canejan, <strong>Juan Carlos Lastera<\/strong>, i el t\u00e8cnic del Conselh Generau d\u2019Aran, <strong>Llu\u00eds Domingo<\/strong>, van visitar ahir a la tarda la carretera de Canejan per veure de primera m\u00e0 les afectacions produ\u00efdes per les pluges.<\/p>\n<p>En el mateix moment, <strong>Carlos Barrera,<\/strong> es va posar en contacte amb el Director General de Carreteres de la Generalitat de Catalunya per sol\u2022licitar una c\u00f2pia del projecte redactat en el seu dia pel mateix Departament per saber el cost de la millora integral de la carretera d\u2019acc\u00e9s a Canejan.<\/p>\n<p>Per un altre costat, <strong>Barrera,<\/strong> va avan\u00e7ar al Director General que avui, divendres dit 27 de febrer, el Gov\u00e8rn d\u2019Aran demanaria al Secretari General de Territori i Sostenibilitat de la Generalitat de Catalunya un ajut extraordinari per l&#8217;Ajuntament de Canejan perqu\u00e8 pugui fer front a les obres de reparaci\u00f3 m\u00e9s urgents, ja que l\u2019Ajuntament \u00e9s el propietari d\u2019aquesta carretera.<\/p>\n<p><strong>La carretera de Canejan t\u00e9 el tr\u00e0nsit restringit a vehicles pesants.<\/strong><\/p>\n ","protected":false},"excerpt":{"rendered":"<p>\u2022 El s\u00edndic d\u2019Aran, Carlos Barrera, ha demanat al Departament de Territori i Sostenibilitat un ajut extraordinari per l&#8217;Ajuntament de Canejan (propietari d\u2019aquesta carretera) perqu\u00e8 pugui fer front a les obres de reparaci\u00f3 m\u00e9s urgents. \u2022 Degut a les afectacions de les pluges en la carretera, est\u00e0 restringit el pas a vehicles pesants. El s\u00edndic&#8230;<\/p>\n","protected":false},"author":2,"featured_media":6491,"comment_status":"closed","ping_status":"closed","sticky":false,"template":"","format":"standard","meta":{"footnotes":""},"categories":[31,53,127,33,36],"tags":[],"_links":{"self":[{"href":"https:\/\/www.conselharan.org\/ca\/wp-json\/wp\/v2\/posts\/6494"}],"collection":[{"href":"https:\/\/www.conselharan.org\/ca\/wp-json\/wp\/v2\/posts"}],"about":[{"href":"https:\/\/www.conselharan.org\/ca\/wp-json\/wp\/v2\/types\/post"}],"author":[{"embeddable":true,"href":"https:\/\/www.conselharan.org\/ca\/wp-json\/wp\/v2\/users\/2"}],"replies":[{"embeddable":true,"href":"https:\/\/www.conselharan.org\/ca\/wp-json\/wp\/v2\/comments?post=6494"}],"version-history":[{"count":1,"href":"https:\/\/www.conselharan.org\/ca\/wp-json\/wp\/v2\/posts\/6494\/revisions"}],"predecessor-version":[{"id":6495,"href":"https:\/\/www.conselharan.org\/ca\/wp-json\/wp\/v2\/posts\/6494\/revisions\/6495"}],"wp:featuredmedia":[{"embeddable":true,"href":"https:\/\/www.conselharan.org\/ca\/wp-json\/wp\/v2\/media\/6491"}],"wp:attachment":[{"href":"https:\/\/www.conselharan.org\/ca\/wp-json\/wp\/v2\/media?parent=6494"}],"wp:term":[{"taxonomy":"category","embeddable":true,"href":"https:\/\/www.conselharan.org\/ca\/wp-json\/wp\/v2\/categories?post=6494"},{"taxonomy":"post_tag","embeddable":true,"href":"https:\/\/www.conselharan.org\/ca\/wp-json\/wp\/v2\/tags?post=6494"}],"curies":[{"name":"wp","href":"https:\/\/api.w.org\/{rel}","templated":true}]}}