{"id":6531,"date":"2015-03-03T15:03:52","date_gmt":"2015-03-03T14:03:52","guid":{"rendered":"http:\/\/www.conselharan.org\/eth-catedractic-de-dret-administratiu-alfredo-galan-parle-sus-era-possibla-afectacion-dera-larsal-en-autogoven-daran-2\/"},"modified":"2015-03-03T15:07:35","modified_gmt":"2015-03-03T14:07:35","slug":"eth-catedractic-de-dret-administratiu-alfredo-galan-parle-sus-era-possibla-afectacion-dera-larsal-en-autogoven-daran","status":"publish","type":"post","link":"https:\/\/www.conselharan.org\/ca\/eth-catedractic-de-dret-administratiu-alfredo-galan-parle-sus-era-possibla-afectacion-dera-larsal-en-autogoven-daran\/","title":{"rendered":"Eth catedractic de Dret Administratiu, Alfredo Gal\u00e1n, parle sus era possibla afectacion dera LARSAL en autogov\u00e8n d\u2019Aran"},"content":{"rendered":"<p>\u2022 <strong>Eth Dr. Alfredo Gal\u00e1n h\u00e8c ua \u00e0mplia aportacion sus aguest ah\u00e8r ena compareishen\u00e7a dauant dera Pon\u00e9ncia Conjunta en tramit de redaccion dera Naua Lei d\u2019Aran<\/strong><\/p>\n<p><a href=\"http:\/\/www.conselharan.org\/wp-content\/uploads\/2015\/03\/alfredo-galan_cga.jpg\"><img loading=\"lazy\" decoding=\"async\" class=\"aligncenter size-large wp-image-6528\" alt=\"alfredo galan_cga\" src=\"http:\/\/www.conselharan.org\/wp-content\/uploads\/2015\/03\/alfredo-galan_cga-1024x685.jpg\" width=\"1024\" height=\"685\" srcset=\"https:\/\/www.conselharan.org\/wp-content\/uploads\/2015\/03\/alfredo-galan_cga-1024x685.jpg 1024w, https:\/\/www.conselharan.org\/wp-content\/uploads\/2015\/03\/alfredo-galan_cga-300x200.jpg 300w\" sizes=\"(max-width: 1024px) 100vw, 1024px\" \/><\/a><\/p>\n<p>Ag\u00e8r, dia 2 de mar\u00e7, eth catedratic de Dret Administratiu, <strong>Alfredo Gal\u00e1n<\/strong>, d\u00e8c ua confer\u00e9ncia ena seden\u00e7a deth Conselh Generau d\u2019Aran sus era possibla afectacion qu\u2019era LARSAL (Ley de Racionalizaci\u00f3n y Sostenibilidad de la Administraci\u00f3n Local) pogue auer a compdar deth mes de junh que ven sus era capacitat der exercici der autogov\u00e8rn deth Conselh Generau d\u2019Aran.<\/p>\n<p><strong>Barrera<\/strong>, soslinh\u00e8c \u201c<strong>Alfredo Gal\u00e1n, pendent era sua compareishen\u00e7a en Parlament dauant dera Pon\u00e9ncia Conjunta en tramit de redaccion dera Naua Lei d\u2019Aran, aport\u00e8c ua vision f\u00f2r\u00e7a clara deth dret deth Conselh Generau d\u2019Aran ena Administracion Publica. Damb era confer\u00e9ncia volem qu\u2019era gent d\u2019Aran age un major coneishement sus era LARSAL e coma mos p\u00f2t afectar en n\u00f2ste territ\u00f2ri.\u201d<\/strong><\/p>\n ","protected":false},"excerpt":{"rendered":"<p>\u2022 Eth Dr. Alfredo Gal\u00e1n h\u00e8c ua \u00e0mplia aportacion sus aguest ah\u00e8r ena compareishen\u00e7a dauant dera Pon\u00e9ncia Conjunta en tramit de redaccion dera Naua Lei d\u2019Aran Ag\u00e8r, dia 2 de mar\u00e7, eth catedratic de Dret Administratiu, Alfredo Gal\u00e1n, d\u00e8c ua confer\u00e9ncia ena seden\u00e7a deth Conselh Generau d\u2019Aran sus era possibla afectacion qu\u2019era LARSAL (Ley de&#8230;<\/p>\n","protected":false},"author":2,"featured_media":6528,"comment_status":"closed","ping_status":"closed","sticky":false,"template":"","format":"standard","meta":{"footnotes":""},"categories":[31,33,36],"tags":[],"_links":{"self":[{"href":"https:\/\/www.conselharan.org\/ca\/wp-json\/wp\/v2\/posts\/6531"}],"collection":[{"href":"https:\/\/www.conselharan.org\/ca\/wp-json\/wp\/v2\/posts"}],"about":[{"href":"https:\/\/www.conselharan.org\/ca\/wp-json\/wp\/v2\/types\/post"}],"author":[{"embeddable":true,"href":"https:\/\/www.conselharan.org\/ca\/wp-json\/wp\/v2\/users\/2"}],"replies":[{"embeddable":true,"href":"https:\/\/www.conselharan.org\/ca\/wp-json\/wp\/v2\/comments?post=6531"}],"version-history":[{"count":1,"href":"https:\/\/www.conselharan.org\/ca\/wp-json\/wp\/v2\/posts\/6531\/revisions"}],"predecessor-version":[{"id":6533,"href":"https:\/\/www.conselharan.org\/ca\/wp-json\/wp\/v2\/posts\/6531\/revisions\/6533"}],"wp:featuredmedia":[{"embeddable":true,"href":"https:\/\/www.conselharan.org\/ca\/wp-json\/wp\/v2\/media\/6528"}],"wp:attachment":[{"href":"https:\/\/www.conselharan.org\/ca\/wp-json\/wp\/v2\/media?parent=6531"}],"wp:term":[{"taxonomy":"category","embeddable":true,"href":"https:\/\/www.conselharan.org\/ca\/wp-json\/wp\/v2\/categories?post=6531"},{"taxonomy":"post_tag","embeddable":true,"href":"https:\/\/www.conselharan.org\/ca\/wp-json\/wp\/v2\/tags?post=6531"}],"curies":[{"name":"wp","href":"https:\/\/api.w.org\/{rel}","templated":true}]}}