{"id":65332,"date":"2025-12-04T14:05:03","date_gmt":"2025-12-04T13:05:03","guid":{"rendered":"https:\/\/www.conselharan.org\/?p=65332"},"modified":"2025-12-09T11:34:56","modified_gmt":"2025-12-09T10:34:56","slug":"els-bombers-daran-celebren-el-dia-de-santa-barbara","status":"publish","type":"post","link":"https:\/\/www.conselharan.org\/ca\/els-bombers-daran-celebren-el-dia-de-santa-barbara\/","title":{"rendered":"Els Bombers d\u2019Aran celebren el dia de Santa B\u00e0rbara"},"content":{"rendered":"<h3 data-start=\"109\" data-end=\"164\"><a href=\"https:\/\/www.conselharan.org\/ca\/els-bombers-daran-celebren-el-dia-de-santa-barbara\/imatge-pompiers-1-2\/\" rel=\"attachment wp-att-65322\"><img loading=\"lazy\" decoding=\"async\" class=\"aligncenter size-large wp-image-65322\" src=\"https:\/\/www.conselharan.org\/wp-content\/uploads\/2025\/12\/Imatge-pompiers-1-1024x768.jpg\" alt=\"\" width=\"1024\" height=\"768\" srcset=\"https:\/\/www.conselharan.org\/wp-content\/uploads\/2025\/12\/Imatge-pompiers-1-1024x768.jpg 1024w, https:\/\/www.conselharan.org\/wp-content\/uploads\/2025\/12\/Imatge-pompiers-1-300x225.jpg 300w, https:\/\/www.conselharan.org\/wp-content\/uploads\/2025\/12\/Imatge-pompiers-1-768x576.jpg 768w, https:\/\/www.conselharan.org\/wp-content\/uploads\/2025\/12\/Imatge-pompiers-1-1536x1152.jpg 1536w, https:\/\/www.conselharan.org\/wp-content\/uploads\/2025\/12\/Imatge-pompiers-1-2048x1536.jpg 2048w\" sizes=\"(max-width: 1024px) 100vw, 1024px\" \/><\/a><\/h3>\n<ul>\n<li data-start=\"166\" data-end=\"479\">\n<h3><strong>Tal com ja \u00e9s tradicional cada 4 de desembre, el Conselh Generau d\u2019Aran ha organitzat avui una jornada commemorativa per posar en valor el servei a la comunitat que presta el cos de Bombers d\u2019Aran, recordant que, a partir de l\u20191 de gener de 2023, l\u2019\u00e0rea d\u2019emerg\u00e8ncies va comen\u00e7ar a funcionar de manera aut\u00f2noma.<\/strong><\/h3>\n<\/li>\n<li data-start=\"166\" data-end=\"479\">\n<h3><strong>Durant l\u2019acte institucional, s\u2019ha dut a terme el lliurament de mencions honor\u00edfiques, que distingeixen la seva traject\u00f2ria dins del sistema d\u2019Emerg\u00e8ncies de la Val d\u2019Aran.<\/strong><\/h3>\n<\/li>\n<\/ul>\n<p data-start=\"656\" data-end=\"965\">Avui s\u2019ha celebrat la tradicional festa de Santa B\u00e0rbara, patrona dels Bombers d\u2019Aran, una jornada que ha estat presidida per la s\u00edndica d\u2019Aran, Maria Verg\u00e9s; el Major dels Bombers, Manel Bosch, i la directora general de Prevenci\u00f3, Extinci\u00f3 d\u2019Incendis i Salvament de la Generalitat, Tamara Garc\u00eda de la Calle.<a href=\"https:\/\/www.conselharan.org\/ca\/els-bombers-daran-celebren-el-dia-de-santa-barbara\/imatge-pompiers-2-2\/\" rel=\"attachment wp-att-65325\"><img loading=\"lazy\" decoding=\"async\" class=\"aligncenter size-large wp-image-65325\" src=\"https:\/\/www.conselharan.org\/wp-content\/uploads\/2025\/12\/Imatge-pompiers-2-1024x768.jpg\" alt=\"\" width=\"1024\" height=\"768\" srcset=\"https:\/\/www.conselharan.org\/wp-content\/uploads\/2025\/12\/Imatge-pompiers-2-1024x768.jpg 1024w, https:\/\/www.conselharan.org\/wp-content\/uploads\/2025\/12\/Imatge-pompiers-2-300x225.jpg 300w, https:\/\/www.conselharan.org\/wp-content\/uploads\/2025\/12\/Imatge-pompiers-2-768x576.jpg 768w, https:\/\/www.conselharan.org\/wp-content\/uploads\/2025\/12\/Imatge-pompiers-2-1536x1152.jpg 1536w, https:\/\/www.conselharan.org\/wp-content\/uploads\/2025\/12\/Imatge-pompiers-2-2048x1536.jpg 2048w\" sizes=\"(max-width: 1024px) 100vw, 1024px\" \/><\/a><\/p>\n<p data-start=\"967\" data-end=\"1296\">Aquesta celebraci\u00f3 ha comen\u00e7at, com ja \u00e9s habitual, amb els tocs de sirena i la desfilada dels vehicles dels Bombers per diversos pobles de la Val d\u2019Aran, tot continuant despr\u00e9s amb la missa en honor a Santa B\u00e0rbara pr\u00e8via a l\u2019acte institucional, que ha comen\u00e7at amb un minut de silenci en record dels Bombers que ens han deixat.<\/p>\n<p data-start=\"1298\" data-end=\"1629\">A continuaci\u00f3, ha tingut lloc el lliurament de les mencions honor\u00edfiques i de les medalles d\u2019honor, uns guardons que distingeixen la traject\u00f2ria dels bombers a qui es concedeixen en funci\u00f3 dels anys d\u2019antiguitat i dels serveis excepcionals realitzats. En total, s\u2019han concedit cinquanta-una medalles als nostres bombers i bomberes.<a href=\"https:\/\/www.conselharan.org\/ca\/els-bombers-daran-celebren-el-dia-de-santa-barbara\/imatge-pompiers-3-2\/\" rel=\"attachment wp-att-65328\"><img loading=\"lazy\" decoding=\"async\" class=\"aligncenter size-large wp-image-65328\" src=\"https:\/\/www.conselharan.org\/wp-content\/uploads\/2025\/12\/Imatge-pompiers-3-1024x768.jpg\" alt=\"\" width=\"1024\" height=\"768\" srcset=\"https:\/\/www.conselharan.org\/wp-content\/uploads\/2025\/12\/Imatge-pompiers-3-1024x768.jpg 1024w, https:\/\/www.conselharan.org\/wp-content\/uploads\/2025\/12\/Imatge-pompiers-3-300x225.jpg 300w, https:\/\/www.conselharan.org\/wp-content\/uploads\/2025\/12\/Imatge-pompiers-3-768x576.jpg 768w, https:\/\/www.conselharan.org\/wp-content\/uploads\/2025\/12\/Imatge-pompiers-3-1536x1152.jpg 1536w, https:\/\/www.conselharan.org\/wp-content\/uploads\/2025\/12\/Imatge-pompiers-3-2048x1536.jpg 2048w\" sizes=\"(max-width: 1024px) 100vw, 1024px\" \/><\/a><\/p>\n<p data-start=\"1631\" data-end=\"2603\">En els parlaments oficials, la s\u00edndica d\u2019Aran ha volgut destacar que: \u201cara tenim diversos \u00e0mbits en qu\u00e8 cal treballar, com l\u2019estabilitzaci\u00f3 de la plantilla, la definici\u00f3 del pla director que ha de ser el full de ruta que ens permetr\u00e0 el desplegament efectiu del trasp\u00e0s amb les negociacions pertinents amb el Departament d\u2019Interior de la Generalitat, inversions, licitacions i l\u2019ampliaci\u00f3 del parc de Vielha vinculada a l\u2019augment de personal, que tamb\u00e9 suposa un increment d\u2019espais i una professionalitzaci\u00f3 del personal\u201d. Ha afegit: \u201cTamb\u00e9 q\u00fcestions internes importants com la definici\u00f3 de la carrera de Bombers i Emerg\u00e8ncies, que doni visi\u00f3 a les persones que entren dins del sistema de la durada de la seva activitat laboral, m\u00e9s enll\u00e0 d\u2019altres q\u00fcestions laborals que es negocien amb els representants dels treballadors. Des del Conselh Generau d\u2019Aran volem, en definitiva, intentar consolidar aquest model; aquest \u00e9s el nostre full de ruta per al 2026\u201d, ha subratllat.<\/p>\n<p data-start=\"2605\" data-end=\"3262\">Per al Major de Bombers i Emerg\u00e8ncies d\u2019Aran, Manel Bosch: \u201cAra \u00e9s el moment de constatar i refor\u00e7ar aquelles q\u00fcestions que durant aquests tres anys han funcionat b\u00e9 i d\u2019altres que s\u2019han de reajustar. De cara al 2026, treballarem en la fase formativa, ja molt avan\u00e7ada, i tamb\u00e9 en la consolidaci\u00f3 de la plantilla amb una formaci\u00f3 m\u00e9s espec\u00edfica en un any complicat perqu\u00e8 ens hem trobat amb serveis que fins ara no es cobrien i que ara formen part d\u2019una realitat\u201d. I hi ha afegit que \u201cpel que fa als aspectes de suport estructural, l\u2019adquisici\u00f3 de la nova autoescala, en tr\u00e0mits d\u2019execuci\u00f3, suposar\u00e0 un increment d\u2019excel\u00b7l\u00e8ncia encara m\u00e9s alt que l\u2019actual\u201d.<\/p>\n<p data-start=\"3264\" data-end=\"3407\">Recordant que, des del gener del 2023, l\u2019\u00e0rea d\u2019emerg\u00e8ncies del govern d\u2019Aran va comen\u00e7ar a funcionar de manera aut\u00f2noma amb compet\u00e8ncia plena.<\/p>\n<p data-start=\"3264\" data-end=\"3407\"><em>Vielha, 04 de desembre de 2025<\/em><\/p>\n ","protected":false},"excerpt":{"rendered":"<p>Tal com ja \u00e9s tradicional cada 4 de desembre, el Conselh Generau d\u2019Aran ha organitzat avui una jornada commemorativa per posar en valor el servei a la comunitat que presta el cos de Bombers d\u2019Aran, recordant que, a partir de l\u20191 de gener de 2023, l\u2019\u00e0rea d\u2019emerg\u00e8ncies va comen\u00e7ar a funcionar de manera aut\u00f2noma. Durant&#8230;<\/p>\n","protected":false},"author":2,"featured_media":65322,"comment_status":"closed","ping_status":"closed","sticky":false,"template":"","format":"standard","meta":{"footnotes":""},"categories":[31,53,146,36],"tags":[],"_links":{"self":[{"href":"https:\/\/www.conselharan.org\/ca\/wp-json\/wp\/v2\/posts\/65332"}],"collection":[{"href":"https:\/\/www.conselharan.org\/ca\/wp-json\/wp\/v2\/posts"}],"about":[{"href":"https:\/\/www.conselharan.org\/ca\/wp-json\/wp\/v2\/types\/post"}],"author":[{"embeddable":true,"href":"https:\/\/www.conselharan.org\/ca\/wp-json\/wp\/v2\/users\/2"}],"replies":[{"embeddable":true,"href":"https:\/\/www.conselharan.org\/ca\/wp-json\/wp\/v2\/comments?post=65332"}],"version-history":[{"count":2,"href":"https:\/\/www.conselharan.org\/ca\/wp-json\/wp\/v2\/posts\/65332\/revisions"}],"predecessor-version":[{"id":65334,"href":"https:\/\/www.conselharan.org\/ca\/wp-json\/wp\/v2\/posts\/65332\/revisions\/65334"}],"wp:featuredmedia":[{"embeddable":true,"href":"https:\/\/www.conselharan.org\/ca\/wp-json\/wp\/v2\/media\/65322"}],"wp:attachment":[{"href":"https:\/\/www.conselharan.org\/ca\/wp-json\/wp\/v2\/media?parent=65332"}],"wp:term":[{"taxonomy":"category","embeddable":true,"href":"https:\/\/www.conselharan.org\/ca\/wp-json\/wp\/v2\/categories?post=65332"},{"taxonomy":"post_tag","embeddable":true,"href":"https:\/\/www.conselharan.org\/ca\/wp-json\/wp\/v2\/tags?post=65332"}],"curies":[{"name":"wp","href":"https:\/\/api.w.org\/{rel}","templated":true}]}}