{"id":65361,"date":"2025-12-11T15:05:32","date_gmt":"2025-12-11T14:05:32","guid":{"rendered":"https:\/\/www.conselharan.org\/?p=65361"},"modified":"2025-12-12T09:57:39","modified_gmt":"2025-12-12T08:57:39","slug":"el-conselh-generau-daran-tramitara-les-declaracions-de-dependencia-i-discapacitat","status":"publish","type":"post","link":"https:\/\/www.conselharan.org\/ca\/el-conselh-generau-daran-tramitara-les-declaracions-de-dependencia-i-discapacitat\/","title":{"rendered":"El Conselh Generau d\u2019Aran tramitar\u00e0 les declaracions de depend\u00e8ncia i discapacitat"},"content":{"rendered":"<p><a href=\"https:\/\/www.conselharan.org\/ca\/el-conselh-generau-daran-tramitara-les-declaracions-de-dependencia-i-discapacitat\/bilaterau-1-2\/\" rel=\"attachment wp-att-65366\"><img loading=\"lazy\" decoding=\"async\" class=\"aligncenter size-large wp-image-65366\" src=\"https:\/\/www.conselharan.org\/wp-content\/uploads\/2025\/12\/Bilaterau-1-1024x682.jpg\" alt=\"\" width=\"1024\" height=\"682\" srcset=\"https:\/\/www.conselharan.org\/wp-content\/uploads\/2025\/12\/Bilaterau-1-1024x682.jpg 1024w, https:\/\/www.conselharan.org\/wp-content\/uploads\/2025\/12\/Bilaterau-1-300x200.jpg 300w, https:\/\/www.conselharan.org\/wp-content\/uploads\/2025\/12\/Bilaterau-1-768x512.jpg 768w, https:\/\/www.conselharan.org\/wp-content\/uploads\/2025\/12\/Bilaterau-1-1536x1024.jpg 1536w, https:\/\/www.conselharan.org\/wp-content\/uploads\/2025\/12\/Bilaterau-1.jpg 2000w\" sizes=\"(max-width: 1024px) 100vw, 1024px\" \/><\/a><\/p>\n<ul>\n<li>\n<h3><strong>En la comissi\u00f3 bilateral Generalitat\u2013Conselh Generau, celebrada aquest mat\u00ed al Palau de la Generalitat, s\u2019ha acordat la transfer\u00e8ncia de noves compet\u00e8ncies en mat\u00e8ria de Drets Socials al Conselh, que a partir de l\u2019any vinent assumir\u00e0 la gesti\u00f3 i la resoluci\u00f3 de les valoracions de discapacitat i depend\u00e8ncia, fet que permetr\u00e0 agilitzar els tr\u00e0mits per a la ciutadania aranesa.<\/strong><\/h3>\n<\/li>\n<\/ul>\n<ul>\n<li>\n<h3><strong>La Comissi\u00f3 Bilateral tamb\u00e9 ha aprovat la transfer\u00e8ncia de la dotaci\u00f3 econ\u00f2mica relativa a la Taxa Tur\u00edstica que recapta la Generalitat a l\u2019Aran.<\/strong><\/h3>\n<\/li>\n<\/ul>\n<p>El conseller de la Presid\u00e8ncia, Albert Dalmau, i la sindica d\u2019Aran, Maria Verg\u00e9s, han presidit la primera comissi\u00f3 bilateral Generalitat \u2013 Conselh Generau d\u2019Aran al Palau de la Generalitat. Una trobada que ha servit per assolir acords en mat\u00e8ria de drets socials, habitatge, esports i cultura, i per avan\u00e7ar en el nou model de finan\u00e7ament per a l\u2019Aran.<\/p>\n<p>La Comissi\u00f3 Bilateral ha acordat la transfer\u00e8ncia de noves compet\u00e8ncies en mat\u00e8ria de Drets Socials al Conselh Generau d\u2019Aran, que a partir de l\u2019any vinent assumir\u00e0 la gesti\u00f3 i resoluci\u00f3 de les valoracions de discapacitat i depend\u00e8ncia.<\/p>\n<p>Fins ara, l\u2019administraci\u00f3 aranesa treballava com a entitat subcontractada per la Generalitat, sense cap finan\u00e7ament espec\u00edfic, i el Govern aran\u00e8s assumia els costos de personal i funcionament. Tot i la rapidesa en la realitzaci\u00f3 de les valoracions, les resolucions es dictaven des de Lleida, fet que allargava el temps d\u2019espera.<\/p>\n<p>La transfer\u00e8ncia inclou una dotaci\u00f3 anual de 65.507,92 \u20ac, destinada al que s\u2019ha previst, i que s\u2019inclour\u00e0 en l\u2019acord de finan\u00e7ament entre la Generalitat de Catalunya i el Conselh Generau d\u2019Aran. Amb aquesta transfer\u00e8ncia, la ciutadania aranesa guanyar\u00e0 rapidesa i proximitat, ja que tots els tr\u00e0mits es faran \u00edntegrament a l\u2019Aran i les persones no hauran de despla\u00e7ar-se a Lleida. Suposa tamb\u00e9 una millora en la qualitat del servei, perqu\u00e8 l\u2019atenci\u00f3 s\u2019adaptar\u00e0 a la realitat social i territorial pr\u00f2pia.<a href=\"https:\/\/www.conselharan.org\/ca\/el-conselh-generau-daran-tramitara-les-declaracions-de-dependencia-i-discapacitat\/bilaterau-2-2\/\" rel=\"attachment wp-att-65369\"><img loading=\"lazy\" decoding=\"async\" class=\"aligncenter size-large wp-image-65369\" src=\"https:\/\/www.conselharan.org\/wp-content\/uploads\/2025\/12\/Bilaterau-2-1024x682.jpg\" alt=\"\" width=\"1024\" height=\"682\" srcset=\"https:\/\/www.conselharan.org\/wp-content\/uploads\/2025\/12\/Bilaterau-2-1024x682.jpg 1024w, https:\/\/www.conselharan.org\/wp-content\/uploads\/2025\/12\/Bilaterau-2-300x200.jpg 300w, https:\/\/www.conselharan.org\/wp-content\/uploads\/2025\/12\/Bilaterau-2-768x512.jpg 768w, https:\/\/www.conselharan.org\/wp-content\/uploads\/2025\/12\/Bilaterau-2-1536x1024.jpg 1536w, https:\/\/www.conselharan.org\/wp-content\/uploads\/2025\/12\/Bilaterau-2.jpg 2000w\" sizes=\"(max-width: 1024px) 100vw, 1024px\" \/><\/a><\/p>\n<p>Les dues administracions han acordat treballar en la constituci\u00f3 del Consorci Aran\u00e8s de l\u2019Habitatge, que ser\u00e0 l\u2019operador \u00fanic a la Val d\u2019Aran i substituir\u00e0 el model actual de convenis de l\u2019Oficina Local d\u2019Habitatge, que ara mateix no s\u2019adapta a la singularitat del territori. Se\u2019l dotar\u00e0 dels mitjans econ\u00f2mics i t\u00e8cnics necessaris per assolir les l\u00ednies d\u2019acci\u00f3 previstes. A m\u00e9s, ambdues parts s\u2019han comprom\u00e8s a treballar conjuntament per ampliar el parc de lloguer assequible i per inscriure nous solars a la reserva del Pla 50.000, que actualment ja compta amb 666 solars a tota Catalunya.<\/p>\n<p>A l\u2019espera de tancar els \u00faltims detalls del nou model, s\u2019ha acordat prorrogar l\u2019acord de finan\u00e7ament signat el 22 de mar\u00e7 de 2019, que ser\u00e0 provisional fins que entri en vigor el nou model, a principis del 2026.<\/p>\n<p>La Comissi\u00f3 Bilateral ha aprovat tamb\u00e9 la transfer\u00e8ncia addicional del 30% dels ingressos del Fons per al Foment del Turisme provinents dels establiments de la Val d\u2019Aran. Amb aquest nou percentatge, m\u00e9s el 20% que el Conselh ja percep, l\u2019Aran disposar\u00e0 del 50% dels recursos del Fons, mentre que l\u2019altre 50% anir\u00e0 als ajuntaments aranesos.<\/p>\n<p>En mat\u00e8ria cultural, s\u2019ha aprovat la creaci\u00f3 de la Comissi\u00f3 Mixta per a l\u2019actualitzaci\u00f3 de la transfer\u00e8ncia en aquest \u00e0mbit, aix\u00ed com l\u2019impuls d\u2019un Centre Cultural, incloent-hi el canvi de seu de l\u2019Arxiu Hist\u00f2ric, actualment ubicat a Arr\u00f2s i que ja no disposa de m\u00e9s espai; l\u2019estudi de la transfer\u00e8ncia de compet\u00e8ncies en mat\u00e8ria d\u2019arqueologia, i el refor\u00e7 de la cooperaci\u00f3 institucional.<a href=\"https:\/\/www.conselharan.org\/ca\/el-conselh-generau-daran-tramitara-les-declaracions-de-dependencia-i-discapacitat\/bilaterau-3-2\/\" rel=\"attachment wp-att-65372\"><img loading=\"lazy\" decoding=\"async\" class=\"aligncenter size-large wp-image-65372\" src=\"https:\/\/www.conselharan.org\/wp-content\/uploads\/2025\/12\/Bilaterau-3-1024x682.jpg\" alt=\"\" width=\"1024\" height=\"682\" srcset=\"https:\/\/www.conselharan.org\/wp-content\/uploads\/2025\/12\/Bilaterau-3-1024x682.jpg 1024w, https:\/\/www.conselharan.org\/wp-content\/uploads\/2025\/12\/Bilaterau-3-300x200.jpg 300w, https:\/\/www.conselharan.org\/wp-content\/uploads\/2025\/12\/Bilaterau-3-768x512.jpg 768w, https:\/\/www.conselharan.org\/wp-content\/uploads\/2025\/12\/Bilaterau-3-1536x1024.jpg 1536w, https:\/\/www.conselharan.org\/wp-content\/uploads\/2025\/12\/Bilaterau-3.jpg 2000w\" sizes=\"(max-width: 1024px) 100vw, 1024px\" \/><\/a><\/p>\n<p>La sindica d\u2019Aran, Maria Verg\u00e9s, ha valorat molt positivament els resultats de les negociacions amb la Generalitat de Catalunya i els acords assolits en aquesta Comissi\u00f3 Bilateral, i ha reafirmat \u201cel comprom\u00eds del Govern d\u2019Aran per continuar treballant amb lleialtat i respecte institucional per aconseguir el m\u00e0xim desplegament competencial que permeti consolidar l\u2019autogovern aran\u00e8s i, per tant, l\u2019atenci\u00f3 a la ciutadania de l\u2019Aran\u201d.<\/p>\n<p><em>Vielha, 11 de desembre de 2025<\/em><\/p>\n ","protected":false},"excerpt":{"rendered":"<p>En la comissi\u00f3 bilateral Generalitat\u2013Conselh Generau, celebrada aquest mat\u00ed al Palau de la Generalitat, s\u2019ha acordat la transfer\u00e8ncia de noves compet\u00e8ncies en mat\u00e8ria de Drets Socials al Conselh, que a partir de l\u2019any vinent assumir\u00e0 la gesti\u00f3 i la resoluci\u00f3 de les valoracions de discapacitat i depend\u00e8ncia, fet que permetr\u00e0 agilitzar els tr\u00e0mits per a&#8230;<\/p>\n","protected":false},"author":2,"featured_media":65366,"comment_status":"closed","ping_status":"closed","sticky":false,"template":"","format":"standard","meta":{"footnotes":""},"categories":[31,53,33,36],"tags":[],"_links":{"self":[{"href":"https:\/\/www.conselharan.org\/ca\/wp-json\/wp\/v2\/posts\/65361"}],"collection":[{"href":"https:\/\/www.conselharan.org\/ca\/wp-json\/wp\/v2\/posts"}],"about":[{"href":"https:\/\/www.conselharan.org\/ca\/wp-json\/wp\/v2\/types\/post"}],"author":[{"embeddable":true,"href":"https:\/\/www.conselharan.org\/ca\/wp-json\/wp\/v2\/users\/2"}],"replies":[{"embeddable":true,"href":"https:\/\/www.conselharan.org\/ca\/wp-json\/wp\/v2\/comments?post=65361"}],"version-history":[{"count":3,"href":"https:\/\/www.conselharan.org\/ca\/wp-json\/wp\/v2\/posts\/65361\/revisions"}],"predecessor-version":[{"id":65384,"href":"https:\/\/www.conselharan.org\/ca\/wp-json\/wp\/v2\/posts\/65361\/revisions\/65384"}],"wp:featuredmedia":[{"embeddable":true,"href":"https:\/\/www.conselharan.org\/ca\/wp-json\/wp\/v2\/media\/65366"}],"wp:attachment":[{"href":"https:\/\/www.conselharan.org\/ca\/wp-json\/wp\/v2\/media?parent=65361"}],"wp:term":[{"taxonomy":"category","embeddable":true,"href":"https:\/\/www.conselharan.org\/ca\/wp-json\/wp\/v2\/categories?post=65361"},{"taxonomy":"post_tag","embeddable":true,"href":"https:\/\/www.conselharan.org\/ca\/wp-json\/wp\/v2\/tags?post=65361"}],"curies":[{"name":"wp","href":"https:\/\/api.w.org\/{rel}","templated":true}]}}