{"id":65403,"date":"2025-12-12T12:26:39","date_gmt":"2025-12-12T11:26:39","guid":{"rendered":"https:\/\/www.conselharan.org\/?p=65403"},"modified":"2025-12-12T12:26:40","modified_gmt":"2025-12-12T11:26:40","slug":"el-cetei-comenca-una-nova-temporada-esportiva-amb-un-programa-de-tecnificacio-infantil-en-progressio","status":"publish","type":"post","link":"https:\/\/www.conselharan.org\/ca\/el-cetei-comenca-una-nova-temporada-esportiva-amb-un-programa-de-tecnificacio-infantil-en-progressio\/","title":{"rendered":"El CETEI comen\u00e7a una nova temporada esportiva amb un programa de tecnificaci\u00f3 infantil en progressi\u00f3"},"content":{"rendered":"<p><a href=\"https:\/\/www.conselharan.org\/ca\/el-cetei-comenca-una-nova-temporada-esportiva-amb-un-programa-de-tecnificacio-infantil-en-progressio\/img_7498-2\/\" rel=\"attachment wp-att-65390\"><img loading=\"lazy\" decoding=\"async\" class=\"aligncenter size-large wp-image-65390\" src=\"https:\/\/www.conselharan.org\/wp-content\/uploads\/2025\/12\/IMG_7498-1024x1007.jpg\" alt=\"\" width=\"1024\" height=\"1007\" srcset=\"https:\/\/www.conselharan.org\/wp-content\/uploads\/2025\/12\/IMG_7498-1024x1007.jpg 1024w, https:\/\/www.conselharan.org\/wp-content\/uploads\/2025\/12\/IMG_7498-300x295.jpg 300w, https:\/\/www.conselharan.org\/wp-content\/uploads\/2025\/12\/IMG_7498-768x756.jpg 768w, https:\/\/www.conselharan.org\/wp-content\/uploads\/2025\/12\/IMG_7498-1536x1511.jpg 1536w, https:\/\/www.conselharan.org\/wp-content\/uploads\/2025\/12\/IMG_7498-2048x2015.jpg 2048w, https:\/\/www.conselharan.org\/wp-content\/uploads\/2025\/12\/IMG_7498-75x75.jpg 75w\" sizes=\"(max-width: 1024px) 100vw, 1024px\" \/><\/a><\/p>\n<ul>\n<li>\n<h3><strong>El Conselh Generau d\u2019Aran, juntament amb alguns clubs esportius de la Val d\u2019Aran, Baqueira Beret i diverses institucions del territori, inicia un any m\u00e9s el Programa de Tecnificaci\u00f3 Infantil d\u2019Esports d\u2019Hivern i Gel, destinat a joves esportistes de 12 a 16 anys que volen desenvolupar el seu talent en les disciplines d\u2019esqu\u00ed alp\u00ed, esqu\u00ed de fons, snowboard, freestyle, freeride i patinatge sobre gel.<\/strong><\/h3>\n<\/li>\n<\/ul>\n<p>Aquest programa \u00e9s possible gr\u00e0cies a la sinergia entre diversos departaments del Conselh Generau d\u2019Aran, Aran Salut, l\u2019INS d\u2019Aran, l\u2019Ajuntament de Vielha, els clubs aranesi i Baqueira Beret. Una feina compartida que permet compaginar la formaci\u00f3 esportiva amb un acompanyament acad\u00e8mic per garantir un model formatiu dual centrat en la persona.<\/p>\n<p>Aquesta setmana han comen\u00e7at les sessions de neu i treball f\u00edsic, mentre que els grups de gel ja fa alguns dies que van iniciar els entrenaments, perqu\u00e8 la seva activitat no dep\u00e8n de les condicions de la neu. Els joves esportistes treballen segons el programa anual elaborat pel seu club de refer\u00e8ncia, amb seguiment constant entre els t\u00e8cnics i l\u2019equip del CETEI.<\/p>\n<p><strong>Novetats importants per a la temporada 2025\/26<\/strong><\/p>\n<p>Un dels grans aven\u00e7os d\u2019enguany \u00e9s el servei de transport a les pistes, gr\u00e0cies en part a la Beca SpainSnow <strong>(<\/strong><a href=\"https:\/\/www.conselharan.org\/eth-cetei-val-daran-reconeishut-damb-ua-beca-dera-fondacion-spainsnow\/)\"><strong>https:\/\/www.conselharan.org\/eth-cetei-val-daran-reconeishut-damb-ua-beca-dera-fondacion-spainsnow\/)<\/strong><\/a> atorgada per la RFEDI al projecte del CETEI sobre sostenibilitat i reducci\u00f3 de despla\u00e7aments. Aquest nou transport col\u00b7lectiu permet:<\/p>\n<p>Reduir la petjada de carboni<\/p>\n<p>Fomentar la conviv\u00e8ncia i la cohesi\u00f3 del grup<\/p>\n<p>Garantir un acc\u00e9s segur i eficient a les pistes per als entrenaments<a href=\"https:\/\/www.conselharan.org\/ca\/el-cetei-comenca-una-nova-temporada-esportiva-amb-un-programa-de-tecnificacio-infantil-en-progressio\/img_7470-2\/\" rel=\"attachment wp-att-65393\"><img loading=\"lazy\" decoding=\"async\" class=\"aligncenter size-large wp-image-65393\" src=\"https:\/\/www.conselharan.org\/wp-content\/uploads\/2025\/12\/IMG_7470-768x1024.jpg\" alt=\"\" width=\"768\" height=\"1024\" srcset=\"https:\/\/www.conselharan.org\/wp-content\/uploads\/2025\/12\/IMG_7470-768x1024.jpg 768w, https:\/\/www.conselharan.org\/wp-content\/uploads\/2025\/12\/IMG_7470-225x300.jpg 225w, https:\/\/www.conselharan.org\/wp-content\/uploads\/2025\/12\/IMG_7470-1152x1536.jpg 1152w, https:\/\/www.conselharan.org\/wp-content\/uploads\/2025\/12\/IMG_7470-1536x2048.jpg 1536w, https:\/\/www.conselharan.org\/wp-content\/uploads\/2025\/12\/IMG_7470-scaled.jpg 1920w\" sizes=\"(max-width: 768px) 100vw, 768px\" \/><\/a><\/p>\n<p>Tamb\u00e9 s\u2019ha implementat una millora important en el servei de menjador, gr\u00e0cies a la col\u00b7laboraci\u00f3 de l\u2019Escola Garona, que ha cedit espai perqu\u00e8 els esportistes puguin disposar d\u2019un \u00e0pat calent abans de tornar a la part acad\u00e8mica de la tarda a l\u2019INS d\u2019Aran, on es refor\u00e7a la seva formaci\u00f3 curricular amb sessions de les diferents mat\u00e8ries.<a href=\"https:\/\/www.conselharan.org\/ca\/el-cetei-comenca-una-nova-temporada-esportiva-amb-un-programa-de-tecnificacio-infantil-en-progressio\/img_7496-2\/\" rel=\"attachment wp-att-65396\"><img loading=\"lazy\" decoding=\"async\" class=\"aligncenter size-large wp-image-65396\" src=\"https:\/\/www.conselharan.org\/wp-content\/uploads\/2025\/12\/IMG_7496-1024x935.jpg\" alt=\"\" width=\"1024\" height=\"935\" srcset=\"https:\/\/www.conselharan.org\/wp-content\/uploads\/2025\/12\/IMG_7496-1024x935.jpg 1024w, https:\/\/www.conselharan.org\/wp-content\/uploads\/2025\/12\/IMG_7496-300x274.jpg 300w, https:\/\/www.conselharan.org\/wp-content\/uploads\/2025\/12\/IMG_7496-768x701.jpg 768w, https:\/\/www.conselharan.org\/wp-content\/uploads\/2025\/12\/IMG_7496-1536x1403.jpg 1536w, https:\/\/www.conselharan.org\/wp-content\/uploads\/2025\/12\/IMG_7496-2048x1871.jpg 2048w\" sizes=\"(max-width: 1024px) 100vw, 1024px\" \/><\/a><\/p>\n<p><strong>Un programa que avan\u00e7a amb el territori<\/strong><\/p>\n<p>El Conselh Generau d\u2019Aran vol destacar la funci\u00f3 clau de la Comissi\u00f3 T\u00e8cnica del Programa, formada pel personal del CETEI i pels directors t\u00e8cnics dels clubs: CAEI, Copos Ski Club, AISC, MAC, Emotion, The Valley, CEVA i CEGVA. La seva experi\u00e8ncia i visi\u00f3 s\u00f3n fonamentals per definir estrat\u00e8gies, prioritats i necessitats del programa i dels esportistes.<\/p>\n<p>Des de la direcci\u00f3 del CETEI s\u2019encoratja tant esportistes com t\u00e8cnics a treballar amb const\u00e0ncia, il\u00b7lusi\u00f3 i comprom\u00eds, amb l\u2019esperan\u00e7a que aquesta temporada aporti grans resultats i progressos col\u00b7lectius per a tots els participants i per a la Val d\u2019Aran.<a href=\"https:\/\/www.conselharan.org\/ca\/el-cetei-comenca-una-nova-temporada-esportiva-amb-un-programa-de-tecnificacio-infantil-en-progressio\/img_7551-2\/\" rel=\"attachment wp-att-65399\"><img loading=\"lazy\" decoding=\"async\" class=\"aligncenter size-large wp-image-65399\" src=\"https:\/\/www.conselharan.org\/wp-content\/uploads\/2025\/12\/IMG_7551-768x1024.jpg\" alt=\"\" width=\"768\" height=\"1024\" srcset=\"https:\/\/www.conselharan.org\/wp-content\/uploads\/2025\/12\/IMG_7551-768x1025.jpg 768w, https:\/\/www.conselharan.org\/wp-content\/uploads\/2025\/12\/IMG_7551-225x300.jpg 225w, https:\/\/www.conselharan.org\/wp-content\/uploads\/2025\/12\/IMG_7551-1151x1536.jpg 1151w, https:\/\/www.conselharan.org\/wp-content\/uploads\/2025\/12\/IMG_7551.jpg 1170w\" sizes=\"(max-width: 768px) 100vw, 768px\" \/><\/a><\/p>\n<p>El Centre Especialitzat en Tecnificaci\u00f3 d\u2019Esports d\u2019Hivern (CETEI) i tots els seus agents estan compromesos amb el desenvolupament del talent jove i amb la promoci\u00f3 dels esports d\u2019hivern com un dels pilars identitaris de la nostra Val.<\/p>\n<p><em>Vielha, 12 de desembre 2025<\/em><\/p>\n ","protected":false},"excerpt":{"rendered":"<p>El Conselh Generau d\u2019Aran, juntament amb alguns clubs esportius de la Val d\u2019Aran, Baqueira Beret i diverses institucions del territori, inicia un any m\u00e9s el Programa de Tecnificaci\u00f3 Infantil d\u2019Esports d\u2019Hivern i Gel, destinat a joves esportistes de 12 a 16 anys que volen desenvolupar el seu talent en les disciplines d\u2019esqu\u00ed alp\u00ed, esqu\u00ed de&#8230;<\/p>\n","protected":false},"author":2,"featured_media":65390,"comment_status":"closed","ping_status":"closed","sticky":false,"template":"","format":"standard","meta":{"footnotes":""},"categories":[31,136,53,33,36],"tags":[],"_links":{"self":[{"href":"https:\/\/www.conselharan.org\/ca\/wp-json\/wp\/v2\/posts\/65403"}],"collection":[{"href":"https:\/\/www.conselharan.org\/ca\/wp-json\/wp\/v2\/posts"}],"about":[{"href":"https:\/\/www.conselharan.org\/ca\/wp-json\/wp\/v2\/types\/post"}],"author":[{"embeddable":true,"href":"https:\/\/www.conselharan.org\/ca\/wp-json\/wp\/v2\/users\/2"}],"replies":[{"embeddable":true,"href":"https:\/\/www.conselharan.org\/ca\/wp-json\/wp\/v2\/comments?post=65403"}],"version-history":[{"count":2,"href":"https:\/\/www.conselharan.org\/ca\/wp-json\/wp\/v2\/posts\/65403\/revisions"}],"predecessor-version":[{"id":65405,"href":"https:\/\/www.conselharan.org\/ca\/wp-json\/wp\/v2\/posts\/65403\/revisions\/65405"}],"wp:featuredmedia":[{"embeddable":true,"href":"https:\/\/www.conselharan.org\/ca\/wp-json\/wp\/v2\/media\/65390"}],"wp:attachment":[{"href":"https:\/\/www.conselharan.org\/ca\/wp-json\/wp\/v2\/media?parent=65403"}],"wp:term":[{"taxonomy":"category","embeddable":true,"href":"https:\/\/www.conselharan.org\/ca\/wp-json\/wp\/v2\/categories?post=65403"},{"taxonomy":"post_tag","embeddable":true,"href":"https:\/\/www.conselharan.org\/ca\/wp-json\/wp\/v2\/tags?post=65403"}],"curies":[{"name":"wp","href":"https:\/\/api.w.org\/{rel}","templated":true}]}}