{"id":65418,"date":"2025-12-13T19:05:07","date_gmt":"2025-12-13T18:05:07","guid":{"rendered":"https:\/\/www.conselharan.org\/?p=65418"},"modified":"2025-12-13T19:05:08","modified_gmt":"2025-12-13T18:05:08","slug":"el-conselh-generau-daran-inverteix-en-la-millora-del-refugi-de-colomers-per-augmentar-la-sostenibilitat-i-la-seguretat-dels-equipaments-de-muntanya","status":"publish","type":"post","link":"https:\/\/www.conselharan.org\/ca\/el-conselh-generau-daran-inverteix-en-la-millora-del-refugi-de-colomers-per-augmentar-la-sostenibilitat-i-la-seguretat-dels-equipaments-de-muntanya\/","title":{"rendered":"El Conselh Generau d\u2019Aran inverteix en la millora del refugi de Colom\u00e8rs per augmentar la sostenibilitat i la seguretat dels equipaments de muntanya"},"content":{"rendered":"<p><a href=\"https:\/\/www.conselharan.org\/ca\/el-conselh-generau-daran-inverteix-en-la-millora-del-refugi-de-colomers-per-augmentar-la-sostenibilitat-i-la-seguretat-dels-equipaments-de-muntanya\/7059188e-e1c5-4e33-8412-a5171b4debe5-2\/\" rel=\"attachment wp-att-65414\"><img loading=\"lazy\" decoding=\"async\" class=\"aligncenter size-large wp-image-65414\" src=\"https:\/\/www.conselharan.org\/wp-content\/uploads\/2025\/12\/7059188e-e1c5-4e33-8412-a5171b4debe5-768x1024.jpg\" alt=\"\" width=\"768\" height=\"1024\" srcset=\"https:\/\/www.conselharan.org\/wp-content\/uploads\/2025\/12\/7059188e-e1c5-4e33-8412-a5171b4debe5-768x1024.jpg 768w, https:\/\/www.conselharan.org\/wp-content\/uploads\/2025\/12\/7059188e-e1c5-4e33-8412-a5171b4debe5-225x300.jpg 225w, https:\/\/www.conselharan.org\/wp-content\/uploads\/2025\/12\/7059188e-e1c5-4e33-8412-a5171b4debe5-1152x1536.jpg 1152w, https:\/\/www.conselharan.org\/wp-content\/uploads\/2025\/12\/7059188e-e1c5-4e33-8412-a5171b4debe5.jpg 1200w\" sizes=\"(max-width: 768px) 100vw, 768px\" \/><\/a><\/p>\n<p>El Conselh Generau d\u2019Aran fa un pas m\u00e9s en la preservaci\u00f3 i millora dels equipaments de mitja i alta muntanya amb una inversi\u00f3 destinada a la millora de les portes del refugi de Colom\u00e8rs. Aquesta acci\u00f3 t\u00e9 com a objectiu refor\u00e7ar la seguretat, afavorir l\u2019efici\u00e8ncia energ\u00e8tica i convertir les instal\u00b7lacions en un espai m\u00e9s sostenible i adaptat a les condicions clim\u00e0tiques del territori.<\/p>\n<p>Aquesta inversi\u00f3 s\u2019inscriu en la voluntat ferma del Govern d\u2019Aran de conservar i refor\u00e7ar l\u2019immens patrimoni natural i les infraestructures que representen els refugis pirinencs, una pe\u00e7a clau per garantir l\u2019acc\u00e9s segur a la muntanya i fomentar un turisme responsable.<\/p>\n<p>Part d\u2019aquesta inversi\u00f3 \u00e9s possible gr\u00e0cies al projecte <strong>DESIR-POCTEFA<\/strong>, adre\u00e7at a la millora de la connexi\u00f3, la gesti\u00f3 i la sostenibilitat dels refugis pirinencs. En aquest context s\u2019inclou la intervenci\u00f3 destinada a millorar el desenvolupament econ\u00f2mic i responsable dels refugis del Pirineu dins del projecte POCTEFA DESIR. Tota la informaci\u00f3 oficial del projecte es pot consultar a: www.poctefa-desir.com.<\/p>\n<p>L\u2019equipament renovat permetr\u00e0 un millor a\u00efllament, un consum energ\u00e8tic m\u00e9s eficient i un entorn m\u00e9s segur i confortable per als usuaris i treballadors, contribuint aix\u00ed a l\u2019objectiu com\u00fa de preservar la muntanya com un espai viu, segur i plenament integrat en les estrat\u00e8gies de sostenibilitat del territori.<\/p>\n<p>El Conselh Generau d\u2019Aran continuar\u00e0 treballant per millorar i modernitzar els refugis de la Val d\u2019Aran, per garantir que aquests equipaments estrat\u00e8gics continu\u00efn formant part d\u2019un patrimoni natural i cultural que defineix la nostra identitat col\u00b7lectiva.<\/p>\n<p>#ValdAran #ConselhGenerau #RefugiDeColom\u00e8rs #Muntanya #Sostenibilitat #POCTEFA #DESIR #TurismeResponsable<\/p>\n<p><em>Vielha, 13 de desembre de 2025<\/em><\/p>\n ","protected":false},"excerpt":{"rendered":"<p>El Conselh Generau d\u2019Aran fa un pas m\u00e9s en la preservaci\u00f3 i millora dels equipaments de mitja i alta muntanya amb una inversi\u00f3 destinada a la millora de les portes del refugi de Colom\u00e8rs. Aquesta acci\u00f3 t\u00e9 com a objectiu refor\u00e7ar la seguretat, afavorir l\u2019efici\u00e8ncia energ\u00e8tica i convertir les instal\u00b7lacions en un espai m\u00e9s sostenible&#8230;<\/p>\n","protected":false},"author":2,"featured_media":65414,"comment_status":"closed","ping_status":"closed","sticky":false,"template":"","format":"standard","meta":{"footnotes":""},"categories":[31,136,53,127,33,36],"tags":[],"_links":{"self":[{"href":"https:\/\/www.conselharan.org\/ca\/wp-json\/wp\/v2\/posts\/65418"}],"collection":[{"href":"https:\/\/www.conselharan.org\/ca\/wp-json\/wp\/v2\/posts"}],"about":[{"href":"https:\/\/www.conselharan.org\/ca\/wp-json\/wp\/v2\/types\/post"}],"author":[{"embeddable":true,"href":"https:\/\/www.conselharan.org\/ca\/wp-json\/wp\/v2\/users\/2"}],"replies":[{"embeddable":true,"href":"https:\/\/www.conselharan.org\/ca\/wp-json\/wp\/v2\/comments?post=65418"}],"version-history":[{"count":2,"href":"https:\/\/www.conselharan.org\/ca\/wp-json\/wp\/v2\/posts\/65418\/revisions"}],"predecessor-version":[{"id":65420,"href":"https:\/\/www.conselharan.org\/ca\/wp-json\/wp\/v2\/posts\/65418\/revisions\/65420"}],"wp:featuredmedia":[{"embeddable":true,"href":"https:\/\/www.conselharan.org\/ca\/wp-json\/wp\/v2\/media\/65414"}],"wp:attachment":[{"href":"https:\/\/www.conselharan.org\/ca\/wp-json\/wp\/v2\/media?parent=65418"}],"wp:term":[{"taxonomy":"category","embeddable":true,"href":"https:\/\/www.conselharan.org\/ca\/wp-json\/wp\/v2\/categories?post=65418"},{"taxonomy":"post_tag","embeddable":true,"href":"https:\/\/www.conselharan.org\/ca\/wp-json\/wp\/v2\/tags?post=65418"}],"curies":[{"name":"wp","href":"https:\/\/api.w.org\/{rel}","templated":true}]}}