{"id":6545,"date":"2015-03-04T15:21:20","date_gmt":"2015-03-04T14:21:20","guid":{"rendered":"http:\/\/www.conselharan.org\/?p=6545"},"modified":"2015-03-04T15:21:20","modified_gmt":"2015-03-04T14:21:20","slug":"2a-cursa-de-la-dona-organitzada-des-del-servei-dinformacio-i-atencio-a-la-dona-del-conselh-generau-daran","status":"publish","type":"post","link":"https:\/\/www.conselharan.org\/ca\/2a-cursa-de-la-dona-organitzada-des-del-servei-dinformacio-i-atencio-a-la-dona-del-conselh-generau-daran\/","title":{"rendered":"2a Cursa de la Dona organitzada des del Servei d\u2019Informaci\u00f3 i Atenci\u00f3 a la Dona del Conselh Generau d\u2019Aran"},"content":{"rendered":"<p>\u2022<strong> Per commemorar el Dia Internacional de la Dona, per l\u2019 igualtat d\u2019oportunitats, el Servei d\u2019Informaci\u00f3 i Atenci\u00f3 a la Dona (SIAH) del Conselh Generau d\u2019Aran ha organitzat diverses actes.<\/strong><\/p>\n<p><a href=\"http:\/\/www.conselharan.org\/wp-content\/uploads\/2015\/03\/CARTEL-2AU-CORSA-DERA-HEMNA.jpg\"><img loading=\"lazy\" decoding=\"async\" class=\"aligncenter size-large wp-image-6543\" alt=\"CARTEL 2AU CORSA DERA HEMNA\" src=\"http:\/\/www.conselharan.org\/wp-content\/uploads\/2015\/03\/CARTEL-2AU-CORSA-DERA-HEMNA-724x1024.jpg\" width=\"724\" height=\"1024\" srcset=\"https:\/\/www.conselharan.org\/wp-content\/uploads\/2015\/03\/CARTEL-2AU-CORSA-DERA-HEMNA-724x1024.jpg 724w, https:\/\/www.conselharan.org\/wp-content\/uploads\/2015\/03\/CARTEL-2AU-CORSA-DERA-HEMNA-212x300.jpg 212w\" sizes=\"(max-width: 724px) 100vw, 724px\" \/><\/a><\/p>\n<p>&nbsp;<\/p>\n<p>Les Nacions Unides van declarar el 8 de mar\u00e7 com Dia Internacional de les Dones, una commemoraci\u00f3 que es celebra arreu del m\u00f3n. Per commemorar aquest dia, des del Servei d\u2019Informaci\u00f3 i Atenci\u00f3 a la Dona (SIAH) del Conselh Generau d\u2019Aran s\u2019han organitzat diversos actes:<\/p>\n<p>&#8211; <strong>Dissabte, 7 de mar\u00e7, de 17h00 a 20h00:<\/strong> Entrega de les samarretes i dels dorsals per la 2a Cursa de la dona. Pendent la tarda s\u2019oferir\u00e0 xocolata. Lloc: Pla\u00e7a del Conselh Generau d\u2019Aran (monument a la Llengua). Vielha.<\/p>\n<p>&#8211; <strong>Diumenge, dia 8 de mar\u00e7, a partir de les 11h00:<\/strong> Lectura del manifest en commemoraci\u00f3 al dia de la Dona, a c\u00e0rrec del conselh\u00e8r de Salut i Benestar d\u2019Aran, <strong>Eduardo Valdecantos.<\/strong> La lectura donar\u00e0 el tret de sortida a la 2a Cursa de la Dona que es desenvolupar\u00e0 pel poble de Vielha. Lloc: Pla\u00e7a del Conselh Generau d\u2019Aran (monument a la Llengua). Vielha.<\/p>\n<p><strong>La cursa de la dona \u00e9s possible gr\u00e0cies a l&#8217;ajuda i a l&#8217;entusiasme del Club Atl\u00e8tic Val d\u2019Aran (CAVA), experts al m\u00f3n de l&#8217;esport, amb la col\u2022laboraci\u00f3 de l&#8217;Ajuntament de Vielha i Mijaran, dels Volentaris d\u2019Aran, i de l&#8217;Institut Catal\u00e0 de les Dones de la Generalitat de Catalunya.<\/strong><\/p>\n ","protected":false},"excerpt":{"rendered":"<p>\u2022 Per commemorar el Dia Internacional de la Dona, per l\u2019 igualtat d\u2019oportunitats, el Servei d\u2019Informaci\u00f3 i Atenci\u00f3 a la Dona (SIAH) del Conselh Generau d\u2019Aran ha organitzat diverses actes. &nbsp; Les Nacions Unides van declarar el 8 de mar\u00e7 com Dia Internacional de les Dones, una commemoraci\u00f3 que es celebra arreu del m\u00f3n. Per&#8230;<\/p>\n","protected":false},"author":2,"featured_media":6543,"comment_status":"closed","ping_status":"closed","sticky":false,"template":"","format":"standard","meta":{"footnotes":""},"categories":[31,33,36],"tags":[],"_links":{"self":[{"href":"https:\/\/www.conselharan.org\/ca\/wp-json\/wp\/v2\/posts\/6545"}],"collection":[{"href":"https:\/\/www.conselharan.org\/ca\/wp-json\/wp\/v2\/posts"}],"about":[{"href":"https:\/\/www.conselharan.org\/ca\/wp-json\/wp\/v2\/types\/post"}],"author":[{"embeddable":true,"href":"https:\/\/www.conselharan.org\/ca\/wp-json\/wp\/v2\/users\/2"}],"replies":[{"embeddable":true,"href":"https:\/\/www.conselharan.org\/ca\/wp-json\/wp\/v2\/comments?post=6545"}],"version-history":[{"count":1,"href":"https:\/\/www.conselharan.org\/ca\/wp-json\/wp\/v2\/posts\/6545\/revisions"}],"predecessor-version":[{"id":6546,"href":"https:\/\/www.conselharan.org\/ca\/wp-json\/wp\/v2\/posts\/6545\/revisions\/6546"}],"wp:featuredmedia":[{"embeddable":true,"href":"https:\/\/www.conselharan.org\/ca\/wp-json\/wp\/v2\/media\/6543"}],"wp:attachment":[{"href":"https:\/\/www.conselharan.org\/ca\/wp-json\/wp\/v2\/media?parent=6545"}],"wp:term":[{"taxonomy":"category","embeddable":true,"href":"https:\/\/www.conselharan.org\/ca\/wp-json\/wp\/v2\/categories?post=6545"},{"taxonomy":"post_tag","embeddable":true,"href":"https:\/\/www.conselharan.org\/ca\/wp-json\/wp\/v2\/tags?post=6545"}],"curies":[{"name":"wp","href":"https:\/\/api.w.org\/{rel}","templated":true}]}}