{"id":6627,"date":"2015-03-09T15:29:40","date_gmt":"2015-03-09T14:29:40","guid":{"rendered":"http:\/\/www.conselharan.org\/?p=6627"},"modified":"2015-03-09T15:29:40","modified_gmt":"2015-03-09T14:29:40","slug":"la-val-daran-y-baqueira-beret-acullen-la-62-trobada-internacional-del-scij","status":"publish","type":"post","link":"https:\/\/www.conselharan.org\/ca\/la-val-daran-y-baqueira-beret-acullen-la-62-trobada-internacional-del-scij\/","title":{"rendered":"La Val d\u2019Aran y Baqueira Beret acullen la 62 Trobada Internacional del SCIJ"},"content":{"rendered":"<p>\u2022 <strong>Vielha celebra l&#8217;acte inaugural amb l&#8217;assist\u00e8ncia dels equips de tots els pa\u00efsos participants<\/strong><\/p>\n<p><strong>\u2022 Del 7 al 14 de mar\u00e7 l&#8217;estaci\u00f3 d&#8217;esqu\u00ed aranesa, Baqueira Beret, reunir\u00e0 a 220 periodistes de m\u00e9s de 32 pa\u00efsos.<\/strong><\/p>\n<p><strong>\u2022 Es tracta d&#8217;un esdeveniment internacional de gran magnitud que brinda l&#8217;oportunitat de donar a con\u00e8ixer la cultura i el patrimoni de la Val d\u2019Aran.<\/strong><\/p>\n<p><strong>\u2022 El SCIJ compta amb m\u00e9s de 2.000 socis periodistes de 46 pa\u00efsos<\/strong><\/p>\n<p><a href=\"http:\/\/www.conselharan.org\/wp-content\/uploads\/2015\/03\/SCIJ_DANCES.jpg\"><img loading=\"lazy\" decoding=\"async\" class=\"aligncenter size-large wp-image-6624\" alt=\"SCIJ_DANCES\" src=\"http:\/\/www.conselharan.org\/wp-content\/uploads\/2015\/03\/SCIJ_DANCES-1024x685.jpg\" width=\"1024\" height=\"685\" srcset=\"https:\/\/www.conselharan.org\/wp-content\/uploads\/2015\/03\/SCIJ_DANCES-1024x685.jpg 1024w, https:\/\/www.conselharan.org\/wp-content\/uploads\/2015\/03\/SCIJ_DANCES-300x200.jpg 300w\" sizes=\"(max-width: 1024px) 100vw, 1024px\" \/><\/a><\/p>\n<p>Ahir, dia 8 de mar\u00e7, va tenir lloc a Vielha l&#8217;acte inaugural de la 62 Trobada Internacional de Periodistes del SCIJ (Ski Club International des Journalistes) que tindr\u00e0 lloc aquesta setmana, del 7 al 14 de mar\u00e7, i on 220 periodistes de m\u00e9s de 32 pa\u00efsos i de totes les disciplines (esport, cultura, economia, societat, pol\u00edtica, etc.) es donen cita a la Val d\u2019Aran.<\/p>\n<p>Aquest esdeveniment, que se celebra des de 1955, s&#8217;organitza cada any en un pa\u00eds diferent i aquest any, per tercera vegada en la hist\u00f2ria, t\u00e9 lloc en l&#8217;estaci\u00f3 aranesa de Baqueira Beret, coincidint amb el 50 aniversari de l&#8217;estaci\u00f3.<\/p>\n<p><a href=\"http:\/\/www.conselharan.org\/wp-content\/uploads\/2015\/03\/SCIJ_MM.jpg\"><img loading=\"lazy\" decoding=\"async\" class=\"aligncenter size-large wp-image-6625\" alt=\"SCIJ_MM\" src=\"http:\/\/www.conselharan.org\/wp-content\/uploads\/2015\/03\/SCIJ_MM-1024x587.jpg\" width=\"1024\" height=\"587\" srcset=\"https:\/\/www.conselharan.org\/wp-content\/uploads\/2015\/03\/SCIJ_MM-1024x587.jpg 1024w, https:\/\/www.conselharan.org\/wp-content\/uploads\/2015\/03\/SCIJ_MM-300x172.jpg 300w, https:\/\/www.conselharan.org\/wp-content\/uploads\/2015\/03\/SCIJ_MM-305x175.jpg 305w\" sizes=\"(max-width: 1024px) 100vw, 1024px\" \/><\/a><\/p>\n<p>&nbsp;<\/p>\n<p>Els participants podran gaudir durant aquesta setmana d&#8217;unes excel\u2022lents condicions per a la pr\u00e0ctica de l&#8217;esqu\u00ed, els serveis d&#8217;una de les millors estacions del m\u00f3n com \u00e9s Baqueira Beret i tamb\u00e9, organitzades per Foment de Torisme Val d&#8217;Aran, de visites guiades per fer una aproximaci\u00f3 al rom\u00e0nic de la vall, la cultura aranesa, les tradicions i per descomptat la gastronomia i el comer\u00e7 de la Val d&#8217;Aran.<\/p>\n<p>El SCIJ compta amb m\u00e9s de 2.000 periodistes en 46 pa\u00efsos i des de 1955 la Trobada mai ha fallat ni una vegada.<\/p>\n<p>La inauguraci\u00f3 va comptar amb la pres\u00e8ncia de la conselh\u00e8ra de Turisme, Comer\u00e7 i Consum d&#8217;Aran, <strong>Anna D\u00edaz,<\/strong> l&#8217;alcalde de Vielha e Mijaran, <strong>\u00c1lex Moga<\/strong>, el sotsdirector comercial de Baqueira Beret, <strong>Xavi Ubeira<\/strong>, el president del SCIJ Internacional,<strong> Frederick Wallace<\/strong> i el president del SCIJ Espanya, <strong>Goyo Prados.<\/strong><\/p>\n<p>Els organitzadors d&#8217;aquest important esdeveniment internacional s\u00f3n Baqueira Beret, l&#8217;Ajuntament de Naut Aran i el Conselh Generau d&#8217;Aran. Tamb\u00e9 han col\u2022laborat l\u2019Ajuntament de Vielha e Mijaran, l&#8217;Ag\u00e8ncia Catalana de Turisme, el Patronat de la Diputaci\u00f3 de Lleida i Turisme de Barcelona.<\/p>\n<p>M\u00e9s informaci\u00f3:<\/p>\n<p><strong><a href=\"http:\/\/www.scij.info\" target=\"_blank\">www.scij.info<\/a><\/strong><\/p>\n<p><a href=\"http:\/\/www.baqueirascij2015.com\" target=\"_blank\"><strong> www.baqueirascij2015.com<\/strong><\/a><\/p>\n ","protected":false},"excerpt":{"rendered":"<p>\u2022 Vielha celebra l&#8217;acte inaugural amb l&#8217;assist\u00e8ncia dels equips de tots els pa\u00efsos participants \u2022 Del 7 al 14 de mar\u00e7 l&#8217;estaci\u00f3 d&#8217;esqu\u00ed aranesa, Baqueira Beret, reunir\u00e0 a 220 periodistes de m\u00e9s de 32 pa\u00efsos. \u2022 Es tracta d&#8217;un esdeveniment internacional de gran magnitud que brinda l&#8217;oportunitat de donar a con\u00e8ixer la cultura i el&#8230;<\/p>\n","protected":false},"author":2,"featured_media":6624,"comment_status":"closed","ping_status":"closed","sticky":false,"template":"","format":"standard","meta":{"footnotes":""},"categories":[31,33,36],"tags":[],"_links":{"self":[{"href":"https:\/\/www.conselharan.org\/ca\/wp-json\/wp\/v2\/posts\/6627"}],"collection":[{"href":"https:\/\/www.conselharan.org\/ca\/wp-json\/wp\/v2\/posts"}],"about":[{"href":"https:\/\/www.conselharan.org\/ca\/wp-json\/wp\/v2\/types\/post"}],"author":[{"embeddable":true,"href":"https:\/\/www.conselharan.org\/ca\/wp-json\/wp\/v2\/users\/2"}],"replies":[{"embeddable":true,"href":"https:\/\/www.conselharan.org\/ca\/wp-json\/wp\/v2\/comments?post=6627"}],"version-history":[{"count":1,"href":"https:\/\/www.conselharan.org\/ca\/wp-json\/wp\/v2\/posts\/6627\/revisions"}],"predecessor-version":[{"id":6628,"href":"https:\/\/www.conselharan.org\/ca\/wp-json\/wp\/v2\/posts\/6627\/revisions\/6628"}],"wp:featuredmedia":[{"embeddable":true,"href":"https:\/\/www.conselharan.org\/ca\/wp-json\/wp\/v2\/media\/6624"}],"wp:attachment":[{"href":"https:\/\/www.conselharan.org\/ca\/wp-json\/wp\/v2\/media?parent=6627"}],"wp:term":[{"taxonomy":"category","embeddable":true,"href":"https:\/\/www.conselharan.org\/ca\/wp-json\/wp\/v2\/categories?post=6627"},{"taxonomy":"post_tag","embeddable":true,"href":"https:\/\/www.conselharan.org\/ca\/wp-json\/wp\/v2\/tags?post=6627"}],"curies":[{"name":"wp","href":"https:\/\/api.w.org\/{rel}","templated":true}]}}