{"id":66355,"date":"2026-03-10T13:19:19","date_gmt":"2026-03-10T12:19:19","guid":{"rendered":"https:\/\/www.conselharan.org\/?p=66355"},"modified":"2026-03-10T13:19:19","modified_gmt":"2026-03-10T12:19:19","slug":"el-govern-daran-inicia-un-torn-de-visites-als-pobles-aranesos","status":"publish","type":"post","link":"https:\/\/www.conselharan.org\/ca\/el-govern-daran-inicia-un-torn-de-visites-als-pobles-aranesos\/","title":{"rendered":"El Govern d\u2019Aran inicia un torn de visites als pobles aranesos"},"content":{"rendered":"<ul>\n<li>\n<h3><strong><a href=\"https:\/\/www.conselharan.org\/ca\/el-govern-daran-inicia-un-torn-de-visites-als-pobles-aranesos\/ronda-visita-betren-2\/\" rel=\"attachment wp-att-66350\"><img loading=\"lazy\" decoding=\"async\" class=\"aligncenter size-large wp-image-66350\" src=\"https:\/\/www.conselharan.org\/wp-content\/uploads\/2026\/03\/Ronda-Visita-Betren-1024x768.jpeg\" alt=\"\" width=\"1024\" height=\"768\" srcset=\"https:\/\/www.conselharan.org\/wp-content\/uploads\/2026\/03\/Ronda-Visita-Betren-1024x768.jpeg 1024w, https:\/\/www.conselharan.org\/wp-content\/uploads\/2026\/03\/Ronda-Visita-Betren-300x225.jpeg 300w, https:\/\/www.conselharan.org\/wp-content\/uploads\/2026\/03\/Ronda-Visita-Betren-768x576.jpeg 768w, https:\/\/www.conselharan.org\/wp-content\/uploads\/2026\/03\/Ronda-Visita-Betren-1536x1152.jpeg 1536w, https:\/\/www.conselharan.org\/wp-content\/uploads\/2026\/03\/Ronda-Visita-Betren-2048x1536.jpeg 2048w\" sizes=\"(max-width: 1024px) 100vw, 1024px\" \/><\/a>Sota el nom \u201cParlam d\u2019Aran. Parlam de tu\u201d, la s\u00edndica d\u2019Aran, Maria Verg\u00e9s, acompanyada pels consellers i conselleres de govern, visitar\u00e0 tots els pobles de la Val d\u2019Aran per presentar la feina duta a terme pel Conselh Generau d\u2019Aran, aix\u00ed com per escoltar i donar resposta a la ciutadania aranesa en aquests actes oberts a tothom.<\/strong><\/h3>\n<\/li>\n<\/ul>\n<p>&nbsp;<\/p>\n<p>El Govern d\u2019Aran ha comen\u00e7at un torn de visites als pobles de la <strong>Val d\u2019Aran<\/strong> per reunir-se amb els ve\u00efns i ve\u00efnes i presentar-los els aven\u00e7os m\u00e9s destacats de l\u2019acci\u00f3 de govern, aix\u00ed com per establir un canal de comunicaci\u00f3 directa amb la ciutadania i con\u00e8ixer les impressions, opinions i dubtes que puguin plantejar.<\/p>\n<p>\u201cAmb aquestes visites pretenem donar transpar\u00e8ncia a la ciutadania pel que fa a la feina del <strong>Conselh Generau d\u2019Aran<\/strong>, aix\u00ed com obrir un espai per a la participaci\u00f3 i la comunicaci\u00f3 entre govern i ve\u00efns i ve\u00efnes\u201d, explicava la s\u00edndica d\u2019Aran.<\/p>\n<p>La ronda de trobades ha comen\u00e7at avui al poble de <strong>Betren<\/strong> i progressivament s\u2019informar\u00e0 amb antelaci\u00f3 sobre el calendari de visites a cada poble.<\/p>\n<p><em>Vielha, 10 de mar\u00e7 de 2026<\/em><\/p>\n ","protected":false},"excerpt":{"rendered":"<p>Sota el nom \u201cParlam d\u2019Aran. Parlam de tu\u201d, la s\u00edndica d\u2019Aran, Maria Verg\u00e9s, acompanyada pels consellers i conselleres de govern, visitar\u00e0 tots els pobles de la Val d\u2019Aran per presentar la feina duta a terme pel Conselh Generau d\u2019Aran, aix\u00ed com per escoltar i donar resposta a la ciutadania aranesa en aquests actes oberts a&#8230;<\/p>\n","protected":false},"author":2,"featured_media":66350,"comment_status":"closed","ping_status":"closed","sticky":false,"template":"","format":"standard","meta":{"footnotes":""},"categories":[31,53,33,36],"tags":[],"_links":{"self":[{"href":"https:\/\/www.conselharan.org\/ca\/wp-json\/wp\/v2\/posts\/66355"}],"collection":[{"href":"https:\/\/www.conselharan.org\/ca\/wp-json\/wp\/v2\/posts"}],"about":[{"href":"https:\/\/www.conselharan.org\/ca\/wp-json\/wp\/v2\/types\/post"}],"author":[{"embeddable":true,"href":"https:\/\/www.conselharan.org\/ca\/wp-json\/wp\/v2\/users\/2"}],"replies":[{"embeddable":true,"href":"https:\/\/www.conselharan.org\/ca\/wp-json\/wp\/v2\/comments?post=66355"}],"version-history":[{"count":3,"href":"https:\/\/www.conselharan.org\/ca\/wp-json\/wp\/v2\/posts\/66355\/revisions"}],"predecessor-version":[{"id":66358,"href":"https:\/\/www.conselharan.org\/ca\/wp-json\/wp\/v2\/posts\/66355\/revisions\/66358"}],"wp:featuredmedia":[{"embeddable":true,"href":"https:\/\/www.conselharan.org\/ca\/wp-json\/wp\/v2\/media\/66350"}],"wp:attachment":[{"href":"https:\/\/www.conselharan.org\/ca\/wp-json\/wp\/v2\/media?parent=66355"}],"wp:term":[{"taxonomy":"category","embeddable":true,"href":"https:\/\/www.conselharan.org\/ca\/wp-json\/wp\/v2\/categories?post=66355"},{"taxonomy":"post_tag","embeddable":true,"href":"https:\/\/www.conselharan.org\/ca\/wp-json\/wp\/v2\/tags?post=66355"}],"curies":[{"name":"wp","href":"https:\/\/api.w.org\/{rel}","templated":true}]}}