{"id":66397,"date":"2026-03-13T14:46:57","date_gmt":"2026-03-13T13:46:57","guid":{"rendered":"https:\/\/www.conselharan.org\/?p=66397"},"modified":"2026-03-13T14:46:57","modified_gmt":"2026-03-13T13:46:57","slug":"sha-aprovat-la-norma-reguladora-per-a-leleccio-i-nomenament-dels-representants-del-personal-voluntari-del-cos-de-pompiers-daran","status":"publish","type":"post","link":"https:\/\/www.conselharan.org\/ca\/sha-aprovat-la-norma-reguladora-per-a-leleccio-i-nomenament-dels-representants-del-personal-voluntari-del-cos-de-pompiers-daran\/","title":{"rendered":"S\u2019ha aprovat la norma reguladora per a l\u2019elecci\u00f3 i nomenament dels representants del personal voluntari del Cos de Pompi\u00e8rs d\u2019Aran"},"content":{"rendered":"<ul>\n<li data-start=\"132\" data-end=\"635\">\n<h3><strong>El Ple del Conselh Generau d\u2019Aran ha aprovat avui la regulaci\u00f3 per a l\u2019elecci\u00f3 dels representants del personal voluntari dels Pompi\u00e8rs d\u2019Aran que ostentaran la representaci\u00f3 del col\u00b7lectiu voluntari davant de la resta d\u2019estaments.<\/strong><\/h3>\n<\/li>\n<li data-start=\"132\" data-end=\"635\">\n<h3><strong>Despr\u00e9s de la creaci\u00f3 del Cos de Pompi\u00e8rs d\u2019Aran, en el marc del desplegament competencial del trasp\u00e0s en mat\u00e8ria d\u2019emerg\u00e8ncies, extinci\u00f3 d\u2019incendis, protecci\u00f3 civil i prevenci\u00f3, amb aquesta formalitat s\u2019avan\u00e7a en la regulaci\u00f3 del personal voluntari d\u2019aquest sector.<\/strong><\/h3>\n<\/li>\n<\/ul>\n<p>L\u2019aprovaci\u00f3 de la norma reguladora de l\u2019elecci\u00f3 i nomenament de les persones representants del personal voluntari del Cos de Pompi\u00e8rs d\u2019Aran t\u00e9 com a objecte l\u2019establiment de totes les accions necess\u00e0ries per a l\u2019elecci\u00f3 i nomenament de les persones representants del col\u00b7lectiu voluntari del Cos de Pompi\u00e8rs d\u2019Aran. Aix\u00ed mateix, inclou la designaci\u00f3 de les persones responsables de la seva promoci\u00f3 i nomenament, la definici\u00f3 del cens electoral, el procediment electoral i la forma de resoluci\u00f3 de possibles reclamacions o impugnacions d\u2019aquest.<\/p>\n<p data-start=\"1185\" data-end=\"1465\">\u201cAmb aquesta norma fem un pas m\u00e9s en la regulaci\u00f3 del col\u00b7lectiu voluntari dels Pompi\u00e8rs d\u2019Aran despr\u00e9s d\u2019haver assolit el trasp\u00e0s competencial en aquest \u00e0mbit i desenvolupar el sistema propi d\u2019emerg\u00e8ncies a trav\u00e9s de personal laboral\u201d, ha afirmat la s\u00edndica d\u2019Aran, Maria Verg\u00e9s.<\/p>\n<p data-start=\"1467\" data-end=\"1886\">Aix\u00ed mateix, el Govern d\u2019Aran, conscient de la import\u00e0ncia del voluntariat als Pompi\u00e8rs d\u2019Aran i, tal com tamb\u00e9 remarca la Llei d\u2019Aran, impulsar\u00e0 a trav\u00e9s de Pompi\u00e8rs Emerg\u00e8ncies les formalitats per desenvolupar all\u00f2 que estableix la creaci\u00f3 del Cos, com poden ser la convocat\u00f2ria de places de voluntariat o l\u2019oferta de la formaci\u00f3 necess\u00e0ria, q\u00fcestions que tamb\u00e9 estan condicionades a la disponibilitat de finan\u00e7ament.<\/p>\n<p data-start=\"1888\" data-end=\"1915\" data-is-last-node=\"\" data-is-only-node=\"\"><em>Vielha, 13 de mar\u00e7 de 2026<\/em><\/p>\n ","protected":false},"excerpt":{"rendered":"<p>El Ple del Conselh Generau d\u2019Aran ha aprovat avui la regulaci\u00f3 per a l\u2019elecci\u00f3 dels representants del personal voluntari dels Pompi\u00e8rs d\u2019Aran que ostentaran la representaci\u00f3 del col\u00b7lectiu voluntari davant de la resta d\u2019estaments. Despr\u00e9s de la creaci\u00f3 del Cos de Pompi\u00e8rs d\u2019Aran, en el marc del desplegament competencial del trasp\u00e0s en mat\u00e8ria d\u2019emerg\u00e8ncies, extinci\u00f3&#8230;<\/p>\n","protected":false},"author":2,"featured_media":0,"comment_status":"closed","ping_status":"closed","sticky":false,"template":"","format":"standard","meta":{"footnotes":""},"categories":[53,33,146,36],"tags":[],"_links":{"self":[{"href":"https:\/\/www.conselharan.org\/ca\/wp-json\/wp\/v2\/posts\/66397"}],"collection":[{"href":"https:\/\/www.conselharan.org\/ca\/wp-json\/wp\/v2\/posts"}],"about":[{"href":"https:\/\/www.conselharan.org\/ca\/wp-json\/wp\/v2\/types\/post"}],"author":[{"embeddable":true,"href":"https:\/\/www.conselharan.org\/ca\/wp-json\/wp\/v2\/users\/2"}],"replies":[{"embeddable":true,"href":"https:\/\/www.conselharan.org\/ca\/wp-json\/wp\/v2\/comments?post=66397"}],"version-history":[{"count":1,"href":"https:\/\/www.conselharan.org\/ca\/wp-json\/wp\/v2\/posts\/66397\/revisions"}],"predecessor-version":[{"id":66398,"href":"https:\/\/www.conselharan.org\/ca\/wp-json\/wp\/v2\/posts\/66397\/revisions\/66398"}],"wp:attachment":[{"href":"https:\/\/www.conselharan.org\/ca\/wp-json\/wp\/v2\/media?parent=66397"}],"wp:term":[{"taxonomy":"category","embeddable":true,"href":"https:\/\/www.conselharan.org\/ca\/wp-json\/wp\/v2\/categories?post=66397"},{"taxonomy":"post_tag","embeddable":true,"href":"https:\/\/www.conselharan.org\/ca\/wp-json\/wp\/v2\/tags?post=66397"}],"curies":[{"name":"wp","href":"https:\/\/api.w.org\/{rel}","templated":true}]}}